{"id":4927,"date":"2016-11-05T19:09:57","date_gmt":"2016-11-05T18:09:57","guid":{"rendered":"http:\/\/www.huelvaysusfotografos.com\/?p=4927"},"modified":"2016-11-05T19:09:57","modified_gmt":"2016-11-05T18:09:57","slug":"pecados-capitales-en-el-codac-gibraleon","status":"publish","type":"post","link":"https:\/\/www.huelvaysusfotografos.com\/?p=4927","title":{"rendered":"Pecados Capitales en el CODAC, Gibrale\u00f3n"},"content":{"rendered":"<p><a href=\"https:\/\/www.huelvaysusfotografos.com\/wp-content\/uploads\/2016\/11\/pecados.jpg\" rel=\"attachment wp-att-4928\"><img loading=\"lazy\" decoding=\"async\" width=\"212\" height=\"300\" class=\"aligncenter size-medium wp-image-4928\" src=\"https:\/\/www.huelvaysusfotografos.com\/wp-content\/uploads\/2016\/11\/pecados-212x300.jpg\" alt=\"pecados\" srcset=\"https:\/\/www.huelvaysusfotografos.com\/wp-content\/uploads\/2016\/11\/pecados-212x300.jpg 212w, https:\/\/www.huelvaysusfotografos.com\/wp-content\/uploads\/2016\/11\/pecados.jpg 279w\" sizes=\"auto, (max-width: 212px) 100vw, 212px\" \/><\/a><\/p>\n<div class=\"page\" style=\"text-align: justify;\" title=\"Page 1\"><span style=\"color: #000000;\">\u00ab7 PECADOS CAPITALES\u00bb es el t\u00edtulo de la exposici\u00f3n que el s\u00e1bado 5 de noviembre inauguramos a las 20:00 horas, en el Centro Olontense de Arte Contempor\u00e1neo (Gibrale\u00f3n- Huelva). Parte de esta exposici\u00f3n ya fue expuesta hace dos a\u00f1os en la Sala V\u00e1zquez D\u00edaz de la Casa Col\u00f3n (Huelva) pero que en esta ocasi\u00f3n viene con nuevas obras fotogr\u00e1ficas.\u00a0<\/span><\/div>\n<div class=\"page\" style=\"text-align: justify;\" title=\"Page 1\"><\/div>\n<p style=\"text-align: justify; line-height: 12.8pt; background: white; margin: 0cm 0cm 16.2pt 0cm;\"><em>M\u00e1s all\u00e1 del com\u00fan estereotipo, los \u201cPecados Capitales\u201d representan extensiones m\u00e1s o menos desafortunadas de la misma condici\u00f3n humana llevadas al extremo. Cuesti\u00f3n diferente es la interpretaci\u00f3n que desde el poder al uso se le ha pretendido dar a lo largo de la historia.\u00a0<\/em><em>La Asociaci\u00f3n Huelva y sus fot\u00f3grafos afrontan esta nueva cita colectiva, desde la visi\u00f3n m\u00e1s personal af\u00edn a cada autor, sorteando las vicisitudes propias de un proyecto m\u00e1s complejo de lo que en un primer instante podr\u00eda parecer.\u00a0<\/em><em>A\u00fan hoy, seguimos sin saber, y mucho menos a\u00fan ponernos de acuerdo en determinar que parte de nuestra \u201ccondici\u00f3n humana\u201d es la usual y cual la desacertada.<\/em><\/p>\n<p><em>\u201c\u00bfEs usted un demonio? Soy un hombre.Y por lo tanto tengo dentro de m\u00ed todos los demonios\u201d.\u00a0Chesterton.\u00a01936<\/em><\/p>\n<p>&nbsp;<\/p>\n<p>Los visitantes podr\u00e1n disfrutar de las obras de 23 de nuestros socios y socias, conteniendo un total de 36 fotograf\u00edas:<\/p>\n<ol>\n<li><strong>Juana Mart\u00edn<\/strong><\/li>\n<li><strong>Carmelo V\u00e1zquez<\/strong><\/li>\n<li><strong>Carmen Torres Chaguaceda<\/strong><\/li>\n<li><strong>Caye Santana<\/strong><\/li>\n<li><strong>Juan Lobo<\/strong><\/li>\n<li><strong>Flor N\u00fa\u00f1ez<\/strong><\/li>\n<li><strong>Pilar Rodr\u00edguez Barranco<\/strong><\/li>\n<li><strong>Cecilia Gilabert<\/strong><\/li>\n<li><strong>Pedro J. Ruiz-Constantino<\/strong><\/li>\n<li><strong>Paco Gil<\/strong><\/li>\n<li><strong>Mari Carmen Mac\u00edas<\/strong><\/li>\n<li><strong>Joaqu\u00edn P\u00e9rez <\/strong><\/li>\n<li><strong>Aurora Mart\u00edn <\/strong><\/li>\n<li><strong>Roc\u00edo Escudero Alfonso<\/strong><\/li>\n<li><strong>Amaya S<\/strong><\/li>\n<li><strong>Mat\u00edas Brea<\/strong><\/li>\n<li><strong>Elena S\u00e1nchez Balonga<\/strong><\/li>\n<li><strong>Carolina Luengo<\/strong><\/li>\n<li><strong>Mar\u00eda Jos\u00e9 Cabello D\u00edaz<\/strong><\/li>\n<li><strong> Manolo Silva <\/strong><\/li>\n<li><strong>Alicia Clerencia <\/strong><\/li>\n<li><strong>Alejandro Pic\u00f3n<\/strong><\/li>\n<li><strong>Fran Borges<\/strong><\/li>\n<\/ol>\n<p>&nbsp;<\/p>\n<p><span style=\"text-align: justify;\">Geolocalizaci\u00f3n del CODAC:<\/span><\/p>\n<p><a href=\"http:\/\/www.cartogiraffe.com\/espa\u00f1a\/andaluc%C3%ADa\/provincia+de+huelva\/gibrale\u00f3n\/centro+olontense+de+arte+contempor\u00e1neo+-+codac\/#17,37.375437,-6.9645667\">http:\/\/www.cartogiraffe.com\/espa\u00f1a\/andaluc%C3%ADa\/provincia+de+huelva\/gibrale\u00f3n\/centro+olontense+de+arte+contempor\u00e1neo+-+codac\/#17,37.375437,-6.9645667<\/a><\/p>\n<div class=\"page\" title=\"Page 1\"><\/div>\n","protected":false},"excerpt":{"rendered":"<p>\u00ab7 PECADOS CAPITALES\u00bb es el t\u00edtulo de la exposici\u00f3n que el s\u00e1bado 5 de noviembre inauguramos a las 20:00 horas, en el Centro Olontense de Arte Contempor\u00e1neo (Gibrale\u00f3n- Huelva). Parte de esta exposici\u00f3n ya fue expuesta hace dos a\u00f1os en la Sala V\u00e1zquez D\u00edaz de la Casa Col\u00f3n (Huelva) pero que en esta ocasi\u00f3n viene con nuevas obras fotogr\u00e1ficas.\u00a0 M\u00e1s all\u00e1 del com\u00fan estereotipo, los \u201cPecados Capitales\u201d representan extensiones m\u00e1s<\/p>\n<div class=\"belowpost\"><a class=\"btnmore\" href=\"https:\/\/www.huelvaysusfotografos.com\/?p=4927\">Seguir leyendo<\/a><\/div>\n","protected":false},"author":41,"featured_media":4928,"comment_status":"open","ping_status":"open","sticky":false,"template":"","format":"standard","meta":{"footnotes":"","_links_to":"","_links_to_target":""},"categories":[23],"tags":[],"class_list":["post-4927","post","type-post","status-publish","format-standard","has-post-thumbnail","hentry","category-exposiciones"],"_links":{"self":[{"href":"https:\/\/www.huelvaysusfotografos.com\/index.php?rest_route=\/wp\/v2\/posts\/4927","targetHints":{"allow":["GET"]}}],"collection":[{"href":"https:\/\/www.huelvaysusfotografos.com\/index.php?rest_route=\/wp\/v2\/posts"}],"about":[{"href":"https:\/\/www.huelvaysusfotografos.com\/index.php?rest_route=\/wp\/v2\/types\/post"}],"author":[{"embeddable":true,"href":"https:\/\/www.huelvaysusfotografos.com\/index.php?rest_route=\/wp\/v2\/users\/41"}],"replies":[{"embeddable":true,"href":"https:\/\/www.huelvaysusfotografos.com\/index.php?rest_route=%2Fwp%2Fv2%2Fcomments&post=4927"}],"version-history":[{"count":1,"href":"https:\/\/www.huelvaysusfotografos.com\/index.php?rest_route=\/wp\/v2\/posts\/4927\/revisions"}],"predecessor-version":[{"id":4929,"href":"https:\/\/www.huelvaysusfotografos.com\/index.php?rest_route=\/wp\/v2\/posts\/4927\/revisions\/4929"}],"wp:featuredmedia":[{"embeddable":true,"href":"https:\/\/www.huelvaysusfotografos.com\/index.php?rest_route=\/wp\/v2\/media\/4928"}],"wp:attachment":[{"href":"https:\/\/www.huelvaysusfotografos.com\/index.php?rest_route=%2Fwp%2Fv2%2Fmedia&parent=4927"}],"wp:term":[{"taxonomy":"category","embeddable":true,"href":"https:\/\/www.huelvaysusfotografos.com\/index.php?rest_route=%2Fwp%2Fv2%2Fcategories&post=4927"},{"taxonomy":"post_tag","embeddable":true,"href":"https:\/\/www.huelvaysusfotografos.com\/index.php?rest_route=%2Fwp%2Fv2%2Ftags&post=4927"}],"curies":[{"name":"wp","href":"https:\/\/api.w.org\/{rel}","templated":true}]}}