{"id":4921,"date":"2016-11-05T18:54:05","date_gmt":"2016-11-05T17:54:05","guid":{"rendered":"http:\/\/www.huelvaysusfotografos.com\/?p=4921"},"modified":"2016-11-05T18:54:05","modified_gmt":"2016-11-05T17:54:05","slug":"tertulia-3-nov-con-jesus-amador","status":"publish","type":"post","link":"https:\/\/www.huelvaysusfotografos.com\/?p=4921","title":{"rendered":"Tertulia (3 nov) con Jes\u00fas Amador"},"content":{"rendered":"<p style=\"text-align: justify;\">La tarde del jueves 3 de noviembre, tuvimos\u00a0\u00a0nuestra habitual tertulia del primer jueves del mes, en la Casa de la Juventud La Ruta, Huelva.<\/p>\n<p style=\"text-align: justify;\">Nuestro tertuliano fue Jes\u00fas Amador (Huelva, 1979), su v\u00ednculo con la fotograf\u00eda surge de sus estudios en la Escuela de Arte Le\u00f3n Ortega de la ciudad, donde se sinti\u00f3 atra\u00eddo por las artes gr\u00e1ficas y el dibujo, que le llevaron a estudiar\u00a0Delineaci\u00f3n. Seg\u00fan nos cuenta, las dos dimensiones se le quedaban cortas y pronto inici\u00f3, de manera autodidacta, el dise\u00f1o tridimensional que aplic\u00f3 a un proyecto empresarial con fines publicitarios. Y ah\u00ed es cuando surge la necesidad de formarse en el campo de la fotograf\u00eda, esto que hab\u00eda sido un complemento laboral, pronto lo conquist\u00f3 personalmente hasta el punto de dejarlo todo y dedicarse a ello. Su pasi\u00f3n por el viajar y documentar la vida cotidiana ha sido la dominante en la vida de Jes\u00fas durante a\u00f1os. Viaja a Grecia, Pakist\u00e1n, Cuba, Italia, Jap\u00f3n, Marruecos, Uganda&#8230; y se trae consigo\u00a0im\u00e1genes de lugares y gentes que va conociendo vivencialmente.<\/p>\n<p style=\"text-align: justify;\">Resultado a destacar de su trabajo fotogr\u00e1fico es el galard\u00f3n concedido por National Geographic con una de sus fotos de Venecia, adem\u00e1s de otros premios y becas.<\/p>\n<p style=\"text-align: justify;\">En la actualidad tiene entre manos un libro solidario, cuyo trabajo se centra en documentar el proyecto que una ONG desarrolla en Uganda, aunque tardaremos en verlo ya que otras pasiones lo tienen ocupado en la actualidad.<\/p>\n<p><img loading=\"lazy\" decoding=\"async\" width=\"200\" height=\"300\" class=\"aligncenter size-medium wp-image-4925\" src=\"https:\/\/www.huelvaysusfotografos.com\/wp-content\/uploads\/2016\/11\/tertulia-Jes\u00fas-Amador-200x300.jpg\" alt=\"tertulia-jesus-amador\" srcset=\"https:\/\/www.huelvaysusfotografos.com\/wp-content\/uploads\/2016\/11\/tertulia-Jes\u00fas-Amador-200x300.jpg 200w, https:\/\/www.huelvaysusfotografos.com\/wp-content\/uploads\/2016\/11\/tertulia-Jes\u00fas-Amador.jpg 667w\" sizes=\"auto, (max-width: 200px) 100vw, 200px\" \/><\/p>\n<p style=\"text-align: justify;\">En el desarrollo de la tertulia hemos disfrutado del personal punto de vista de Jesus Amador y su experiencia con la fotograf\u00eda de viajes, con sus im\u00e1genes hemos visitado Jap\u00f3n, Creta, Uganda, Pakist\u00e1n&#8230;. una b\u00fasqueda de s\u00ed, una b\u00fasqueda de la diferencia y de lo que nos une como seres humanos en diferentes puntos del planeta.<\/p>\n<p style=\"text-align: justify;\">La asistencia fue genial, aproximadamente 50 tertulianos comprendidos entre un grupo de nuestros socios y socias, el grupo del Taller Municipal de Fotograf\u00eda del Programa Cultura de Barrios y alumnado de la Escuela de Artes Le\u00f3n Ortega, adem\u00e1s de personas particulares que quisieron sumarse. Muchos de ellos con interesantes preguntas que surgen tras la charla<\/p>\n<p>&nbsp;<\/p>\n<p><a href=\"https:\/\/www.huelvaysusfotografos.com\/wp-content\/uploads\/2016\/11\/1.jpg\" rel=\"attachment wp-att-4922\"><br \/>\n<\/a> <a href=\"https:\/\/www.huelvaysusfotografos.com\/wp-content\/uploads\/2016\/11\/2.jpg\" rel=\"attachment wp-att-4923\"><img loading=\"lazy\" decoding=\"async\" width=\"300\" height=\"225\" class=\"aligncenter size-medium wp-image-4923\" src=\"https:\/\/www.huelvaysusfotografos.com\/wp-content\/uploads\/2016\/11\/2-300x225.jpg\" alt=\"2\" srcset=\"https:\/\/www.huelvaysusfotografos.com\/wp-content\/uploads\/2016\/11\/2-300x225.jpg 300w, https:\/\/www.huelvaysusfotografos.com\/wp-content\/uploads\/2016\/11\/2-1024x768.jpg 1024w, https:\/\/www.huelvaysusfotografos.com\/wp-content\/uploads\/2016\/11\/2-768x576.jpg 768w, https:\/\/www.huelvaysusfotografos.com\/wp-content\/uploads\/2016\/11\/2-160x120.jpg 160w, https:\/\/www.huelvaysusfotografos.com\/wp-content\/uploads\/2016\/11\/2.jpg 1224w\" sizes=\"auto, (max-width: 300px) 100vw, 300px\" \/><\/a><\/p>\n<p style=\"text-align: center;\">Foto: Juana Mart\u00edn<a href=\"https:\/\/www.huelvaysusfotografos.com\/wp-content\/uploads\/2016\/11\/3.jpg\" rel=\"attachment wp-att-4924\"><br \/>\n<\/a> <a href=\"https:\/\/www.huelvaysusfotografos.com\/wp-content\/uploads\/2016\/11\/tertulia-Jes\u00fas-Amador.jpg\" rel=\"attachment wp-att-4925\"><br \/>\n<\/a><\/p>\n","protected":false},"excerpt":{"rendered":"<p>La tarde del jueves 3 de noviembre, tuvimos\u00a0\u00a0nuestra habitual tertulia del primer jueves del mes, en la Casa de la Juventud La Ruta, Huelva. Nuestro tertuliano fue Jes\u00fas Amador (Huelva, 1979), su v\u00ednculo con la fotograf\u00eda surge de sus estudios en la Escuela de Arte Le\u00f3n Ortega de la ciudad, donde se sinti\u00f3 atra\u00eddo por las artes gr\u00e1ficas y el dibujo, que le llevaron a estudiar\u00a0Delineaci\u00f3n. Seg\u00fan nos cuenta, las<\/p>\n<div class=\"belowpost\"><a class=\"btnmore\" href=\"https:\/\/www.huelvaysusfotografos.com\/?p=4921\">Seguir leyendo<\/a><\/div>\n","protected":false},"author":41,"featured_media":4924,"comment_status":"open","ping_status":"open","sticky":false,"template":"","format":"standard","meta":{"footnotes":"","_links_to":"","_links_to_target":""},"categories":[32],"tags":[],"class_list":["post-4921","post","type-post","status-publish","format-standard","has-post-thumbnail","hentry","category-tertulias"],"_links":{"self":[{"href":"https:\/\/www.huelvaysusfotografos.com\/index.php?rest_route=\/wp\/v2\/posts\/4921","targetHints":{"allow":["GET"]}}],"collection":[{"href":"https:\/\/www.huelvaysusfotografos.com\/index.php?rest_route=\/wp\/v2\/posts"}],"about":[{"href":"https:\/\/www.huelvaysusfotografos.com\/index.php?rest_route=\/wp\/v2\/types\/post"}],"author":[{"embeddable":true,"href":"https:\/\/www.huelvaysusfotografos.com\/index.php?rest_route=\/wp\/v2\/users\/41"}],"replies":[{"embeddable":true,"href":"https:\/\/www.huelvaysusfotografos.com\/index.php?rest_route=%2Fwp%2Fv2%2Fcomments&post=4921"}],"version-history":[{"count":1,"href":"https:\/\/www.huelvaysusfotografos.com\/index.php?rest_route=\/wp\/v2\/posts\/4921\/revisions"}],"predecessor-version":[{"id":4926,"href":"https:\/\/www.huelvaysusfotografos.com\/index.php?rest_route=\/wp\/v2\/posts\/4921\/revisions\/4926"}],"wp:featuredmedia":[{"embeddable":true,"href":"https:\/\/www.huelvaysusfotografos.com\/index.php?rest_route=\/wp\/v2\/media\/4924"}],"wp:attachment":[{"href":"https:\/\/www.huelvaysusfotografos.com\/index.php?rest_route=%2Fwp%2Fv2%2Fmedia&parent=4921"}],"wp:term":[{"taxonomy":"category","embeddable":true,"href":"https:\/\/www.huelvaysusfotografos.com\/index.php?rest_route=%2Fwp%2Fv2%2Fcategories&post=4921"},{"taxonomy":"post_tag","embeddable":true,"href":"https:\/\/www.huelvaysusfotografos.com\/index.php?rest_route=%2Fwp%2Fv2%2Ftags&post=4921"}],"curies":[{"name":"wp","href":"https:\/\/api.w.org\/{rel}","templated":true}]}}