{"id":4910,"date":"2016-10-13T14:35:27","date_gmt":"2016-10-13T13:35:27","guid":{"rendered":"http:\/\/www.huelvaysusfotografos.com\/?p=4910"},"modified":"2017-01-01T21:45:15","modified_gmt":"2017-01-01T20:45:15","slug":"4o-aniversario-de-nuestra-asociacion","status":"publish","type":"post","link":"https:\/\/www.huelvaysusfotografos.com\/?p=4910","title":{"rendered":"4\u00ba ANIVERSARIO DE NUESTRA ASOCIACI\u00d3N"},"content":{"rendered":"<p>La Asociaci\u00f3n Huelva y sus Fot\u00f3grafos, como todos los a\u00f1os desde su creaci\u00f3n, celebra su\u00a04\u00aa Aniversario de vida. El acto ser\u00e1 el s\u00e1bado 15 de octubre, a las 19:00 horas, en la Sala de Chimeneas de la Casa Col\u00f3n. Huelva<\/p>\n<p>Ser\u00e1 un acto amigable al que est\u00e1n invitados todos nuestros\/as socios\/as y amantes de la fotograf\u00eda. \u00a0Un acto emotivo por el homenaje p\u00f3stumo que haremos a Pedro Delgado, aficionado a la fotograf\u00eda, amigo o conocido por muchos de nosotros y del mundo del toro. \u00a0Ser\u00e1 un momento para reconocer la trayectoria de una de nuestras socias, Carmen P\u00e9rez, donde podremos conocerla un poco m\u00e1s y ver su trabajo.\u00a0Ser\u00e1 un momento donde compartiremos nuestras mejores im\u00e1genes con los asistentes, en la proyecci\u00f3n de las fotograf\u00edas de los\/s socios\/as, como viene siendo habitual.\u00a0Finalizaremos con alegr\u00eda compartiendo un momento de aperitivo y charla.<\/p>\n<p>Os esperamos!<\/p>\n<p>&nbsp;<\/p>\n<p><a href=\"https:\/\/www.huelvaysusfotografos.com\/wp-content\/uploads\/2016\/10\/Cartel-4\u00ba-Aniversario.jpg\" rel=\"attachment wp-att-4911\"><img loading=\"lazy\" decoding=\"async\" width=\"207\" height=\"300\" class=\"aligncenter size-medium wp-image-4911\" src=\"https:\/\/www.huelvaysusfotografos.com\/wp-content\/uploads\/2016\/10\/Cartel-4\u00ba-Aniversario-207x300.jpg\" alt=\"cartel-4o-aniversario\" srcset=\"https:\/\/www.huelvaysusfotografos.com\/wp-content\/uploads\/2016\/10\/Cartel-4\u00ba-Aniversario-207x300.jpg 207w, https:\/\/www.huelvaysusfotografos.com\/wp-content\/uploads\/2016\/10\/Cartel-4\u00ba-Aniversario-707x1024.jpg 707w, https:\/\/www.huelvaysusfotografos.com\/wp-content\/uploads\/2016\/10\/Cartel-4\u00ba-Aniversario-768x1112.jpg 768w, https:\/\/www.huelvaysusfotografos.com\/wp-content\/uploads\/2016\/10\/Cartel-4\u00ba-Aniversario-1061x1536.jpg 1061w, https:\/\/www.huelvaysusfotografos.com\/wp-content\/uploads\/2016\/10\/Cartel-4\u00ba-Aniversario-1414x2048.jpg 1414w, https:\/\/www.huelvaysusfotografos.com\/wp-content\/uploads\/2016\/10\/Cartel-4\u00ba-Aniversario-scaled.jpg 1768w\" sizes=\"auto, (max-width: 207px) 100vw, 207px\" \/><\/a><\/p>\n","protected":false},"excerpt":{"rendered":"<p>La Asociaci\u00f3n Huelva y sus Fot\u00f3grafos, como todos los a\u00f1os desde su creaci\u00f3n, celebra su\u00a04\u00aa Aniversario de vida. El acto ser\u00e1 el s\u00e1bado 15 de octubre, a las 19:00 horas, en la Sala de Chimeneas de la Casa Col\u00f3n. Huelva Ser\u00e1 un acto amigable al que est\u00e1n invitados todos nuestros\/as socios\/as y amantes de la fotograf\u00eda. \u00a0Un acto emotivo por el homenaje p\u00f3stumo que haremos a Pedro Delgado, aficionado a<\/p>\n<div class=\"belowpost\"><a class=\"btnmore\" href=\"https:\/\/www.huelvaysusfotografos.com\/?p=4910\">Seguir leyendo<\/a><\/div>\n","protected":false},"author":41,"featured_media":4912,"comment_status":"open","ping_status":"open","sticky":false,"template":"","format":"standard","meta":{"footnotes":"","_links_to":"","_links_to_target":""},"categories":[3],"tags":[],"class_list":["post-4910","post","type-post","status-publish","format-standard","has-post-thumbnail","hentry","category-noticias"],"_links":{"self":[{"href":"https:\/\/www.huelvaysusfotografos.com\/index.php?rest_route=\/wp\/v2\/posts\/4910","targetHints":{"allow":["GET"]}}],"collection":[{"href":"https:\/\/www.huelvaysusfotografos.com\/index.php?rest_route=\/wp\/v2\/posts"}],"about":[{"href":"https:\/\/www.huelvaysusfotografos.com\/index.php?rest_route=\/wp\/v2\/types\/post"}],"author":[{"embeddable":true,"href":"https:\/\/www.huelvaysusfotografos.com\/index.php?rest_route=\/wp\/v2\/users\/41"}],"replies":[{"embeddable":true,"href":"https:\/\/www.huelvaysusfotografos.com\/index.php?rest_route=%2Fwp%2Fv2%2Fcomments&post=4910"}],"version-history":[{"count":2,"href":"https:\/\/www.huelvaysusfotografos.com\/index.php?rest_route=\/wp\/v2\/posts\/4910\/revisions"}],"predecessor-version":[{"id":4983,"href":"https:\/\/www.huelvaysusfotografos.com\/index.php?rest_route=\/wp\/v2\/posts\/4910\/revisions\/4983"}],"wp:featuredmedia":[{"embeddable":true,"href":"https:\/\/www.huelvaysusfotografos.com\/index.php?rest_route=\/wp\/v2\/media\/4912"}],"wp:attachment":[{"href":"https:\/\/www.huelvaysusfotografos.com\/index.php?rest_route=%2Fwp%2Fv2%2Fmedia&parent=4910"}],"wp:term":[{"taxonomy":"category","embeddable":true,"href":"https:\/\/www.huelvaysusfotografos.com\/index.php?rest_route=%2Fwp%2Fv2%2Fcategories&post=4910"},{"taxonomy":"post_tag","embeddable":true,"href":"https:\/\/www.huelvaysusfotografos.com\/index.php?rest_route=%2Fwp%2Fv2%2Ftags&post=4910"}],"curies":[{"name":"wp","href":"https:\/\/api.w.org\/{rel}","templated":true}]}}