{"id":4902,"date":"2016-10-07T16:05:49","date_gmt":"2016-10-07T15:05:49","guid":{"rendered":"http:\/\/www.huelvaysusfotografos.com\/?p=4902"},"modified":"2016-10-07T16:05:49","modified_gmt":"2016-10-07T15:05:49","slug":"continuamos-entregando-premios","status":"publish","type":"post","link":"https:\/\/www.huelvaysusfotografos.com\/?p=4902","title":{"rendered":"Continuamos entregando premios&#8230;"},"content":{"rendered":"<p class=\"topic-subject-heading\">Qued\u00f3 pendiente la entrega de los premios de J. Mat\u00edas Brea, \u00a0ganador del\u00a0<span id=\"yui_3_16_0_1_1475851771213_19056\" class=\"topic-subject\">Concurso tem\u00e1tico de abril del grupo \u00abHuelva y sus Fot\u00f3grafos\u00bb de Flickr: Pasi\u00f3n por la Semana Santa.\u00a0<\/span><\/p>\n<p><a href=\"https:\/\/www.huelvaysusfotografos.com\/wp-content\/uploads\/2016\/10\/Captura-de-pantalla-2016-10-07-a-las-16.50.52.png\" rel=\"attachment wp-att-4903\"><br \/>\n<\/a> <a href=\"https:\/\/www.huelvaysusfotografos.com\/wp-content\/uploads\/2016\/10\/Captura-de-pantalla-2016-10-07-a-las-16.52.11.png\" rel=\"attachment wp-att-4904\"><img loading=\"lazy\" decoding=\"async\" width=\"300\" height=\"198\" class=\"aligncenter size-medium wp-image-4904\" src=\"https:\/\/www.huelvaysusfotografos.com\/wp-content\/uploads\/2016\/10\/Captura-de-pantalla-2016-10-07-a-las-16.52.11-300x198.png\" alt=\"captura-de-pantalla-2016-10-07-a-las-16-52-11\" srcset=\"https:\/\/www.huelvaysusfotografos.com\/wp-content\/uploads\/2016\/10\/Captura-de-pantalla-2016-10-07-a-las-16.52.11-300x198.png 300w, https:\/\/www.huelvaysusfotografos.com\/wp-content\/uploads\/2016\/10\/Captura-de-pantalla-2016-10-07-a-las-16.52.11-768x507.png 768w, https:\/\/www.huelvaysusfotografos.com\/wp-content\/uploads\/2016\/10\/Captura-de-pantalla-2016-10-07-a-las-16.52.11-120x80.png 120w, https:\/\/www.huelvaysusfotografos.com\/wp-content\/uploads\/2016\/10\/Captura-de-pantalla-2016-10-07-a-las-16.52.11.png 995w\" sizes=\"auto, (max-width: 300px) 100vw, 300px\" \/><\/a><\/p>\n<p style=\"text-align: center;\">Foto premiada de J. Mat\u00edas Brea<\/p>\n<p style=\"text-align: center;\"><a href=\"https:\/\/www.huelvaysusfotografos.com\/wp-content\/uploads\/2016\/10\/Entrega-Premio-Mat\u00edas.jpg\" rel=\"attachment wp-att-4907\"><img loading=\"lazy\" decoding=\"async\" width=\"300\" height=\"225\" class=\"aligncenter size-medium wp-image-4907\" src=\"https:\/\/www.huelvaysusfotografos.com\/wp-content\/uploads\/2016\/10\/Entrega-Premio-Mat\u00edas-300x225.jpg\" alt=\"entrega-premio-matias\" srcset=\"https:\/\/www.huelvaysusfotografos.com\/wp-content\/uploads\/2016\/10\/Entrega-Premio-Mat\u00edas-300x225.jpg 300w, https:\/\/www.huelvaysusfotografos.com\/wp-content\/uploads\/2016\/10\/Entrega-Premio-Mat\u00edas-160x120.jpg 160w, https:\/\/www.huelvaysusfotografos.com\/wp-content\/uploads\/2016\/10\/Entrega-Premio-Mat\u00edas.jpg 480w\" sizes=\"auto, (max-width: 300px) 100vw, 300px\" \/><\/a><\/p>\n<p style=\"text-align: center;\">En Presidente y Mat\u00edas en el momento de entrega de premio.<\/p>\n<p style=\"text-align: left;\">Tambi\u00e9n en el mes de Junio de este a\u00f1o, gan\u00f3 la imagen presentada por\u00a0Jos\u00e9 Ram\u00f3n Cazorla,\u00a0en el Concurso Flickr \u00abTu mejor foto de Mayo 2016\u00bb.<\/p>\n<p><img loading=\"lazy\" decoding=\"async\" width=\"300\" height=\"200\" class=\"aligncenter size-medium wp-image-4903\" src=\"https:\/\/www.huelvaysusfotografos.com\/wp-content\/uploads\/2016\/10\/Captura-de-pantalla-2016-10-07-a-las-16.50.52-300x200.png\" alt=\"captura-de-pantalla-2016-10-07-a-las-16-50-52\" srcset=\"https:\/\/www.huelvaysusfotografos.com\/wp-content\/uploads\/2016\/10\/Captura-de-pantalla-2016-10-07-a-las-16.50.52-300x200.png 300w, https:\/\/www.huelvaysusfotografos.com\/wp-content\/uploads\/2016\/10\/Captura-de-pantalla-2016-10-07-a-las-16.50.52-1024x682.png 1024w, https:\/\/www.huelvaysusfotografos.com\/wp-content\/uploads\/2016\/10\/Captura-de-pantalla-2016-10-07-a-las-16.50.52-768x511.png 768w, https:\/\/www.huelvaysusfotografos.com\/wp-content\/uploads\/2016\/10\/Captura-de-pantalla-2016-10-07-a-las-16.50.52-120x80.png 120w, https:\/\/www.huelvaysusfotografos.com\/wp-content\/uploads\/2016\/10\/Captura-de-pantalla-2016-10-07-a-las-16.50.52.png 1424w\" sizes=\"auto, (max-width: 300px) 100vw, 300px\" \/><\/p>\n<p style=\"text-align: center;\">Foto premiada de J.Ram\u00f3n Cazorla<\/p>\n<p><img loading=\"lazy\" decoding=\"async\" width=\"300\" height=\"201\" class=\"aligncenter size-medium wp-image-4905\" src=\"https:\/\/www.huelvaysusfotografos.com\/wp-content\/uploads\/2016\/10\/Entrega-premio-Jos\u00e9-Ram\u00f3n-Cazorla-1-300x201.jpg\" alt=\"entrega-premio-jose-ramon-cazorla\" srcset=\"https:\/\/www.huelvaysusfotografos.com\/wp-content\/uploads\/2016\/10\/Entrega-premio-Jos\u00e9-Ram\u00f3n-Cazorla-1-300x201.jpg 300w, https:\/\/www.huelvaysusfotografos.com\/wp-content\/uploads\/2016\/10\/Entrega-premio-Jos\u00e9-Ram\u00f3n-Cazorla-1-1024x685.jpg 1024w, https:\/\/www.huelvaysusfotografos.com\/wp-content\/uploads\/2016\/10\/Entrega-premio-Jos\u00e9-Ram\u00f3n-Cazorla-1-768x514.jpg 768w, https:\/\/www.huelvaysusfotografos.com\/wp-content\/uploads\/2016\/10\/Entrega-premio-Jos\u00e9-Ram\u00f3n-Cazorla-1-1536x1028.jpg 1536w, https:\/\/www.huelvaysusfotografos.com\/wp-content\/uploads\/2016\/10\/Entrega-premio-Jos\u00e9-Ram\u00f3n-Cazorla-1-2048x1371.jpg 2048w, https:\/\/www.huelvaysusfotografos.com\/wp-content\/uploads\/2016\/10\/Entrega-premio-Jos\u00e9-Ram\u00f3n-Cazorla-1-120x80.jpg 120w\" sizes=\"auto, (max-width: 300px) 100vw, 300px\" \/><\/p>\n<p style=\"text-align: center;\">Entrega de Premio por parte del Presidente de HYSF<\/p>\n<p style=\"text-align: center;\">\n<p style=\"text-align: left;\">Enhorabuena a los dos!<a href=\"https:\/\/www.huelvaysusfotografos.com\/wp-content\/uploads\/2016\/06\/logo-flickr.jpg\" rel=\"attachment wp-att-4829\"><br \/>\n<\/a><\/p>\n","protected":false},"excerpt":{"rendered":"<p>Qued\u00f3 pendiente la entrega de los premios de J. Mat\u00edas Brea, \u00a0ganador del\u00a0Concurso tem\u00e1tico de abril del grupo \u00abHuelva y sus Fot\u00f3grafos\u00bb de Flickr: Pasi\u00f3n por la Semana Santa.\u00a0 Foto premiada de J. Mat\u00edas Brea En Presidente y Mat\u00edas en el momento de entrega de premio. Tambi\u00e9n en el mes de Junio de este a\u00f1o, gan\u00f3 la imagen presentada por\u00a0Jos\u00e9 Ram\u00f3n Cazorla,\u00a0en el Concurso Flickr \u00abTu mejor foto de Mayo<\/p>\n<div class=\"belowpost\"><a class=\"btnmore\" href=\"https:\/\/www.huelvaysusfotografos.com\/?p=4902\">Seguir leyendo<\/a><\/div>\n","protected":false},"author":41,"featured_media":4829,"comment_status":"open","ping_status":"open","sticky":false,"template":"","format":"standard","meta":{"footnotes":"","_links_to":"","_links_to_target":""},"categories":[3],"tags":[],"class_list":["post-4902","post","type-post","status-publish","format-standard","has-post-thumbnail","hentry","category-noticias"],"_links":{"self":[{"href":"https:\/\/www.huelvaysusfotografos.com\/index.php?rest_route=\/wp\/v2\/posts\/4902","targetHints":{"allow":["GET"]}}],"collection":[{"href":"https:\/\/www.huelvaysusfotografos.com\/index.php?rest_route=\/wp\/v2\/posts"}],"about":[{"href":"https:\/\/www.huelvaysusfotografos.com\/index.php?rest_route=\/wp\/v2\/types\/post"}],"author":[{"embeddable":true,"href":"https:\/\/www.huelvaysusfotografos.com\/index.php?rest_route=\/wp\/v2\/users\/41"}],"replies":[{"embeddable":true,"href":"https:\/\/www.huelvaysusfotografos.com\/index.php?rest_route=%2Fwp%2Fv2%2Fcomments&post=4902"}],"version-history":[{"count":2,"href":"https:\/\/www.huelvaysusfotografos.com\/index.php?rest_route=\/wp\/v2\/posts\/4902\/revisions"}],"predecessor-version":[{"id":4908,"href":"https:\/\/www.huelvaysusfotografos.com\/index.php?rest_route=\/wp\/v2\/posts\/4902\/revisions\/4908"}],"wp:featuredmedia":[{"embeddable":true,"href":"https:\/\/www.huelvaysusfotografos.com\/index.php?rest_route=\/wp\/v2\/media\/4829"}],"wp:attachment":[{"href":"https:\/\/www.huelvaysusfotografos.com\/index.php?rest_route=%2Fwp%2Fv2%2Fmedia&parent=4902"}],"wp:term":[{"taxonomy":"category","embeddable":true,"href":"https:\/\/www.huelvaysusfotografos.com\/index.php?rest_route=%2Fwp%2Fv2%2Fcategories&post=4902"},{"taxonomy":"post_tag","embeddable":true,"href":"https:\/\/www.huelvaysusfotografos.com\/index.php?rest_route=%2Fwp%2Fv2%2Ftags&post=4902"}],"curies":[{"name":"wp","href":"https:\/\/api.w.org\/{rel}","templated":true}]}}