{"id":4889,"date":"2016-10-07T15:31:31","date_gmt":"2016-10-07T14:31:31","guid":{"rendered":"http:\/\/www.huelvaysusfotografos.com\/?p=4889"},"modified":"2016-10-07T15:32:15","modified_gmt":"2016-10-07T14:32:15","slug":"fotografias-premiadas-en-flickr-huelva-y-sus-fotografos","status":"publish","type":"post","link":"https:\/\/www.huelvaysusfotografos.com\/?p=4889","title":{"rendered":"Fotograf\u00edas premiadas en Flickr \u00abHuelva y sus Fot\u00f3grafos\u00bb"},"content":{"rendered":"<p style=\"text-align: justify;\"><a href=\"https:\/\/www.huelvaysusfotografos.com\/wp-content\/uploads\/2016\/10\/Entrega-premio-Enrique-Jerez.jpg\" rel=\"attachment wp-att-4897\"><br \/>\n<\/a> <a href=\"https:\/\/www.huelvaysusfotografos.com\/wp-content\/uploads\/2016\/10\/Entrega-premio-Marcos-GM.jpg\" rel=\"attachment wp-att-4899\"><br \/>\n<\/a>Nuestros concursos en Flickr \u00abHuelva y sus Fot\u00f3grafos\u00bb vuelven a tener ganadores. En el mes de septiembre ten\u00edamos abiertos, a la participaci\u00f3n de todos aquellos que lo deseen, dos concursos uno con la tem\u00e1tica \u00abFotograf\u00eda de Calle\u00bb y el ya tradicional \u00abTu mejor foto del mes\u00bb. Intentamos con estas iniciativas revitalizar la pasi\u00f3n por la fotograf\u00eda de manera compartida entre aquellos amantes de la imagen, bien sean aficionados o profesionales.<\/p>\n<p style=\"text-align: justify;\">Ya sab\u00e9is que la red Flickr fue el germen que dio lugar a nuestra Asociaci\u00f3n \u00abHuelva y sus Fot\u00f3grafos\u00bb y de manera paralela siempre hemos continuado fomentando los concursos mensuales en esta plataforma.<\/p>\n<p style=\"text-align: justify;\">En esta ocasi\u00f3n los ganadores han sido dos de nuestros socios, Marcos G\u00f3mez se ha llevado el premio a la mejor \u00abFotograf\u00eda de Calle\u00bb y Enrique Jerez a la mejor \u00abDel mes de agosto\u00bb. Os dejamos aqu\u00ed sus im\u00e1genes y momentos de la entrega de premios.<\/p>\n<p><a href=\"https:\/\/www.huelvaysusfotografos.com\/wp-content\/uploads\/2016\/10\/Captura-de-pantalla-2016-10-03-a-las-19.13.07.png\" rel=\"attachment wp-att-4890\"><img loading=\"lazy\" decoding=\"async\" width=\"201\" height=\"300\" class=\"aligncenter size-medium wp-image-4890\" src=\"https:\/\/www.huelvaysusfotografos.com\/wp-content\/uploads\/2016\/10\/Captura-de-pantalla-2016-10-03-a-las-19.13.07-201x300.png\" alt=\"captura-de-pantalla-2016-10-03-a-las-19-13-07\" srcset=\"https:\/\/www.huelvaysusfotografos.com\/wp-content\/uploads\/2016\/10\/Captura-de-pantalla-2016-10-03-a-las-19.13.07-201x300.png 201w, https:\/\/www.huelvaysusfotografos.com\/wp-content\/uploads\/2016\/10\/Captura-de-pantalla-2016-10-03-a-las-19.13.07.png 619w\" sizes=\"auto, (max-width: 201px) 100vw, 201px\" \/><\/a><\/p>\n<p style=\"text-align: center;\">Foto: Marcos G\u00f3mez<\/p>\n<p style=\"text-align: center;\"><img loading=\"lazy\" decoding=\"async\" width=\"300\" height=\"201\" class=\"aligncenter size-medium wp-image-4899\" src=\"https:\/\/www.huelvaysusfotografos.com\/wp-content\/uploads\/2016\/10\/Entrega-premio-Marcos-GM-300x201.jpg\" alt=\"entrega-premio-marcos-gm\" srcset=\"https:\/\/www.huelvaysusfotografos.com\/wp-content\/uploads\/2016\/10\/Entrega-premio-Marcos-GM-300x201.jpg 300w, https:\/\/www.huelvaysusfotografos.com\/wp-content\/uploads\/2016\/10\/Entrega-premio-Marcos-GM-1024x685.jpg 1024w, https:\/\/www.huelvaysusfotografos.com\/wp-content\/uploads\/2016\/10\/Entrega-premio-Marcos-GM-768x514.jpg 768w, https:\/\/www.huelvaysusfotografos.com\/wp-content\/uploads\/2016\/10\/Entrega-premio-Marcos-GM-1536x1028.jpg 1536w, https:\/\/www.huelvaysusfotografos.com\/wp-content\/uploads\/2016\/10\/Entrega-premio-Marcos-GM-2048x1371.jpg 2048w, https:\/\/www.huelvaysusfotografos.com\/wp-content\/uploads\/2016\/10\/Entrega-premio-Marcos-GM-120x80.jpg 120w\" sizes=\"auto, (max-width: 300px) 100vw, 300px\" \/><\/p>\n<p style=\"text-align: center;\">En la foto Marcos G\u00f3mez (premiado) y Juana Mart\u00edn (Vicepresidenta HYSF)<br \/>\n<a href=\"https:\/\/www.huelvaysusfotografos.com\/wp-content\/uploads\/2016\/10\/Captura-de-pantalla-2016-10-03-a-las-19.13.40.png\" rel=\"attachment wp-att-4891\"><img loading=\"lazy\" decoding=\"async\" width=\"201\" height=\"300\" class=\"aligncenter size-medium wp-image-4891\" src=\"https:\/\/www.huelvaysusfotografos.com\/wp-content\/uploads\/2016\/10\/Captura-de-pantalla-2016-10-03-a-las-19.13.40-201x300.png\" alt=\"captura-de-pantalla-2016-10-03-a-las-19-13-40\" srcset=\"https:\/\/www.huelvaysusfotografos.com\/wp-content\/uploads\/2016\/10\/Captura-de-pantalla-2016-10-03-a-las-19.13.40-201x300.png 201w, https:\/\/www.huelvaysusfotografos.com\/wp-content\/uploads\/2016\/10\/Captura-de-pantalla-2016-10-03-a-las-19.13.40.png 639w\" sizes=\"auto, (max-width: 201px) 100vw, 201px\" \/><\/a><\/p>\n<p style=\"text-align: center;\">Foto: Enrique Jerez<\/p>\n<p style=\"text-align: center;\"><img loading=\"lazy\" decoding=\"async\" width=\"300\" height=\"201\" class=\"aligncenter size-medium wp-image-4897\" src=\"https:\/\/www.huelvaysusfotografos.com\/wp-content\/uploads\/2016\/10\/Entrega-premio-Enrique-Jerez-300x201.jpg\" alt=\"entrega-premio-enrique-jerez\" srcset=\"https:\/\/www.huelvaysusfotografos.com\/wp-content\/uploads\/2016\/10\/Entrega-premio-Enrique-Jerez-300x201.jpg 300w, https:\/\/www.huelvaysusfotografos.com\/wp-content\/uploads\/2016\/10\/Entrega-premio-Enrique-Jerez-1024x685.jpg 1024w, https:\/\/www.huelvaysusfotografos.com\/wp-content\/uploads\/2016\/10\/Entrega-premio-Enrique-Jerez-768x514.jpg 768w, https:\/\/www.huelvaysusfotografos.com\/wp-content\/uploads\/2016\/10\/Entrega-premio-Enrique-Jerez-1536x1028.jpg 1536w, https:\/\/www.huelvaysusfotografos.com\/wp-content\/uploads\/2016\/10\/Entrega-premio-Enrique-Jerez-2048x1371.jpg 2048w, https:\/\/www.huelvaysusfotografos.com\/wp-content\/uploads\/2016\/10\/Entrega-premio-Enrique-Jerez-120x80.jpg 120w\" sizes=\"auto, (max-width: 300px) 100vw, 300px\" \/>En\u00a0la foto Enrique Jerez (premiado) y Pedro J. Ruiz-Constantino (Presidente HYSF)<\/p>\n<p style=\"text-align: left;\">Para el mes de octubre, tenemos abiertos los concursos:<\/p>\n<ul>\n<li style=\"text-align: left;\">Reflejos:\u00a0https:\/\/www.flickr.com\/groups\/huelva_y_sus_fotografos\/discuss\/72157674621130656\/<\/li>\n<li style=\"text-align: left;\">Tu mejor fotograf\u00eda de septiembre:\u00a0https:\/\/www.flickr.com\/groups\/huelva_y_sus_fotografos\/discuss\/72157671298137963\/<\/li>\n<\/ul>\n<p style=\"text-align: justify;\">Para participar s\u00f3lo tienes que mandar tus fotos (sin firmas ni marcas que te identifiquen) a huelvaysf@gmail.com, tienes hasta el 20 de octubre para participar. A partir de ese d\u00eda y hasta final de mes tendr\u00e1s que votar las fotograf\u00edas que m\u00e1s te gusten, en caso contrario quedar\u00e1s eliminado del concurso.<\/p>\n<p>Esperamos tus im\u00e1genes!!<\/p>\n","protected":false},"excerpt":{"rendered":"<p>Nuestros concursos en Flickr \u00abHuelva y sus Fot\u00f3grafos\u00bb vuelven a tener ganadores. En el mes de septiembre ten\u00edamos abiertos, a la participaci\u00f3n de todos aquellos que lo deseen, dos concursos uno con la tem\u00e1tica \u00abFotograf\u00eda de Calle\u00bb y el ya tradicional \u00abTu mejor foto del mes\u00bb. Intentamos con estas iniciativas revitalizar la pasi\u00f3n por la fotograf\u00eda de manera compartida entre aquellos amantes de la imagen, bien sean aficionados o profesionales.<\/p>\n<div class=\"belowpost\"><a class=\"btnmore\" href=\"https:\/\/www.huelvaysusfotografos.com\/?p=4889\">Seguir leyendo<\/a><\/div>\n","protected":false},"author":41,"featured_media":4829,"comment_status":"open","ping_status":"open","sticky":false,"template":"","format":"standard","meta":{"footnotes":"","_links_to":"","_links_to_target":""},"categories":[3],"tags":[],"class_list":["post-4889","post","type-post","status-publish","format-standard","has-post-thumbnail","hentry","category-noticias"],"_links":{"self":[{"href":"https:\/\/www.huelvaysusfotografos.com\/index.php?rest_route=\/wp\/v2\/posts\/4889","targetHints":{"allow":["GET"]}}],"collection":[{"href":"https:\/\/www.huelvaysusfotografos.com\/index.php?rest_route=\/wp\/v2\/posts"}],"about":[{"href":"https:\/\/www.huelvaysusfotografos.com\/index.php?rest_route=\/wp\/v2\/types\/post"}],"author":[{"embeddable":true,"href":"https:\/\/www.huelvaysusfotografos.com\/index.php?rest_route=\/wp\/v2\/users\/41"}],"replies":[{"embeddable":true,"href":"https:\/\/www.huelvaysusfotografos.com\/index.php?rest_route=%2Fwp%2Fv2%2Fcomments&post=4889"}],"version-history":[{"count":3,"href":"https:\/\/www.huelvaysusfotografos.com\/index.php?rest_route=\/wp\/v2\/posts\/4889\/revisions"}],"predecessor-version":[{"id":4901,"href":"https:\/\/www.huelvaysusfotografos.com\/index.php?rest_route=\/wp\/v2\/posts\/4889\/revisions\/4901"}],"wp:featuredmedia":[{"embeddable":true,"href":"https:\/\/www.huelvaysusfotografos.com\/index.php?rest_route=\/wp\/v2\/media\/4829"}],"wp:attachment":[{"href":"https:\/\/www.huelvaysusfotografos.com\/index.php?rest_route=%2Fwp%2Fv2%2Fmedia&parent=4889"}],"wp:term":[{"taxonomy":"category","embeddable":true,"href":"https:\/\/www.huelvaysusfotografos.com\/index.php?rest_route=%2Fwp%2Fv2%2Fcategories&post=4889"},{"taxonomy":"post_tag","embeddable":true,"href":"https:\/\/www.huelvaysusfotografos.com\/index.php?rest_route=%2Fwp%2Fv2%2Ftags&post=4889"}],"curies":[{"name":"wp","href":"https:\/\/api.w.org\/{rel}","templated":true}]}}