{"id":4863,"date":"2016-09-04T21:23:29","date_gmt":"2016-09-04T20:23:29","guid":{"rendered":"http:\/\/www.huelvaysusfotografos.com\/?p=4863"},"modified":"2016-09-06T19:53:37","modified_gmt":"2016-09-06T18:53:37","slug":"proximos-eventos-fotograficos-en-huelva-sept-2016","status":"publish","type":"post","link":"https:\/\/www.huelvaysusfotografos.com\/?p=4863","title":{"rendered":"Pr\u00f3ximos eventos fotogr\u00e1ficos en Huelva (sept. 2016)"},"content":{"rendered":"<p>Os hacemos una recopilaci\u00f3n de algunas de las actividades fotogr\u00e1ficas que conocemos que se desarrollaran pr\u00f3ximamente en Huelva. Que disfrut\u00e9is!!<\/p>\n<p>&nbsp;<\/p>\n<p>Hasta el 8\u00a0de septiembre, de 19 a 22 h. Exposici\u00f3n Fotogr\u00e1fica de Manuel Gonz\u00e1lez Flores. En la Sala Teatro del Mar de Punta Umbr\u00eda.<\/p>\n<p><a href=\"https:\/\/www.huelvaysusfotografos.com\/wp-content\/uploads\/2016\/09\/Cartel-Manuel-Gonz-Florez.jpg\" rel=\"attachment wp-att-4866\"><img loading=\"lazy\" decoding=\"async\" width=\"199\" height=\"300\" class=\"aligncenter size-medium wp-image-4866\" src=\"https:\/\/www.huelvaysusfotografos.com\/wp-content\/uploads\/2016\/09\/Cartel-Manuel-Gonz-Florez-199x300.jpg\" alt=\"Cartel Manuel Gonz Florez\" srcset=\"https:\/\/www.huelvaysusfotografos.com\/wp-content\/uploads\/2016\/09\/Cartel-Manuel-Gonz-Florez-199x300.jpg 199w, https:\/\/www.huelvaysusfotografos.com\/wp-content\/uploads\/2016\/09\/Cartel-Manuel-Gonz-Florez-678x1024.jpg 678w, https:\/\/www.huelvaysusfotografos.com\/wp-content\/uploads\/2016\/09\/Cartel-Manuel-Gonz-Florez-768x1160.jpg 768w, https:\/\/www.huelvaysusfotografos.com\/wp-content\/uploads\/2016\/09\/Cartel-Manuel-Gonz-Florez-1017x1536.jpg 1017w, https:\/\/www.huelvaysusfotografos.com\/wp-content\/uploads\/2016\/09\/Cartel-Manuel-Gonz-Florez.jpg 1356w\" sizes=\"auto, (max-width: 199px) 100vw, 199px\" \/><\/a><\/p>\n<p>&nbsp;<\/p>\n<p>Del\u00a07 al 14 de septiembre. A las 21.00 h la inauguraci\u00f3n. Exposici\u00f3n \u201cLuz y M\u00fasica\u201d del Taller Municipal de Fotograf\u00eda que dirige el fot\u00f3grafo Jos\u00e9 Luis Silva.\u00a0El Centro Cultural Los \u00c1lamos de la Antilla<\/p>\n<p><a href=\"https:\/\/www.huelvaysusfotografos.com\/wp-content\/uploads\/2016\/09\/luzymusica.jpg\" rel=\"attachment wp-att-4877\"><img decoding=\"async\" class=\"aligncenter size-medium wp-image-4877\" src=\"https:\/\/www.huelvaysusfotografos.com\/wp-content\/uploads\/2016\/09\/luzymusica-245x300.jpg\" alt=\"luzymusica\" \/><\/a><\/p>\n<p>&nbsp;<\/p>\n<p>Quedan pruebas los d\u00edas 10 de septiembre y 15 de octubre. 4\u00ba Concurso Fotograf\u00eda Deportiva Eurociudad del Guadiana.<\/p>\n<p><a href=\"https:\/\/www.huelvaysusfotografos.com\/wp-content\/uploads\/2016\/09\/FOLLETO_MEDIOS.jpg\" rel=\"attachment wp-att-4885\"><img loading=\"lazy\" decoding=\"async\" width=\"212\" height=\"300\" class=\"aligncenter size-medium wp-image-4885\" src=\"https:\/\/www.huelvaysusfotografos.com\/wp-content\/uploads\/2016\/09\/FOLLETO_MEDIOS-212x300.jpg\" alt=\"FOLLETO_MEDIOS\" srcset=\"https:\/\/www.huelvaysusfotografos.com\/wp-content\/uploads\/2016\/09\/FOLLETO_MEDIOS-212x300.jpg 212w, https:\/\/www.huelvaysusfotografos.com\/wp-content\/uploads\/2016\/09\/FOLLETO_MEDIOS-724x1024.jpg 724w, https:\/\/www.huelvaysusfotografos.com\/wp-content\/uploads\/2016\/09\/FOLLETO_MEDIOS-768x1086.jpg 768w, https:\/\/www.huelvaysusfotografos.com\/wp-content\/uploads\/2016\/09\/FOLLETO_MEDIOS-1086x1536.jpg 1086w, https:\/\/www.huelvaysusfotografos.com\/wp-content\/uploads\/2016\/09\/FOLLETO_MEDIOS-1448x2048.jpg 1448w, https:\/\/www.huelvaysusfotografos.com\/wp-content\/uploads\/2016\/09\/FOLLETO_MEDIOS-scaled.jpg 1810w\" sizes=\"auto, (max-width: 212px) 100vw, 212px\" \/><\/a><\/p>\n<p>Hasta el 16 de septiembre, horario de visitas ma\u00f1anas. Exposici\u00f3n de Salvador Aguilar. En el IAJ (C\/Rico, 26). Huelva<\/p>\n<p><a href=\"https:\/\/www.huelvaysusfotografos.com\/wp-content\/uploads\/2016\/09\/salva.jpg\" rel=\"attachment wp-att-4882\"><img loading=\"lazy\" decoding=\"async\" width=\"300\" height=\"225\" class=\"aligncenter size-medium wp-image-4882\" src=\"https:\/\/www.huelvaysusfotografos.com\/wp-content\/uploads\/2016\/09\/salva-300x225.jpg\" alt=\"salva\" srcset=\"https:\/\/www.huelvaysusfotografos.com\/wp-content\/uploads\/2016\/09\/salva-300x225.jpg 300w, https:\/\/www.huelvaysusfotografos.com\/wp-content\/uploads\/2016\/09\/salva-1024x767.jpg 1024w, https:\/\/www.huelvaysusfotografos.com\/wp-content\/uploads\/2016\/09\/salva-768x575.jpg 768w, https:\/\/www.huelvaysusfotografos.com\/wp-content\/uploads\/2016\/09\/salva-160x120.jpg 160w, https:\/\/www.huelvaysusfotografos.com\/wp-content\/uploads\/2016\/09\/salva.jpg 1280w\" sizes=\"auto, (max-width: 300px) 100vw, 300px\" \/><\/a><\/p>\n<p>Del 8 al 22 de septiembre, Exposici\u00f3n Fotogr\u00e1fica \u201c10 a\u00f1os de JAZZOLONTIA\u00bb. En la Sala de Exposiciones del Edificio Municipal de Bellavista<\/p>\n<p><a href=\"https:\/\/www.huelvaysusfotografos.com\/wp-content\/uploads\/2016\/09\/Captura-de-pantalla-2016-09-04-a-las-21.48.21.png\" rel=\"attachment wp-att-4864\"><img loading=\"lazy\" decoding=\"async\" width=\"213\" height=\"300\" class=\"aligncenter size-medium wp-image-4864\" src=\"https:\/\/www.huelvaysusfotografos.com\/wp-content\/uploads\/2016\/09\/Captura-de-pantalla-2016-09-04-a-las-21.48.21-213x300.png\" alt=\"Captura de pantalla 2016-09-04 a la(s) 21.48.21\" srcset=\"https:\/\/www.huelvaysusfotografos.com\/wp-content\/uploads\/2016\/09\/Captura-de-pantalla-2016-09-04-a-las-21.48.21-213x300.png 213w, https:\/\/www.huelvaysusfotografos.com\/wp-content\/uploads\/2016\/09\/Captura-de-pantalla-2016-09-04-a-las-21.48.21.png 424w\" sizes=\"auto, (max-width: 213px) 100vw, 213px\" \/><\/a><\/p>\n<p>Del 9 de septiembre al 16 de octubre, Exposici\u00f3n Fotogr\u00e1fica \u00abDetalles Mineros (Zarandas)\u00bb de Juana Mart\u00edn. En la Cervecer\u00eda Escuelas Viejas, C\/Tejada 2, de Zalamea la Real<\/p>\n<p><a href=\"https:\/\/www.huelvaysusfotografos.com\/wp-content\/uploads\/2016\/09\/Cartel-Detalles-Mineros.jpg\" rel=\"attachment wp-att-4865\"><img loading=\"lazy\" decoding=\"async\" width=\"200\" height=\"300\" class=\"aligncenter size-medium wp-image-4865\" src=\"https:\/\/www.huelvaysusfotografos.com\/wp-content\/uploads\/2016\/09\/Cartel-Detalles-Mineros-200x300.jpg\" alt=\"Cartel Detalles Mineros\" srcset=\"https:\/\/www.huelvaysusfotografos.com\/wp-content\/uploads\/2016\/09\/Cartel-Detalles-Mineros-200x300.jpg 200w, https:\/\/www.huelvaysusfotografos.com\/wp-content\/uploads\/2016\/09\/Cartel-Detalles-Mineros-683x1024.jpg 683w, https:\/\/www.huelvaysusfotografos.com\/wp-content\/uploads\/2016\/09\/Cartel-Detalles-Mineros-768x1152.jpg 768w, https:\/\/www.huelvaysusfotografos.com\/wp-content\/uploads\/2016\/09\/Cartel-Detalles-Mineros-1024x1536.jpg 1024w, https:\/\/www.huelvaysusfotografos.com\/wp-content\/uploads\/2016\/09\/Cartel-Detalles-Mineros-1365x2048.jpg 1365w, https:\/\/www.huelvaysusfotografos.com\/wp-content\/uploads\/2016\/09\/Cartel-Detalles-Mineros-scaled.jpg 1707w\" sizes=\"auto, (max-width: 200px) 100vw, 200px\" \/><\/a><\/p>\n<p>&nbsp;<\/p>\n<p>Entrega de fotos hasta el 9 de septiembre.\u00a0VIII Concurso de Fotograf\u00eda San Silvestre de Guzm\u00e1n. T\u00e9matica: tradiciones, naturaleza y caza. Informaci\u00f3n:\u00a0http:\/\/www.sansilvestredeguzman.es\/es\/ayuntamiento\/sala-de-prensa\/evento-detalle\/VIII-Concurso-de-Fotografia-San-Silvestre-de-Guzman\/#prettyPhoto<\/p>\n<p><a href=\"https:\/\/www.huelvaysusfotografos.com\/wp-content\/uploads\/2016\/09\/Captura-de-pantalla-2016-09-04-a-las-22.09.22.png\" rel=\"attachment wp-att-4871\"><img loading=\"lazy\" decoding=\"async\" width=\"300\" height=\"222\" class=\"aligncenter size-medium wp-image-4871\" src=\"https:\/\/www.huelvaysusfotografos.com\/wp-content\/uploads\/2016\/09\/Captura-de-pantalla-2016-09-04-a-las-22.09.22-300x222.png\" alt=\"Captura de pantalla 2016-09-04 a la(s) 22.09.22\" srcset=\"https:\/\/www.huelvaysusfotografos.com\/wp-content\/uploads\/2016\/09\/Captura-de-pantalla-2016-09-04-a-las-22.09.22-300x222.png 300w, https:\/\/www.huelvaysusfotografos.com\/wp-content\/uploads\/2016\/09\/Captura-de-pantalla-2016-09-04-a-las-22.09.22-768x569.png 768w, https:\/\/www.huelvaysusfotografos.com\/wp-content\/uploads\/2016\/09\/Captura-de-pantalla-2016-09-04-a-las-22.09.22.png 941w\" sizes=\"auto, (max-width: 300px) 100vw, 300px\" \/><\/a><\/p>\n<div>\n<p class=\"price\"><span class=\"amount\">El s\u00e1bado 10 y el domingo 11 de septiembre. En Huelva (por concretar lugar). Captura avanzada. Gesti\u00f3n de archivos y revelado con Lightroom CC.,\u00a0impartido por Jos\u00e9 Mar\u00eda Mellado.\u00a0<\/span><span class=\"amount\">Precio 295,00\u00a0\u20ac.\u00a0<\/span>Contacto:\u00a0imagen@yellowconsultores.com \u2013 Tel:\u00a091 713 07 87.\u00a0Colabora:\u00a0\u00a0<a href=\"https:\/\/www.huelvaysusfotografos.com\/\" target=\"_blank\">Asociaci\u00f3n Huelva y sus Fot\u00f3grafos<\/a><\/p>\n<p class=\"price\"><a href=\"https:\/\/www.huelvaysusfotografos.com\/wp-content\/uploads\/2016\/07\/Captura-y-LR-Huelva-2016_600.png\" rel=\"attachment wp-att-4834\"><img loading=\"lazy\" decoding=\"async\" width=\"300\" height=\"300\" class=\"aligncenter size-medium wp-image-4834\" src=\"https:\/\/www.huelvaysusfotografos.com\/wp-content\/uploads\/2016\/07\/Captura-y-LR-Huelva-2016_600-300x300.png\" alt=\"Captura y LR Huelva 2016_600\" srcset=\"https:\/\/www.huelvaysusfotografos.com\/wp-content\/uploads\/2016\/07\/Captura-y-LR-Huelva-2016_600-300x300.png 300w, https:\/\/www.huelvaysusfotografos.com\/wp-content\/uploads\/2016\/07\/Captura-y-LR-Huelva-2016_600-150x150.png 150w, https:\/\/www.huelvaysusfotografos.com\/wp-content\/uploads\/2016\/07\/Captura-y-LR-Huelva-2016_600-50x50.png 50w, https:\/\/www.huelvaysusfotografos.com\/wp-content\/uploads\/2016\/07\/Captura-y-LR-Huelva-2016_600-186x186.png 186w, https:\/\/www.huelvaysusfotografos.com\/wp-content\/uploads\/2016\/07\/Captura-y-LR-Huelva-2016_600.png 601w\" sizes=\"auto, (max-width: 300px) 100vw, 300px\" \/><\/a><\/p>\n<\/div>\n<p>II Semana de la Fotograf\u00eda. Algarve-Andaluc\u00eda. Del 12 al 18 de septiembre, (en la noticia anterior ya os dej\u00e1bamos detalle, haz clic aqu\u00ed <a href=\"https:\/\/www.huelvaysusfotografos.com\/?p=4838\">https:\/\/www.huelvaysusfotografos.com\/?p=4838<\/a>).<\/p>\n<p><a href=\"https:\/\/www.huelvaysusfotografos.com\/wp-content\/uploads\/2016\/09\/CARTEL-PROGRAMACI\u00d3N-COMPLETA-II-SEMANA-DE-LA-FOTOGRAF\u00cdA-1.jpg\" rel=\"attachment wp-att-4880\"><img loading=\"lazy\" decoding=\"async\" width=\"198\" height=\"300\" class=\"aligncenter size-medium wp-image-4880\" src=\"https:\/\/www.huelvaysusfotografos.com\/wp-content\/uploads\/2016\/09\/CARTEL-PROGRAMACI\u00d3N-COMPLETA-II-SEMANA-DE-LA-FOTOGRAF\u00cdA-1-198x300.jpg\" alt=\"CARTEL PROGRAMACI\u00d3N COMPLETA II SEMANA DE LA FOTOGRAF\u00cdA\" srcset=\"https:\/\/www.huelvaysusfotografos.com\/wp-content\/uploads\/2016\/09\/CARTEL-PROGRAMACI\u00d3N-COMPLETA-II-SEMANA-DE-LA-FOTOGRAF\u00cdA-1-198x300.jpg 198w, https:\/\/www.huelvaysusfotografos.com\/wp-content\/uploads\/2016\/09\/CARTEL-PROGRAMACI\u00d3N-COMPLETA-II-SEMANA-DE-LA-FOTOGRAF\u00cdA-1-676x1024.jpg 676w, https:\/\/www.huelvaysusfotografos.com\/wp-content\/uploads\/2016\/09\/CARTEL-PROGRAMACI\u00d3N-COMPLETA-II-SEMANA-DE-LA-FOTOGRAF\u00cdA-1-768x1164.jpg 768w, https:\/\/www.huelvaysusfotografos.com\/wp-content\/uploads\/2016\/09\/CARTEL-PROGRAMACI\u00d3N-COMPLETA-II-SEMANA-DE-LA-FOTOGRAF\u00cdA-1-1014x1536.jpg 1014w, https:\/\/www.huelvaysusfotografos.com\/wp-content\/uploads\/2016\/09\/CARTEL-PROGRAMACI\u00d3N-COMPLETA-II-SEMANA-DE-LA-FOTOGRAF\u00cdA-1-1352x2048.jpg 1352w, https:\/\/www.huelvaysusfotografos.com\/wp-content\/uploads\/2016\/09\/CARTEL-PROGRAMACI\u00d3N-COMPLETA-II-SEMANA-DE-LA-FOTOGRAF\u00cdA-1-scaled.jpg 1690w\" sizes=\"auto, (max-width: 198px) 100vw, 198px\" \/><\/a><\/p>\n<p>Hasta el 12 de septiembre.\u00a0Participa en el\u00a0concurso fotogr\u00e1fico \u00abColores del Cielo de Punta Umbr\u00eda\u00bb y gana una noche en una de las\u00a0 habitaciones con r\u00e9gimen de media pensi\u00f3n, del Hotel Emilio. \u00a0La participaci\u00f3n es libre y gratuita, s\u00f3lo tienes que colgar tu mejor foto del cielo de Punta Umbr\u00eda en su\u00a0muro, dar \u00abMe gusta\u00bb su\u00a0p\u00e1gina y a otras tres fotos que participen, y di a tus contactos que voten tu foto para obtener m\u00e1s \u00abMe gusta\u00bb que el resto de participantes!.\u00a0Para m\u00e1s informaci\u00f3n visita:\u00a0<a href=\"http:\/\/l.facebook.com\/l.php?u=http%3A%2F%2Fconcursosfotografia.wixsite.com%2Fhotelemilio&amp;h=tAQGzeIRM&amp;enc=AZO_1iBp9F0RlhR1R5GdLXDKWfiajyQ_ar2C_76BroxsuGJ9k9XTsO6lDvDhNnYLsztxwIkJOr3OnV1KTqrevYLljDALoWCAWJk01jzE9DlRgSs3xzZX7NyPI4KCqbpFGTBmrwW5dWUmcx2i_OfN-SfW&amp;s=1\" target=\"_blank\" rel=\"nofollow nofollow\">http:\/\/<wbr \/>concursosfotografia.wixsite<wbr \/>.com\/hotelemilio<\/a><\/p>\n<p><a href=\"https:\/\/www.huelvaysusfotografos.com\/wp-content\/uploads\/2016\/09\/Concurso-Hotel-Emilio-Punta.jpg\" rel=\"attachment wp-att-4870\"><img loading=\"lazy\" decoding=\"async\" width=\"300\" height=\"212\" class=\"aligncenter size-medium wp-image-4870\" src=\"https:\/\/www.huelvaysusfotografos.com\/wp-content\/uploads\/2016\/09\/Concurso-Hotel-Emilio-Punta-300x212.jpg\" alt=\"Concurso Hotel Emilio Punta\" srcset=\"https:\/\/www.huelvaysusfotografos.com\/wp-content\/uploads\/2016\/09\/Concurso-Hotel-Emilio-Punta-300x212.jpg 300w, https:\/\/www.huelvaysusfotografos.com\/wp-content\/uploads\/2016\/09\/Concurso-Hotel-Emilio-Punta-1024x724.jpg 1024w, https:\/\/www.huelvaysusfotografos.com\/wp-content\/uploads\/2016\/09\/Concurso-Hotel-Emilio-Punta-768x543.jpg 768w, https:\/\/www.huelvaysusfotografos.com\/wp-content\/uploads\/2016\/09\/Concurso-Hotel-Emilio-Punta-1536x1085.jpg 1536w, https:\/\/www.huelvaysusfotografos.com\/wp-content\/uploads\/2016\/09\/Concurso-Hotel-Emilio-Punta.jpg 2048w\" sizes=\"auto, (max-width: 300px) 100vw, 300px\" \/><\/a><\/p>\n<p>Hasta el 14 de septiembre se pueden enviar fotograf\u00edas para una proyecci\u00f3n colectiva enmarcada en la Semana Europea de la Movilidad (16 al 22 sept). Tema: Movilidad Urbana (transportes, tr\u00e1fico urbano, desplazamientos en ciudad, zonas peatonales&#8230;) Enviar &#8211; hasta 10 im\u00e1genes- a movilidad@ayamonte.es. Las proyecciones ser\u00e1n el 16 en la Plaza de la Laguna y el 17 en la Plaza del Rosario (Ayamonte).<\/p>\n<p><a href=\"https:\/\/www.huelvaysusfotografos.com\/wp-content\/uploads\/2016\/09\/fotos-movilidad.jpg\" rel=\"attachment wp-att-4867\"><img loading=\"lazy\" decoding=\"async\" width=\"216\" height=\"300\" class=\"aligncenter size-medium wp-image-4867\" src=\"https:\/\/www.huelvaysusfotografos.com\/wp-content\/uploads\/2016\/09\/fotos-movilidad-216x300.jpg\" alt=\"fotos movilidad\" srcset=\"https:\/\/www.huelvaysusfotografos.com\/wp-content\/uploads\/2016\/09\/fotos-movilidad-216x300.jpg 216w, https:\/\/www.huelvaysusfotografos.com\/wp-content\/uploads\/2016\/09\/fotos-movilidad-739x1024.jpg 739w, https:\/\/www.huelvaysusfotografos.com\/wp-content\/uploads\/2016\/09\/fotos-movilidad-768x1064.jpg 768w, https:\/\/www.huelvaysusfotografos.com\/wp-content\/uploads\/2016\/09\/fotos-movilidad.jpg 1026w\" sizes=\"auto, (max-width: 216px) 100vw, 216px\" \/><\/a><\/p>\n<p>A partir del 15 de septiembre, Exposici\u00f3n Fotogr\u00e1fica\u00a0\u201cSirios, los desplazados invisibles\u201d. La muestra presenta dieciocho fotograf\u00edas de\u00a0<strong>Carlos Hern\u00e1ndez Valencia.\u00a0\u00a0<\/strong>En la Casa Grande de\u00a0Ayamonte<\/p>\n<p><a href=\"https:\/\/www.huelvaysusfotografos.com\/wp-content\/uploads\/2016\/09\/ayamonte-sirios.jpg\" rel=\"attachment wp-att-4869\"><img decoding=\"async\" class=\"aligncenter size-medium wp-image-4869\" src=\"https:\/\/www.huelvaysusfotografos.com\/wp-content\/uploads\/2016\/09\/ayamonte-sirios-214x300.jpg\" alt=\"ayamonte sirios\" \/><\/a><\/p>\n<p>Hasta el 20 de septiembre, participa en nuestros concursos Flickr Huelva y sus Fot\u00f3grafos.<\/p>\n<ul>\n<li>Fotograf\u00eda de Calle. Patrocinado por Dulfi Photograpy. Haz clic aqu\u00ed\u00a0https:\/\/www.flickr.com\/groups\/huelva_y_sus_fotografos\/discuss\/72157670010004603\/<a href=\"https:\/\/www.huelvaysusfotografos.com\/wp-content\/uploads\/2016\/09\/Captura-de-pantalla-2016-09-04-a-las-22.15.40.png\" rel=\"attachment wp-att-4872\"><br \/>\n<\/a> <a href=\"https:\/\/www.huelvaysusfotografos.com\/wp-content\/uploads\/2016\/09\/Dulfi-logo.jpg\" rel=\"attachment wp-att-4873\"><img loading=\"lazy\" decoding=\"async\" width=\"300\" height=\"159\" class=\"aligncenter size-medium wp-image-4873\" src=\"https:\/\/www.huelvaysusfotografos.com\/wp-content\/uploads\/2016\/09\/Dulfi-logo-300x159.jpg\" alt=\"Dulfi logo\" srcset=\"https:\/\/www.huelvaysusfotografos.com\/wp-content\/uploads\/2016\/09\/Dulfi-logo-300x159.jpg 300w, https:\/\/www.huelvaysusfotografos.com\/wp-content\/uploads\/2016\/09\/Dulfi-logo.jpg 638w\" sizes=\"auto, (max-width: 300px) 100vw, 300px\" \/><\/a><\/li>\n<li>Tu mejor fotograf\u00eda de agosto 2016. Patrocinado por Elena S\u00e1nchez Balonga- Fotograf\u00eda. Haz clic aqu\u00ed\u00a0https:\/\/www.flickr.com\/groups\/huelva_y_sus_fotografos\/discuss\/72157670009756173\/<a href=\"https:\/\/www.huelvaysusfotografos.com\/wp-content\/uploads\/2016\/09\/Captura-de-pantalla-2016-09-04-a-las-22.22.28.png\" rel=\"attachment wp-att-4874\"><img loading=\"lazy\" decoding=\"async\" width=\"300\" height=\"57\" class=\"aligncenter size-medium wp-image-4874\" src=\"https:\/\/www.huelvaysusfotografos.com\/wp-content\/uploads\/2016\/09\/Captura-de-pantalla-2016-09-04-a-las-22.22.28-300x57.png\" alt=\"Captura de pantalla 2016-09-04 a la(s) 22.22.28\" srcset=\"https:\/\/www.huelvaysusfotografos.com\/wp-content\/uploads\/2016\/09\/Captura-de-pantalla-2016-09-04-a-las-22.22.28-300x57.png 300w, https:\/\/www.huelvaysusfotografos.com\/wp-content\/uploads\/2016\/09\/Captura-de-pantalla-2016-09-04-a-las-22.22.28.png 513w\" sizes=\"auto, (max-width: 300px) 100vw, 300px\" \/><\/a><\/li>\n<\/ul>\n","protected":false},"excerpt":{"rendered":"<p>Os hacemos una recopilaci\u00f3n de algunas de las actividades fotogr\u00e1ficas que conocemos que se desarrollaran pr\u00f3ximamente en Huelva. Que disfrut\u00e9is!! &nbsp; Hasta el 8\u00a0de septiembre, de 19 a 22 h. Exposici\u00f3n Fotogr\u00e1fica de Manuel Gonz\u00e1lez Flores. En la Sala Teatro del Mar de Punta Umbr\u00eda. &nbsp; Del\u00a07 al 14 de septiembre. A las 21.00 h la inauguraci\u00f3n. Exposici\u00f3n \u201cLuz y M\u00fasica\u201d del Taller Municipal de Fotograf\u00eda que dirige el fot\u00f3grafo<\/p>\n<div class=\"belowpost\"><a class=\"btnmore\" href=\"https:\/\/www.huelvaysusfotografos.com\/?p=4863\">Seguir leyendo<\/a><\/div>\n","protected":false},"author":41,"featured_media":4872,"comment_status":"open","ping_status":"open","sticky":false,"template":"","format":"standard","meta":{"footnotes":"","_links_to":"","_links_to_target":""},"categories":[4],"tags":[],"class_list":["post-4863","post","type-post","status-publish","format-standard","has-post-thumbnail","hentry","category-actividades"],"_links":{"self":[{"href":"https:\/\/www.huelvaysusfotografos.com\/index.php?rest_route=\/wp\/v2\/posts\/4863","targetHints":{"allow":["GET"]}}],"collection":[{"href":"https:\/\/www.huelvaysusfotografos.com\/index.php?rest_route=\/wp\/v2\/posts"}],"about":[{"href":"https:\/\/www.huelvaysusfotografos.com\/index.php?rest_route=\/wp\/v2\/types\/post"}],"author":[{"embeddable":true,"href":"https:\/\/www.huelvaysusfotografos.com\/index.php?rest_route=\/wp\/v2\/users\/41"}],"replies":[{"embeddable":true,"href":"https:\/\/www.huelvaysusfotografos.com\/index.php?rest_route=%2Fwp%2Fv2%2Fcomments&post=4863"}],"version-history":[{"count":8,"href":"https:\/\/www.huelvaysusfotografos.com\/index.php?rest_route=\/wp\/v2\/posts\/4863\/revisions"}],"predecessor-version":[{"id":4886,"href":"https:\/\/www.huelvaysusfotografos.com\/index.php?rest_route=\/wp\/v2\/posts\/4863\/revisions\/4886"}],"wp:featuredmedia":[{"embeddable":true,"href":"https:\/\/www.huelvaysusfotografos.com\/index.php?rest_route=\/wp\/v2\/media\/4872"}],"wp:attachment":[{"href":"https:\/\/www.huelvaysusfotografos.com\/index.php?rest_route=%2Fwp%2Fv2%2Fmedia&parent=4863"}],"wp:term":[{"taxonomy":"category","embeddable":true,"href":"https:\/\/www.huelvaysusfotografos.com\/index.php?rest_route=%2Fwp%2Fv2%2Fcategories&post=4863"},{"taxonomy":"post_tag","embeddable":true,"href":"https:\/\/www.huelvaysusfotografos.com\/index.php?rest_route=%2Fwp%2Fv2%2Ftags&post=4863"}],"curies":[{"name":"wp","href":"https:\/\/api.w.org\/{rel}","templated":true}]}}