{"id":4845,"date":"2016-09-04T20:38:45","date_gmt":"2016-09-04T19:38:45","guid":{"rendered":"http:\/\/www.huelvaysusfotografos.com\/?p=4845"},"modified":"2016-09-04T20:39:39","modified_gmt":"2016-09-04T19:39:39","slug":"estuvimos-presentes-en-las-fiestas-colombinas-2016","status":"publish","type":"post","link":"https:\/\/www.huelvaysusfotografos.com\/?p=4845","title":{"rendered":"Estuvimos presentes en las Fiestas Colombinas 2016"},"content":{"rendered":"<p style=\"text-align: justify;\">Durante las Fiestas Colombinas, de una y otra manera estuvimos presentes como Asociaci\u00f3n. Primero atendiendo a la llamada de la Concejal\u00eda de Cultura, Turismo y Promoci\u00f3n de Huelva en el Exterior, con la que participamos con una proyecci\u00f3n de fotograf\u00edas (junto a compa\u00f1erosde ANAFA-Tavira, ya que este a\u00f1o las Colombinas estaban dedicadas a Portugal). La primera parte del video recoge algunas de las actividades que organizamos desde nuestra asociaci\u00f3n (tertulias, quedadas, exposiciones&#8230;), luego est\u00e1n las maravillosas fotograf\u00edas de los socios de ANAFA- Tavira, y luego la de nuestros socios. Os dejamos el video que hicimos para el momento&#8230;<a href=\"https:\/\/www.huelvaysusfotografos.com\/wp-content\/uploads\/2016\/09\/Enrique-Jer\u00e9z-fuegos.jpg\" rel=\"attachment wp-att-4855\"><br \/>\n<\/a><\/p>\n<p>&nbsp;<\/p>\n<p><iframe loading=\"lazy\" title=\"Presentacio\u0301n HYSF Colombinas 2016\" width=\"680\" height=\"383\" src=\"https:\/\/www.youtube.com\/embed\/suE1PnBXNJM?feature=oembed\" frameborder=\"0\" allow=\"accelerometer; autoplay; clipboard-write; encrypted-media; gyroscope; picture-in-picture; web-share\" referrerpolicy=\"strict-origin-when-cross-origin\" allowfullscreen><\/iframe><\/p>\n<p><a href=\"https:\/\/www.huelvaysusfotografos.com\/wp-content\/uploads\/2016\/09\/Proyecci\u00f3n-colombinas-caseta.jpg\" rel=\"attachment wp-att-4857\"><img loading=\"lazy\" decoding=\"async\" width=\"300\" height=\"197\" class=\"aligncenter size-medium wp-image-4857\" src=\"https:\/\/www.huelvaysusfotografos.com\/wp-content\/uploads\/2016\/09\/Proyecci\u00f3n-colombinas-caseta-300x197.jpg\" alt=\"Proyecci\u00f3n colombinas caseta\" srcset=\"https:\/\/www.huelvaysusfotografos.com\/wp-content\/uploads\/2016\/09\/Proyecci\u00f3n-colombinas-caseta-300x197.jpg 300w, https:\/\/www.huelvaysusfotografos.com\/wp-content\/uploads\/2016\/09\/Proyecci\u00f3n-colombinas-caseta-120x80.jpg 120w, https:\/\/www.huelvaysusfotografos.com\/wp-content\/uploads\/2016\/09\/Proyecci\u00f3n-colombinas-caseta.jpg 526w\" sizes=\"auto, (max-width: 300px) 100vw, 300px\" \/><\/a><\/p>\n<p style=\"text-align: center;\">Grupo asistente al acto de presentaci\u00f3n y proyecci\u00f3n<\/p>\n<p style=\"text-align: justify;\">El \u00faltimo d\u00eda de Colombinas, nuestra Asociaci\u00f3n organiz\u00f3 una Quedada Nocturna desde la Orilla de Marismas del Odiel, para fotografiar los Fuegos Artificiales de esta fiesta grande de Huelva. Para muchos era la primera vez que realizaban fotograf\u00edas de este tipo, pero los resultados y la experiencia fue muy agradable y exitosa para todos. Os dejamos algunas de las im\u00e1genes tan variadas que nos ofreci\u00f3 aquel momento.<\/p>\n<p><img loading=\"lazy\" decoding=\"async\" width=\"300\" height=\"200\" class=\"aligncenter size-medium wp-image-4855\" src=\"https:\/\/www.huelvaysusfotografos.com\/wp-content\/uploads\/2016\/09\/Enrique-Jer\u00e9z-fuegos-300x200.jpg\" alt=\"Enrique Jer\u00e9z fuegos\" srcset=\"https:\/\/www.huelvaysusfotografos.com\/wp-content\/uploads\/2016\/09\/Enrique-Jer\u00e9z-fuegos-300x200.jpg 300w, https:\/\/www.huelvaysusfotografos.com\/wp-content\/uploads\/2016\/09\/Enrique-Jer\u00e9z-fuegos-768x512.jpg 768w, https:\/\/www.huelvaysusfotografos.com\/wp-content\/uploads\/2016\/09\/Enrique-Jer\u00e9z-fuegos-120x80.jpg 120w, https:\/\/www.huelvaysusfotografos.com\/wp-content\/uploads\/2016\/09\/Enrique-Jer\u00e9z-fuegos.jpg 990w\" sizes=\"auto, (max-width: 300px) 100vw, 300px\" \/><\/p>\n<p style=\"text-align: center;\">Foto: Enrique Jer\u00e9z<\/p>\n<p><a href=\"https:\/\/www.huelvaysusfotografos.com\/wp-content\/uploads\/2016\/09\/Colombinas-Flor-N\u00fa\u00f1ez.jpg\" rel=\"attachment wp-att-4846\"><img loading=\"lazy\" decoding=\"async\" width=\"300\" height=\"200\" class=\"aligncenter size-medium wp-image-4846\" src=\"https:\/\/www.huelvaysusfotografos.com\/wp-content\/uploads\/2016\/09\/Colombinas-Flor-N\u00fa\u00f1ez-300x200.jpg\" alt=\"Colombinas Flor N\u00fa\u00f1ez\" srcset=\"https:\/\/www.huelvaysusfotografos.com\/wp-content\/uploads\/2016\/09\/Colombinas-Flor-N\u00fa\u00f1ez-300x200.jpg 300w, https:\/\/www.huelvaysusfotografos.com\/wp-content\/uploads\/2016\/09\/Colombinas-Flor-N\u00fa\u00f1ez-768x511.jpg 768w, https:\/\/www.huelvaysusfotografos.com\/wp-content\/uploads\/2016\/09\/Colombinas-Flor-N\u00fa\u00f1ez-120x80.jpg 120w, https:\/\/www.huelvaysusfotografos.com\/wp-content\/uploads\/2016\/09\/Colombinas-Flor-N\u00fa\u00f1ez.jpg 960w\" sizes=\"auto, (max-width: 300px) 100vw, 300px\" \/><\/a><\/p>\n<p style=\"text-align: center;\">Foto: Flor N\u00fa\u00f1ez<\/p>\n<p style=\"text-align: center;\"><a href=\"https:\/\/www.huelvaysusfotografos.com\/wp-content\/uploads\/2016\/09\/Colombinas-JM-Brea.jpg\" rel=\"attachment wp-att-4847\"><img loading=\"lazy\" decoding=\"async\" width=\"300\" height=\"200\" class=\"aligncenter size-medium wp-image-4847\" src=\"https:\/\/www.huelvaysusfotografos.com\/wp-content\/uploads\/2016\/09\/Colombinas-JM-Brea-300x200.jpg\" alt=\"Colombinas JM Brea\" srcset=\"https:\/\/www.huelvaysusfotografos.com\/wp-content\/uploads\/2016\/09\/Colombinas-JM-Brea-300x200.jpg 300w, https:\/\/www.huelvaysusfotografos.com\/wp-content\/uploads\/2016\/09\/Colombinas-JM-Brea-768x512.jpg 768w, https:\/\/www.huelvaysusfotografos.com\/wp-content\/uploads\/2016\/09\/Colombinas-JM-Brea-120x80.jpg 120w, https:\/\/www.huelvaysusfotografos.com\/wp-content\/uploads\/2016\/09\/Colombinas-JM-Brea.jpg 960w\" sizes=\"auto, (max-width: 300px) 100vw, 300px\" \/><\/a><\/p>\n<p style=\"text-align: center;\">Foto: J. Mat\u00edas Brea<\/p>\n<p style=\"text-align: center;\"><a href=\"https:\/\/www.huelvaysusfotografos.com\/wp-content\/uploads\/2016\/09\/Colombinas-Joaqu\u00edn.jpg\" rel=\"attachment wp-att-4848\"><img loading=\"lazy\" decoding=\"async\" width=\"300\" height=\"200\" class=\"aligncenter size-medium wp-image-4848\" src=\"https:\/\/www.huelvaysusfotografos.com\/wp-content\/uploads\/2016\/09\/Colombinas-Joaqu\u00edn-300x200.jpg\" alt=\"Colombinas Joaqu\u00edn\" srcset=\"https:\/\/www.huelvaysusfotografos.com\/wp-content\/uploads\/2016\/09\/Colombinas-Joaqu\u00edn-300x200.jpg 300w, https:\/\/www.huelvaysusfotografos.com\/wp-content\/uploads\/2016\/09\/Colombinas-Joaqu\u00edn-768x512.jpg 768w, https:\/\/www.huelvaysusfotografos.com\/wp-content\/uploads\/2016\/09\/Colombinas-Joaqu\u00edn-120x80.jpg 120w, https:\/\/www.huelvaysusfotografos.com\/wp-content\/uploads\/2016\/09\/Colombinas-Joaqu\u00edn.jpg 960w\" sizes=\"auto, (max-width: 300px) 100vw, 300px\" \/><\/a><\/p>\n<p style=\"text-align: center;\">Foto: Joaqu\u00edn P\u00e9rez<\/p>\n<p style=\"text-align: center;\"><a href=\"https:\/\/www.huelvaysusfotografos.com\/wp-content\/uploads\/2016\/09\/Colombinas-Juana-Mart\u00edn.jpg\" rel=\"attachment wp-att-4849\"><img loading=\"lazy\" decoding=\"async\" width=\"300\" height=\"300\" class=\"aligncenter size-medium wp-image-4849\" src=\"https:\/\/www.huelvaysusfotografos.com\/wp-content\/uploads\/2016\/09\/Colombinas-Juana-Mart\u00edn-300x300.jpg\" alt=\"Colombinas Juana Mart\u00edn\" srcset=\"https:\/\/www.huelvaysusfotografos.com\/wp-content\/uploads\/2016\/09\/Colombinas-Juana-Mart\u00edn-300x300.jpg 300w, https:\/\/www.huelvaysusfotografos.com\/wp-content\/uploads\/2016\/09\/Colombinas-Juana-Mart\u00edn-150x150.jpg 150w, https:\/\/www.huelvaysusfotografos.com\/wp-content\/uploads\/2016\/09\/Colombinas-Juana-Mart\u00edn-768x768.jpg 768w, https:\/\/www.huelvaysusfotografos.com\/wp-content\/uploads\/2016\/09\/Colombinas-Juana-Mart\u00edn-50x50.jpg 50w, https:\/\/www.huelvaysusfotografos.com\/wp-content\/uploads\/2016\/09\/Colombinas-Juana-Mart\u00edn-186x186.jpg 186w, https:\/\/www.huelvaysusfotografos.com\/wp-content\/uploads\/2016\/09\/Colombinas-Juana-Mart\u00edn.jpg 960w\" sizes=\"auto, (max-width: 300px) 100vw, 300px\" \/><\/a><\/p>\n<p style=\"text-align: center;\">Foto: Juana Mart\u00edn<\/p>\n<p style=\"text-align: center;\"><a href=\"https:\/\/www.huelvaysusfotografos.com\/wp-content\/uploads\/2016\/09\/Colombinas-Loli-Blesa.jpg\" rel=\"attachment wp-att-4850\"><img loading=\"lazy\" decoding=\"async\" width=\"300\" height=\"200\" class=\"aligncenter size-medium wp-image-4850\" src=\"https:\/\/www.huelvaysusfotografos.com\/wp-content\/uploads\/2016\/09\/Colombinas-Loli-Blesa-300x200.jpg\" alt=\"Colombinas Loli Blesa\" srcset=\"https:\/\/www.huelvaysusfotografos.com\/wp-content\/uploads\/2016\/09\/Colombinas-Loli-Blesa-300x200.jpg 300w, https:\/\/www.huelvaysusfotografos.com\/wp-content\/uploads\/2016\/09\/Colombinas-Loli-Blesa-768x512.jpg 768w, https:\/\/www.huelvaysusfotografos.com\/wp-content\/uploads\/2016\/09\/Colombinas-Loli-Blesa-120x80.jpg 120w, https:\/\/www.huelvaysusfotografos.com\/wp-content\/uploads\/2016\/09\/Colombinas-Loli-Blesa.jpg 960w\" sizes=\"auto, (max-width: 300px) 100vw, 300px\" \/><\/a><\/p>\n<p style=\"text-align: center;\">Foto: Loli Blesa<\/p>\n<p style=\"text-align: center;\"><a href=\"https:\/\/www.huelvaysusfotografos.com\/wp-content\/uploads\/2016\/09\/Colombinas-Luciano.jpg\" rel=\"attachment wp-att-4851\"><img loading=\"lazy\" decoding=\"async\" width=\"300\" height=\"200\" class=\"aligncenter size-medium wp-image-4851\" src=\"https:\/\/www.huelvaysusfotografos.com\/wp-content\/uploads\/2016\/09\/Colombinas-Luciano-300x200.jpg\" alt=\"Colombinas Luciano\" srcset=\"https:\/\/www.huelvaysusfotografos.com\/wp-content\/uploads\/2016\/09\/Colombinas-Luciano-300x200.jpg 300w, https:\/\/www.huelvaysusfotografos.com\/wp-content\/uploads\/2016\/09\/Colombinas-Luciano-768x512.jpg 768w, https:\/\/www.huelvaysusfotografos.com\/wp-content\/uploads\/2016\/09\/Colombinas-Luciano-120x80.jpg 120w, https:\/\/www.huelvaysusfotografos.com\/wp-content\/uploads\/2016\/09\/Colombinas-Luciano.jpg 960w\" sizes=\"auto, (max-width: 300px) 100vw, 300px\" \/><\/a><\/p>\n<p style=\"text-align: center;\">Foto: Luciano P\u00e9rez<\/p>\n<p style=\"text-align: center;\"><a href=\"https:\/\/www.huelvaysusfotografos.com\/wp-content\/uploads\/2016\/09\/Colombinas-Mari-Carmen-Mac\u00edas.jpg\" rel=\"attachment wp-att-4852\"><img loading=\"lazy\" decoding=\"async\" width=\"300\" height=\"200\" class=\"aligncenter size-medium wp-image-4852\" src=\"https:\/\/www.huelvaysusfotografos.com\/wp-content\/uploads\/2016\/09\/Colombinas-Mari-Carmen-Mac\u00edas-300x200.jpg\" alt=\"Colombinas Mari Carmen Mac\u00edas\" srcset=\"https:\/\/www.huelvaysusfotografos.com\/wp-content\/uploads\/2016\/09\/Colombinas-Mari-Carmen-Mac\u00edas-300x200.jpg 300w, https:\/\/www.huelvaysusfotografos.com\/wp-content\/uploads\/2016\/09\/Colombinas-Mari-Carmen-Mac\u00edas-768x512.jpg 768w, https:\/\/www.huelvaysusfotografos.com\/wp-content\/uploads\/2016\/09\/Colombinas-Mari-Carmen-Mac\u00edas-120x80.jpg 120w, https:\/\/www.huelvaysusfotografos.com\/wp-content\/uploads\/2016\/09\/Colombinas-Mari-Carmen-Mac\u00edas.jpg 960w\" sizes=\"auto, (max-width: 300px) 100vw, 300px\" \/><\/a><\/p>\n<p style=\"text-align: center;\">Foto: Mari Carmen Mac\u00edas<\/p>\n<p style=\"text-align: center;\"><a href=\"https:\/\/www.huelvaysusfotografos.com\/wp-content\/uploads\/2016\/09\/Colombinas-Paco-Gil-2.jpg\" rel=\"attachment wp-att-4853\"><img loading=\"lazy\" decoding=\"async\" width=\"197\" height=\"300\" class=\"aligncenter size-medium wp-image-4853\" src=\"https:\/\/www.huelvaysusfotografos.com\/wp-content\/uploads\/2016\/09\/Colombinas-Paco-Gil-2-197x300.jpg\" alt=\"Colombinas Paco Gil 2\" srcset=\"https:\/\/www.huelvaysusfotografos.com\/wp-content\/uploads\/2016\/09\/Colombinas-Paco-Gil-2-197x300.jpg 197w, https:\/\/www.huelvaysusfotografos.com\/wp-content\/uploads\/2016\/09\/Colombinas-Paco-Gil-2-672x1024.jpg 672w, https:\/\/www.huelvaysusfotografos.com\/wp-content\/uploads\/2016\/09\/Colombinas-Paco-Gil-2.jpg 754w\" sizes=\"auto, (max-width: 197px) 100vw, 197px\" \/><\/a><\/p>\n<p style=\"text-align: center;\">Foto: Paco Gil<\/p>\n<p style=\"text-align: center;\"><a href=\"https:\/\/www.huelvaysusfotografos.com\/wp-content\/uploads\/2016\/09\/kdd-fuegos-artificiales-colombinas-grupo.jpg\" rel=\"attachment wp-att-4858\"><img loading=\"lazy\" decoding=\"async\" width=\"300\" height=\"200\" class=\"aligncenter size-medium wp-image-4858\" src=\"https:\/\/www.huelvaysusfotografos.com\/wp-content\/uploads\/2016\/09\/kdd-fuegos-artificiales-colombinas-grupo-300x200.jpg\" alt=\"kdd fuegos artificiales colombinas grupo\" srcset=\"https:\/\/www.huelvaysusfotografos.com\/wp-content\/uploads\/2016\/09\/kdd-fuegos-artificiales-colombinas-grupo-300x200.jpg 300w, https:\/\/www.huelvaysusfotografos.com\/wp-content\/uploads\/2016\/09\/kdd-fuegos-artificiales-colombinas-grupo-120x80.jpg 120w, https:\/\/www.huelvaysusfotografos.com\/wp-content\/uploads\/2016\/09\/kdd-fuegos-artificiales-colombinas-grupo.jpg 525w\" sizes=\"auto, (max-width: 300px) 100vw, 300px\" \/><\/a><\/p>\n<p style=\"text-align: center;\">Grupo Kdd Fuegos Artificiales.\u00a0Foto: Juana Mart\u00edn<\/p>\n<p style=\"text-align: left;\">Gracias a todos los participantes tanto para la proyecci\u00f3n como para la quedada&#8230; el a\u00f1o que viene m\u00e1s y mejor&#8230;<\/p>\n","protected":false},"excerpt":{"rendered":"<p>Durante las Fiestas Colombinas, de una y otra manera estuvimos presentes como Asociaci\u00f3n. Primero atendiendo a la llamada de la Concejal\u00eda de Cultura, Turismo y Promoci\u00f3n de Huelva en el Exterior, con la que participamos con una proyecci\u00f3n de fotograf\u00edas (junto a compa\u00f1erosde ANAFA-Tavira, ya que este a\u00f1o las Colombinas estaban dedicadas a Portugal). La primera parte del video recoge algunas de las actividades que organizamos desde nuestra asociaci\u00f3n (tertulias,<\/p>\n<div class=\"belowpost\"><a class=\"btnmore\" href=\"https:\/\/www.huelvaysusfotografos.com\/?p=4845\">Seguir leyendo<\/a><\/div>\n","protected":false},"author":41,"featured_media":4851,"comment_status":"open","ping_status":"open","sticky":false,"template":"","format":"standard","meta":{"footnotes":"","_links_to":"","_links_to_target":""},"categories":[3],"tags":[],"class_list":["post-4845","post","type-post","status-publish","format-standard","has-post-thumbnail","hentry","category-noticias"],"_links":{"self":[{"href":"https:\/\/www.huelvaysusfotografos.com\/index.php?rest_route=\/wp\/v2\/posts\/4845","targetHints":{"allow":["GET"]}}],"collection":[{"href":"https:\/\/www.huelvaysusfotografos.com\/index.php?rest_route=\/wp\/v2\/posts"}],"about":[{"href":"https:\/\/www.huelvaysusfotografos.com\/index.php?rest_route=\/wp\/v2\/types\/post"}],"author":[{"embeddable":true,"href":"https:\/\/www.huelvaysusfotografos.com\/index.php?rest_route=\/wp\/v2\/users\/41"}],"replies":[{"embeddable":true,"href":"https:\/\/www.huelvaysusfotografos.com\/index.php?rest_route=%2Fwp%2Fv2%2Fcomments&post=4845"}],"version-history":[{"count":5,"href":"https:\/\/www.huelvaysusfotografos.com\/index.php?rest_route=\/wp\/v2\/posts\/4845\/revisions"}],"predecessor-version":[{"id":4860,"href":"https:\/\/www.huelvaysusfotografos.com\/index.php?rest_route=\/wp\/v2\/posts\/4845\/revisions\/4860"}],"wp:featuredmedia":[{"embeddable":true,"href":"https:\/\/www.huelvaysusfotografos.com\/index.php?rest_route=\/wp\/v2\/media\/4851"}],"wp:attachment":[{"href":"https:\/\/www.huelvaysusfotografos.com\/index.php?rest_route=%2Fwp%2Fv2%2Fmedia&parent=4845"}],"wp:term":[{"taxonomy":"category","embeddable":true,"href":"https:\/\/www.huelvaysusfotografos.com\/index.php?rest_route=%2Fwp%2Fv2%2Fcategories&post=4845"},{"taxonomy":"post_tag","embeddable":true,"href":"https:\/\/www.huelvaysusfotografos.com\/index.php?rest_route=%2Fwp%2Fv2%2Ftags&post=4845"}],"curies":[{"name":"wp","href":"https:\/\/api.w.org\/{rel}","templated":true}]}}