{"id":4838,"date":"2016-09-04T20:45:27","date_gmt":"2016-09-04T19:45:27","guid":{"rendered":"http:\/\/www.huelvaysusfotografos.com\/?p=4838"},"modified":"2016-09-04T20:45:27","modified_gmt":"2016-09-04T19:45:27","slug":"del-12-al-18-de-sept-ii-semana-de-la-fotografia","status":"publish","type":"post","link":"https:\/\/www.huelvaysusfotografos.com\/?p=4838","title":{"rendered":"Del 12 al 18 de sept. II SEMANA DE LA FOTOGRAF\u00cdA"},"content":{"rendered":"<p>&nbsp;<\/p>\n<p>La iniciativa parte de la Associa\u00e7ao e N\u00facleo de Amigos Fot\u00f3grafos do Algarve (A-NAFA) en 2015, con motivo del D\u00eda Mundial de la Fotograf\u00eda que se celebra el 19 de agosto, donde ya participaban algunas asociaciones de Huelva (ACAFA-Ayamonte y \u00abAsociaci\u00f3n Huelva y sus Fot\u00f3grafos).<\/p>\n<p>Este a\u00f1o, 2016, el programa de la II SEMANA DE LA FOTOGRAF\u00cdA se ha trasladado a septiembre (del 12 al 18) y re\u00fane un abanico de eventos fotogr\u00e1ficos muy diversos que han organizado conjuntamente entre la Associa\u00e7ao e N\u00facleo de Amigos Fot\u00f3grafos do Algarve (A-NAFA), ACAFA-Ayamonte, Asociaci\u00f3n Huelva y sus Fot\u00f3grafos, y ALFA-Faro. Exposiciones, Workshop (talleres y tertulias), paseos fotogr\u00e1ficos, jornada de convivencia, todo un abanico de propuestas que seguro gustan a los apasionados de la fotograf\u00eda, abiertas a la participaci\u00f3n de aficionados, previa inscripci\u00f3n en aquellas que lo precisen.<\/p>\n<p>Para m\u00e1s informaci\u00f3n: huelvaysf@gmail.com y nafatavira@gmail.com<\/p>\n<p>PROGRAMA DE LA II SEMANA DE LA FOTOGRAF\u00cdA<br \/>\nALGARVE-ANDALUC\u00cdA<\/p>\n<p><strong>Lunes 12 de septiembre<\/strong><br \/>\n\u00b7 Tert\u00falia de Fotografia de Viagem, a cargo de Marco Pedro e Paulo C\u00f4rte-Real<\/p>\n<p>De 21:00 a 22:00 h.<\/p>\n<p>Inscripci\u00f3n hasta el 9 de septiembre (info@alfa.pt)<\/p>\n<p>En ALFA &#8211; Galeria Arco, Rua Ant\u00f3nio Maria Lab\u00f3ia, 1 \u2013 Cidade Velha, 8000-098 Faro, Portugal.<\/p>\n<p>\u00b7 Exposi\u00e7\u00e3o Fotogr\u00e1fica colectiva AFAL: \u201cMarrocos, Pa\u00eds de Encantos\u201d<\/p>\n<p>Hasta el 19 de septiembre.<\/p>\n<p>En ALFA &#8211; Galeria Arco, Rua Ant\u00f3nio Maria Lab\u00f3ia, 1 \u2013 Cidade Velha, 8000-098 Faro, Portugal.<\/p>\n<p><a href=\"https:\/\/www.huelvaysusfotografos.com\/wp-content\/uploads\/2016\/09\/Expo-Marruecos-Fara.jpg\" rel=\"attachment wp-att-4841\"><img loading=\"lazy\" decoding=\"async\" width=\"300\" height=\"156\" class=\"aligncenter size-medium wp-image-4841\" src=\"https:\/\/www.huelvaysusfotografos.com\/wp-content\/uploads\/2016\/09\/Expo-Marruecos-Fara-300x156.jpg\" alt=\"Expo Marruecos Fara\" srcset=\"https:\/\/www.huelvaysusfotografos.com\/wp-content\/uploads\/2016\/09\/Expo-Marruecos-Fara-300x156.jpg 300w, https:\/\/www.huelvaysusfotografos.com\/wp-content\/uploads\/2016\/09\/Expo-Marruecos-Fara.jpg 476w\" sizes=\"auto, (max-width: 300px) 100vw, 300px\" \/><\/a><br \/>\n<strong>Martes 13 de septiembre<\/strong><br \/>\n\u00b7 Masterclass Fotograf\u00edas Subacu\u00e1tica.<\/p>\n<p>A las 21.00 h.<\/p>\n<p>En Sede ANAFA. Rua Da Galeria 9 880-329. Tavira, Portugal.<br \/>\n<strong>Mi\u00e9rcoles 14 de septiembre<\/strong><br \/>\n\u00b7 Taller Iniciaci\u00f3n a la sesi\u00f3n con modelos en exterior, a cargo de Cesar Gil<\/p>\n<p>De 17:00 a 21:00 h.<\/p>\n<p>Plazas limitadas (15).<\/p>\n<p>Precio 20 euros (ingreso en N\u00ba. Cta. ES35 3187 0041 62 3122766417)<\/p>\n<p>Inscripci\u00f3n antes del 9 de septiembre en huelvaysf@gmail.com<\/p>\n<p>Punto de encuentro Centro de Visitantes \u201cHuelva, Puerta del Atl\u00e1ntico\u201d, Avda. Presidente Adolfo Su\u00e1rez s\/n. 21001 Huelva. Espa\u00f1a<\/p>\n<p><strong><img loading=\"lazy\" decoding=\"async\" width=\"300\" height=\"169\" class=\"aligncenter size-medium wp-image-4842\" src=\"https:\/\/www.huelvaysusfotografos.com\/wp-content\/uploads\/2016\/09\/Taller-C\u00e9sar-Gil-300x169.jpg\" alt=\"Taller C\u00e9sar Gil\" srcset=\"https:\/\/www.huelvaysusfotografos.com\/wp-content\/uploads\/2016\/09\/Taller-C\u00e9sar-Gil-300x169.jpg 300w, https:\/\/www.huelvaysusfotografos.com\/wp-content\/uploads\/2016\/09\/Taller-C\u00e9sar-Gil-1024x576.jpg 1024w, https:\/\/www.huelvaysusfotografos.com\/wp-content\/uploads\/2016\/09\/Taller-C\u00e9sar-Gil-768x432.jpg 768w, https:\/\/www.huelvaysusfotografos.com\/wp-content\/uploads\/2016\/09\/Taller-C\u00e9sar-Gil-1536x864.jpg 1536w, https:\/\/www.huelvaysusfotografos.com\/wp-content\/uploads\/2016\/09\/Taller-C\u00e9sar-Gil-2048x1152.jpg 2048w, https:\/\/www.huelvaysusfotografos.com\/wp-content\/uploads\/2016\/09\/Taller-C\u00e9sar-Gil-620x350.jpg 620w\" sizes=\"auto, (max-width: 300px) 100vw, 300px\" \/>Jueves 15 de septiembre<\/strong><br \/>\n\u00b7 Exposici\u00f3n Fotogr\u00e1fica colectiva \u201cVisiones Cruzadas\u201d<\/p>\n<p>De soci@s de \u201cANAFA\u201d, \u201cACAFA\u201d y \u201cHuelva y sus Fot\u00f3grafos\u201d.<\/p>\n<p>Del 15 al 30 de septiembre.<\/p>\n<p>Inauguraci\u00f3n d\u00edas 15 a las 20.30 h.<\/p>\n<p>En Centro Cultura Casa Grande. Calle Huelva n1 37, 21400. Ayamonte. Huelva. Espa\u00f1a<\/p>\n<p><a href=\"https:\/\/www.huelvaysusfotografos.com\/wp-content\/uploads\/2016\/09\/cuatro-2.jpg\" rel=\"attachment wp-att-4840\"><img loading=\"lazy\" decoding=\"async\" width=\"214\" height=\"300\" class=\"aligncenter size-medium wp-image-4840\" src=\"https:\/\/www.huelvaysusfotografos.com\/wp-content\/uploads\/2016\/09\/cuatro-2-214x300.jpg\" alt=\"cuatro-2\" srcset=\"https:\/\/www.huelvaysusfotografos.com\/wp-content\/uploads\/2016\/09\/cuatro-2-214x300.jpg 214w, https:\/\/www.huelvaysusfotografos.com\/wp-content\/uploads\/2016\/09\/cuatro-2.jpg 572w\" sizes=\"auto, (max-width: 214px) 100vw, 214px\" \/><\/a><br \/>\n<strong>Viernes 16 de septiembre<\/strong><br \/>\n\u00b7 Paseo Fotogr\u00e1fico por Ayamonte.<\/p>\n<p>Huelva. Espa\u00f1a.<\/p>\n<p>Pendiente de concretar hora y lugar de encuentro<br \/>\n<strong>S\u00e1bado 17 de septiembre<\/strong><br \/>\n\u00b7 Workshop Iniciaci\u00f3n a la Fotograf\u00eda, a cargo de Joao Ribeiro<\/p>\n<p>De 10:00 a 13:00 h y de 15:00 a 18:00 h.<\/p>\n<p>Precio 35 euros.<\/p>\n<p>Inscripci\u00f3n nafatavira@gmail.com \u00f3 965 112 181.<\/p>\n<p>En sede ANAFA Rua Da Galeria 9 880-329. Tavira, Portugal.<\/p>\n<p><a href=\"https:\/\/www.huelvaysusfotografos.com\/wp-content\/uploads\/2016\/09\/Workshop-Fotografia-Inicia\u00e7ao-Tavira.jpg\" rel=\"attachment wp-att-4843\"><img loading=\"lazy\" decoding=\"async\" width=\"212\" height=\"300\" class=\"aligncenter size-medium wp-image-4843\" src=\"https:\/\/www.huelvaysusfotografos.com\/wp-content\/uploads\/2016\/09\/Workshop-Fotografia-Inicia\u00e7ao-Tavira-212x300.jpg\" alt=\"Workshop Fotografia Inicia\u00e7ao Tavira\" srcset=\"https:\/\/www.huelvaysusfotografos.com\/wp-content\/uploads\/2016\/09\/Workshop-Fotografia-Inicia\u00e7ao-Tavira-212x300.jpg 212w, https:\/\/www.huelvaysusfotografos.com\/wp-content\/uploads\/2016\/09\/Workshop-Fotografia-Inicia\u00e7ao-Tavira.jpg 279w\" sizes=\"auto, (max-width: 212px) 100vw, 212px\" \/><\/a><\/p>\n<p><strong>Domingo 18 de septiembre<\/strong><br \/>\n\u00b7 Paseo por Isla Cristina y Convivencia<\/p>\n<p>A las 11:00 h. Punto de encuentro Salinas de Biomaris. Ctra. Pozo del Camino. Isla Cristina. Huelva. Espa\u00f1a.<\/p>\n<p>Itinerario previsto: Salinas de Isla Cristina, Zona Varadero, Muelle Isla Cristina, El Farito (Playa El Cantil), Puente de la Gola.<\/p>\n<p>Almuerzo-convivencia en merendero junto Casita Azul<\/p>\n<p><a href=\"https:\/\/www.huelvaysusfotografos.com\/wp-content\/uploads\/2016\/09\/Cartel-Convivencia.jpg\" rel=\"attachment wp-att-4839\"><img loading=\"lazy\" decoding=\"async\" width=\"200\" height=\"300\" class=\"aligncenter size-medium wp-image-4839\" src=\"https:\/\/www.huelvaysusfotografos.com\/wp-content\/uploads\/2016\/09\/Cartel-Convivencia-200x300.jpg\" alt=\"Cartel Convivencia\" srcset=\"https:\/\/www.huelvaysusfotografos.com\/wp-content\/uploads\/2016\/09\/Cartel-Convivencia-200x300.jpg 200w, https:\/\/www.huelvaysusfotografos.com\/wp-content\/uploads\/2016\/09\/Cartel-Convivencia-683x1024.jpg 683w, https:\/\/www.huelvaysusfotografos.com\/wp-content\/uploads\/2016\/09\/Cartel-Convivencia-768x1152.jpg 768w, https:\/\/www.huelvaysusfotografos.com\/wp-content\/uploads\/2016\/09\/Cartel-Convivencia-1024x1536.jpg 1024w, https:\/\/www.huelvaysusfotografos.com\/wp-content\/uploads\/2016\/09\/Cartel-Convivencia-1365x2048.jpg 1365w, https:\/\/www.huelvaysusfotografos.com\/wp-content\/uploads\/2016\/09\/Cartel-Convivencia-scaled.jpg 1707w\" sizes=\"auto, (max-width: 200px) 100vw, 200px\" \/><\/a><\/p>\n<p>*Nota_ Las horas vienen seg\u00fan la actividad sea en Portugal o Espa\u00f1a<a href=\"https:\/\/www.huelvaysusfotografos.com\/wp-content\/uploads\/2016\/09\/Taller-C\u00e9sar-Gil.jpg\" rel=\"attachment wp-att-4842\"><br \/>\n<\/a><\/p>\n","protected":false},"excerpt":{"rendered":"<p>&nbsp; La iniciativa parte de la Associa\u00e7ao e N\u00facleo de Amigos Fot\u00f3grafos do Algarve (A-NAFA) en 2015, con motivo del D\u00eda Mundial de la Fotograf\u00eda que se celebra el 19 de agosto, donde ya participaban algunas asociaciones de Huelva (ACAFA-Ayamonte y \u00abAsociaci\u00f3n Huelva y sus Fot\u00f3grafos). Este a\u00f1o, 2016, el programa de la II SEMANA DE LA FOTOGRAF\u00cdA se ha trasladado a septiembre (del 12 al 18) y re\u00fane un<\/p>\n<div class=\"belowpost\"><a class=\"btnmore\" href=\"https:\/\/www.huelvaysusfotografos.com\/?p=4838\">Seguir leyendo<\/a><\/div>\n","protected":false},"author":41,"featured_media":4862,"comment_status":"open","ping_status":"open","sticky":false,"template":"","format":"standard","meta":{"footnotes":"","_links_to":"","_links_to_target":""},"categories":[3],"tags":[],"class_list":["post-4838","post","type-post","status-publish","format-standard","has-post-thumbnail","hentry","category-noticias"],"_links":{"self":[{"href":"https:\/\/www.huelvaysusfotografos.com\/index.php?rest_route=\/wp\/v2\/posts\/4838","targetHints":{"allow":["GET"]}}],"collection":[{"href":"https:\/\/www.huelvaysusfotografos.com\/index.php?rest_route=\/wp\/v2\/posts"}],"about":[{"href":"https:\/\/www.huelvaysusfotografos.com\/index.php?rest_route=\/wp\/v2\/types\/post"}],"author":[{"embeddable":true,"href":"https:\/\/www.huelvaysusfotografos.com\/index.php?rest_route=\/wp\/v2\/users\/41"}],"replies":[{"embeddable":true,"href":"https:\/\/www.huelvaysusfotografos.com\/index.php?rest_route=%2Fwp%2Fv2%2Fcomments&post=4838"}],"version-history":[{"count":1,"href":"https:\/\/www.huelvaysusfotografos.com\/index.php?rest_route=\/wp\/v2\/posts\/4838\/revisions"}],"predecessor-version":[{"id":4844,"href":"https:\/\/www.huelvaysusfotografos.com\/index.php?rest_route=\/wp\/v2\/posts\/4838\/revisions\/4844"}],"wp:featuredmedia":[{"embeddable":true,"href":"https:\/\/www.huelvaysusfotografos.com\/index.php?rest_route=\/wp\/v2\/media\/4862"}],"wp:attachment":[{"href":"https:\/\/www.huelvaysusfotografos.com\/index.php?rest_route=%2Fwp%2Fv2%2Fmedia&parent=4838"}],"wp:term":[{"taxonomy":"category","embeddable":true,"href":"https:\/\/www.huelvaysusfotografos.com\/index.php?rest_route=%2Fwp%2Fv2%2Fcategories&post=4838"},{"taxonomy":"post_tag","embeddable":true,"href":"https:\/\/www.huelvaysusfotografos.com\/index.php?rest_route=%2Fwp%2Fv2%2Ftags&post=4838"}],"curies":[{"name":"wp","href":"https:\/\/api.w.org\/{rel}","templated":true}]}}