{"id":4833,"date":"2016-07-04T20:29:45","date_gmt":"2016-07-04T19:29:45","guid":{"rendered":"http:\/\/www.huelvaysusfotografos.com\/?p=4833"},"modified":"2016-07-04T20:29:45","modified_gmt":"2016-07-04T19:29:45","slug":"traemos-a-jose-maria-mellado-a-huelva-taller-captura-y-lr","status":"publish","type":"post","link":"https:\/\/www.huelvaysusfotografos.com\/?p=4833","title":{"rendered":"Traemos a Jos\u00e9 Mar\u00eda Mellado a Huelva: TALLER CAPTURA Y LR"},"content":{"rendered":"<p>Desde nuestra Asociaci\u00f3n \u00abHuelva y sus Fot\u00f3grafos\u00bb hemos cerrado un taller de \u00abCaptura y revelado con Lightroom\u00bb para septiembre con Jos\u00e9 Mar\u00eda Mellado.<\/p>\n<p>Si os interesa pod\u00e9is inscribirse desde ya!<\/p>\n<p>Toda la informaci\u00f3n en\u00a0<a href=\"http:\/\/fotoaltacalidad.com\/producto\/taller-captura-y-lr-huelva\/\">http:\/\/fotoaltacalidad.com\/producto\/taller-captura-y-lr-huelva\/\u00a0<\/a><\/p>\n<p class=\"product_title entry-title\">\n<div class=\"product_exceprt\">\n<p><strong>FECHA:\u00a0<\/strong>S\u00e1bado 10\u00a0\u2013 Domingo\u00a011 septiembre 2016<\/p>\n<p><strong>LUGAR:\u00a0<\/strong>por determinar<strong><br \/>\n<\/strong><\/p>\n<p><strong>Contacto:<\/strong>\u00a0imagen@yellowconsultores.com \u2013 Tel:\u00a091 713 07 87<\/p>\n<p><strong>Colabora:<\/strong>\u00a0\u00a0<a href=\"https:\/\/www.huelvaysusfotografos.com\/\" target=\"_blank\">Asociaci\u00f3n Huelva y sus Fot\u00f3grafos<\/a><\/p>\n<\/div>\n<p><a href=\"https:\/\/www.huelvaysusfotografos.com\/wp-content\/uploads\/2016\/07\/Captura-y-LR-Huelva-2016_600.png\" rel=\"attachment wp-att-4834\"><img loading=\"lazy\" decoding=\"async\" width=\"300\" height=\"300\" class=\"aligncenter size-medium wp-image-4834\" src=\"https:\/\/www.huelvaysusfotografos.com\/wp-content\/uploads\/2016\/07\/Captura-y-LR-Huelva-2016_600-300x300.png\" alt=\"Captura y LR Huelva 2016_600\" srcset=\"https:\/\/www.huelvaysusfotografos.com\/wp-content\/uploads\/2016\/07\/Captura-y-LR-Huelva-2016_600-300x300.png 300w, https:\/\/www.huelvaysusfotografos.com\/wp-content\/uploads\/2016\/07\/Captura-y-LR-Huelva-2016_600-150x150.png 150w, https:\/\/www.huelvaysusfotografos.com\/wp-content\/uploads\/2016\/07\/Captura-y-LR-Huelva-2016_600-50x50.png 50w, https:\/\/www.huelvaysusfotografos.com\/wp-content\/uploads\/2016\/07\/Captura-y-LR-Huelva-2016_600-186x186.png 186w, https:\/\/www.huelvaysusfotografos.com\/wp-content\/uploads\/2016\/07\/Captura-y-LR-Huelva-2016_600.png 601w\" sizes=\"auto, (max-width: 300px) 100vw, 300px\" \/><\/a><\/p>\n<p>Adel\u00e1ntate\u00a0 al pr\u00f3ximo libro Fotograf\u00eda de Alta Calidad, renovado por completo, para septiembre de 2016. Este taller \u2013 \u00fanico programado en 2016- ofrece informaci\u00f3n actualizada de nivel avanzado sobre el manejo de las nuevas c\u00e1maras del mercado sin espejo\u00a0 y r\u00e9flex, t\u00e9cnicas mejoradas de exposici\u00f3n y la gesti\u00f3n y revelado de las im\u00e1genes empleando la \u00faltima versi\u00f3n de Lightroom CC y Camera Raw.<\/p>\n<p>Para asegurarte el m\u00e1ximo aprovechamiento dedicaremos una tarde completa a poner en pr\u00e1ctica estas t\u00e9cnicas, al estilo de mis masterclasses, bajo supervisi\u00f3n. El domingo seleccionaremos y revelaremos estas im\u00e1genes para que puedas experimentar el flujo completo de captura y revelado.<\/p>\n<p>Los participantes en estos talleres tendr\u00e1n un env\u00edo prioritario del nuevo libro firmado, sin gastos de env\u00edo y un descuento del 10%.<\/p>\n<h4>PROGRAMA DEL TALLER<br \/>\nS\u00c1BADO &gt; 10 A 14H<\/h4>\n<p><strong>La C\u00e1mara<\/strong><\/p>\n<ul>\n<li class=\"active\">Configuraci\u00f3n y personalizaci\u00f3n de las nuevas c\u00e1maras sin espejo y r\u00e9flex para adaptarlas de forma \u00f3ptima a diferentes situaciones.<\/li>\n<li>Lentes y sensores<\/li>\n<li>M\u00e1rgenes de utilizaci\u00f3n de diafragmas y velocidad de obturaci\u00f3n en funci\u00f3n del sensor<\/li>\n<li>ISO y ruido.<\/li>\n<li>Control de la profundidad de campo. Distancia hiperfocal y apilamiento de im\u00e1genes<\/li>\n<\/ul>\n<p><strong>La exposici\u00f3n<\/strong><\/p>\n<ul>\n<li class=\"active\">El histograma. An\u00e1lisis e interpretaci\u00f3n.<\/li>\n<li>La medici\u00f3n correcta. Histograma en vivo, medici\u00f3n puntual a las altas luces y evaluativa<\/li>\n<li>Nuevo m\u00e9todo de exposici\u00f3n Express<\/li>\n<li>M\u00e9todo ELE para escenas de alto contraste<\/li>\n<\/ul>\n<h4>S\u00c1BADO &gt; 15 A 19H<\/h4>\n<p><strong>Salida<\/strong><\/p>\n<p>Nos desplazaremos a un par de localizaciones con diferente iluminaci\u00f3n donde podremos experimentar las t\u00e9cnicas planteadas en la ma\u00f1ana. El prop\u00f3sito es solventar las dudas particulares que puedan surgir y disponer de una sesi\u00f3n completa que podamos utilizar al d\u00eda siguiente al d\u00eda siguiente.<\/p>\n<h4>DOMINGO &gt; 9 A 14H<\/h4>\n<p><strong>Organizaci\u00f3n y selecci\u00f3n en Lightroom<\/strong><\/p>\n<ul>\n<li class=\"active\">Ajustes iniciales y carga de las im\u00e1genes<\/li>\n<li>Organizaci\u00f3n del cat\u00e1logo<\/li>\n<li>Selecci\u00f3n de fotograf\u00edas<\/li>\n<\/ul>\n<p><strong>Revelado<\/strong><\/p>\n<ul>\n<li class=\"active\">Lightroom y Camera Raw<\/li>\n<li>Revelado b\u00e1sico y ajustes locales.<\/li>\n<li>Novedades LR CC: ajustes de neblina, pincel corrector avanzado<\/li>\n<\/ul>\n<h4>DOMINGO &gt; 15 A 18H<\/h4>\n<p><strong>T\u00e9cnicas avanzadas de revelado<\/strong><\/p>\n<ul>\n<li class=\"active\">Control local de la temperatura de color.<\/li>\n<li>Fusi\u00f3n de im\u00e1genes para obtener mayor profundidad de campo<\/li>\n<li>Obtenci\u00f3n de im\u00e1genes HDR de calidad a partir de capturas con la t\u00e9cnica ELE.<\/li>\n<li>Revelado de v\u00eddeo<\/li>\n<\/ul>\n<p><strong>Conectividad y movilidad<\/strong><\/p>\n<ul>\n<li class=\"active\">Lightroom Mobile. Sincronizar y compartir im\u00e1genes y colecciones.<\/li>\n<li>Cat\u00e1logo en la nube y previsualizaciones inteligentes<\/li>\n<\/ul>\n<p><strong>Otros m\u00f3dulos<\/strong><\/p>\n<ul>\n<li class=\"active\">Exportaci\u00f3n de im\u00e1genes<\/li>\n<li>Libros<\/li>\n<li>Impresi\u00f3n<\/li>\n<li>Metadatos<\/li>\n<\/ul>\n","protected":false},"excerpt":{"rendered":"<p>Desde nuestra Asociaci\u00f3n \u00abHuelva y sus Fot\u00f3grafos\u00bb hemos cerrado un taller de \u00abCaptura y revelado con Lightroom\u00bb para septiembre con Jos\u00e9 Mar\u00eda Mellado. Si os interesa pod\u00e9is inscribirse desde ya! Toda la informaci\u00f3n en\u00a0http:\/\/fotoaltacalidad.com\/producto\/taller-captura-y-lr-huelva\/\u00a0 FECHA:\u00a0S\u00e1bado 10\u00a0\u2013 Domingo\u00a011 septiembre 2016 LUGAR:\u00a0por determinar Contacto:\u00a0imagen@yellowconsultores.com \u2013 Tel:\u00a091 713 07 87 Colabora:\u00a0\u00a0Asociaci\u00f3n Huelva y sus Fot\u00f3grafos Adel\u00e1ntate\u00a0 al pr\u00f3ximo libro Fotograf\u00eda de Alta Calidad, renovado por completo, para septiembre de 2016. Este taller \u2013<\/p>\n<div class=\"belowpost\"><a class=\"btnmore\" href=\"https:\/\/www.huelvaysusfotografos.com\/?p=4833\">Seguir leyendo<\/a><\/div>\n","protected":false},"author":41,"featured_media":4835,"comment_status":"open","ping_status":"open","sticky":false,"template":"","format":"standard","meta":{"footnotes":"","_links_to":"","_links_to_target":""},"categories":[14],"tags":[],"class_list":["post-4833","post","type-post","status-publish","format-standard","has-post-thumbnail","hentry","category-cursos"],"_links":{"self":[{"href":"https:\/\/www.huelvaysusfotografos.com\/index.php?rest_route=\/wp\/v2\/posts\/4833","targetHints":{"allow":["GET"]}}],"collection":[{"href":"https:\/\/www.huelvaysusfotografos.com\/index.php?rest_route=\/wp\/v2\/posts"}],"about":[{"href":"https:\/\/www.huelvaysusfotografos.com\/index.php?rest_route=\/wp\/v2\/types\/post"}],"author":[{"embeddable":true,"href":"https:\/\/www.huelvaysusfotografos.com\/index.php?rest_route=\/wp\/v2\/users\/41"}],"replies":[{"embeddable":true,"href":"https:\/\/www.huelvaysusfotografos.com\/index.php?rest_route=%2Fwp%2Fv2%2Fcomments&post=4833"}],"version-history":[{"count":1,"href":"https:\/\/www.huelvaysusfotografos.com\/index.php?rest_route=\/wp\/v2\/posts\/4833\/revisions"}],"predecessor-version":[{"id":4836,"href":"https:\/\/www.huelvaysusfotografos.com\/index.php?rest_route=\/wp\/v2\/posts\/4833\/revisions\/4836"}],"wp:featuredmedia":[{"embeddable":true,"href":"https:\/\/www.huelvaysusfotografos.com\/index.php?rest_route=\/wp\/v2\/media\/4835"}],"wp:attachment":[{"href":"https:\/\/www.huelvaysusfotografos.com\/index.php?rest_route=%2Fwp%2Fv2%2Fmedia&parent=4833"}],"wp:term":[{"taxonomy":"category","embeddable":true,"href":"https:\/\/www.huelvaysusfotografos.com\/index.php?rest_route=%2Fwp%2Fv2%2Fcategories&post=4833"},{"taxonomy":"post_tag","embeddable":true,"href":"https:\/\/www.huelvaysusfotografos.com\/index.php?rest_route=%2Fwp%2Fv2%2Ftags&post=4833"}],"curies":[{"name":"wp","href":"https:\/\/api.w.org\/{rel}","templated":true}]}}