{"id":4805,"date":"2016-05-12T20:19:11","date_gmt":"2016-05-12T19:19:11","guid":{"rendered":"http:\/\/www.huelvaysusfotografos.com\/?p=4805"},"modified":"2016-05-12T20:19:11","modified_gmt":"2016-05-12T19:19:11","slug":"proyecto-ultima-parada-libertad","status":"publish","type":"post","link":"https:\/\/www.huelvaysusfotografos.com\/?p=4805","title":{"rendered":"Proyecto \u00ab\u00daltima Parada: Libertad\u00bb"},"content":{"rendered":"<p style=\"text-align: justify;\">Tras descubrir \u00a0por las redes sociales el proyecto \u00ab\u00daltima Parada: Libertad\u00bb, y colaborar con \u00e9l, se nos ocurri\u00f3 entrevistar a sus protagonistas,\u00a0una fot\u00f3grafa y una escritora. \u00a0Un\u00a0proyecto de car\u00e1cter actual y social, que nos tiene totalmente desconcertados por la falta de respuesta pol\u00edtica internacional y por el volumen de personas desplazadas casi sin ayuda humanitaria,\u00a0nos referimos a los refugiados Sirios.<\/p>\n<p style=\"text-align: justify;\">Llevamos siguiendo esta aventura desde hace tiempo, y\u00a0hemos esperado que regresaran de su viaje para poder entrevistarlas con m\u00e1s calma, y para que pudieran darnos una visi\u00f3n m\u00e1s global de la experiencia.<\/p>\n<p style=\"text-align: justify;\"><strong>Ser\u00eda interesante que os presentaseis para aquellos que a\u00fan no saben de vosotras.<\/strong><\/p>\n<p style=\"text-align: justify;\">Alicia Petrashova, futura Graduada en Trabajo Social y Fot\u00f3grafa Freelance con experiencia en proyectos sociales. Me defino como una emprendedora en constante movimiento. Mi pasi\u00f3n es la fotograf\u00eda y las personas. Creo en la imagen como herramienta de uni\u00f3n y denuncia social.<\/p>\n<p style=\"text-align: justify;\">Raquel Ferrando, viajera empedernida y escritora con una sed de conocimientos inagotable y un gran inter\u00e9s por las relaciones humanas.\u00a0Quiero plasmar las voces, hasta ahora ignoradas, en el papel; el dolor, el alivio, el miedo, dibujados en palabras como solo la l\u00edrica sabe hacerlo, para poder ser escuchados con los ojos.<\/p>\n<p style=\"text-align: justify;\"><strong>\u00bfC\u00f3mo surge \u00ab\u00daltima parada libertad\u00bb?<\/strong><\/p>\n<p style=\"text-align: justify;\">Este proyecto naci\u00f3 en el mes de Septiembre, cuando ve\u00edamos lo que estaba pasando en Siria de manera fugaz en los medios y empezamos a documentarnos sobre el tema por nuestra cuenta. De repente se filtr\u00f3 la fotograf\u00eda de Aylan, el ni\u00f1o sirio cuyo cuerpo apareci\u00f3 en las costas del mar Egeo y una vez m\u00e1s, a la semana todos nos olvidamos de \u00e9l y del problema. La falta de conciencia social y la escasa informaci\u00f3n en los medios de comunicaci\u00f3n convencionales nos dieron el empuj\u00f3n para hacer algo, aportar nuestro granito de arena.<\/p>\n<p style=\"text-align: justify;\"><a href=\"https:\/\/www.huelvaysusfotografos.com\/wp-content\/uploads\/2016\/05\/MG_5805-r.jpg\" rel=\"attachment wp-att-4812\"><img loading=\"lazy\" decoding=\"async\" width=\"300\" height=\"200\" class=\"aligncenter size-medium wp-image-4812\" src=\"https:\/\/www.huelvaysusfotografos.com\/wp-content\/uploads\/2016\/05\/MG_5805-r-300x200.jpg\" alt=\"_MG_5805 r\" srcset=\"https:\/\/www.huelvaysusfotografos.com\/wp-content\/uploads\/2016\/05\/MG_5805-r-300x200.jpg 300w, https:\/\/www.huelvaysusfotografos.com\/wp-content\/uploads\/2016\/05\/MG_5805-r-1024x683.jpg 1024w, https:\/\/www.huelvaysusfotografos.com\/wp-content\/uploads\/2016\/05\/MG_5805-r-768x512.jpg 768w, https:\/\/www.huelvaysusfotografos.com\/wp-content\/uploads\/2016\/05\/MG_5805-r-1536x1024.jpg 1536w, https:\/\/www.huelvaysusfotografos.com\/wp-content\/uploads\/2016\/05\/MG_5805-r-2048x1365.jpg 2048w, https:\/\/www.huelvaysusfotografos.com\/wp-content\/uploads\/2016\/05\/MG_5805-r-120x80.jpg 120w\" sizes=\"auto, (max-width: 300px) 100vw, 300px\" \/><\/a><\/p>\n<p style=\"text-align: justify;\"><a href=\"https:\/\/www.huelvaysusfotografos.com\/wp-content\/uploads\/2016\/05\/12896475_10154092962077612_2140465909_o.jpg\" rel=\"attachment wp-att-4814\"><img loading=\"lazy\" decoding=\"async\" width=\"300\" height=\"200\" class=\"aligncenter size-medium wp-image-4814\" src=\"https:\/\/www.huelvaysusfotografos.com\/wp-content\/uploads\/2016\/05\/12896475_10154092962077612_2140465909_o-300x200.jpg\" alt=\"12896475_10154092962077612_2140465909_o\" srcset=\"https:\/\/www.huelvaysusfotografos.com\/wp-content\/uploads\/2016\/05\/12896475_10154092962077612_2140465909_o-300x200.jpg 300w, https:\/\/www.huelvaysusfotografos.com\/wp-content\/uploads\/2016\/05\/12896475_10154092962077612_2140465909_o-1024x683.jpg 1024w, https:\/\/www.huelvaysusfotografos.com\/wp-content\/uploads\/2016\/05\/12896475_10154092962077612_2140465909_o-768x512.jpg 768w, https:\/\/www.huelvaysusfotografos.com\/wp-content\/uploads\/2016\/05\/12896475_10154092962077612_2140465909_o-1536x1024.jpg 1536w, https:\/\/www.huelvaysusfotografos.com\/wp-content\/uploads\/2016\/05\/12896475_10154092962077612_2140465909_o-120x80.jpg 120w, https:\/\/www.huelvaysusfotografos.com\/wp-content\/uploads\/2016\/05\/12896475_10154092962077612_2140465909_o.jpg 2048w\" sizes=\"auto, (max-width: 300px) 100vw, 300px\" \/><\/a><\/p>\n<p style=\"text-align: justify;\"><strong>\u00bfPor qu\u00e9 ese nombre para el proyecto?<\/strong><\/p>\n<p style=\"text-align: justify;\">\u00ab\u00daltima parada: Libertad\u00bb fue el resultado de pensar en lo que realmente este \u00e9xodo pod\u00eda significar para ellos, lo que ese camino lleno de piedras y obst\u00e1culos constantes supon\u00eda. Quer\u00edamos transmitir la esperanza que mueve a estas personas por ser libres, por encontrar la paz. La idea era lanzar un mensaje positivo a la sociedad en el que la libertad es una realidad posible para todos y no un sue\u00f1o inalcanzable.<\/p>\n<p style=\"text-align: justify;\"><strong>\u00bfC\u00f3mo se ha llevado a cabo?<\/strong><\/p>\n<p style=\"text-align: justify;\">Llevar a cabo el proyecto no result\u00f3 nada f\u00e1cil. Trabajamos sin descanso durante demasiados d\u00edas, mandando emails, cartas, intentando hacernos o\u00edr. Pero \u00bfqui\u00e9nes \u00e9ramos nosotras? No \u00e9ramos nadie\u00a0as\u00ed\u00a0que decidimos realizar un Crowdfunding para que personas de nuestro entorno pudieran brindarnos su apoyo. Muchas de las personas a nuestro alrededor nos dec\u00edan que fu\u00e9ramos a por ello, pero lo cierto es que en el fondo nadie pens\u00f3 que lo lograr\u00edamos. Pero nosotras luchamos con u\u00f1as y dientes por hacer cuanto estuviera en nuestra mano para conseguirlo, y as\u00ed fue. En un mes recaudamos m\u00e1s de 6.500 euros que nos han permitido realizar este viaje y ahora poder trabajar para traer los resultados. Adem\u00e1s de la campa\u00f1a de Crowdfunding hemos realizado varios eventos solidarios en los que participaron todo tipo de artistas solidarios y obtuvimos apoyo en las redes sociales de fot\u00f3grafos y m\u00fasicos de toda Espa\u00f1a. Actualmente nos hemos hecho notar m\u00e1s, y varios medios de comunicaci\u00f3n nos han apoyado a lo largo de la ruta. Muchas Organizaciones sin \u00e1nimo de lucro nos han ayudado a lo largo del camino, ofreci\u00e9ndonos lugares donde alojarnos, asesoramiento, etc.;\u00a0como por ejemplo\u00a0en la Isla de Lesbos donde las organizaciones espa\u00f1olas PROEMAID y G-Fire nos ayudaron en todo lo que estuvo en sus manos y nos facilitaron mucho el trabajo.<\/p>\n<p style=\"text-align: justify;\"><strong>\u00bfQu\u00e9 ha sido lo m\u00e1s ilusionante, lo m\u00e1s desmotivador, lo m\u00e1s impresionante, el mayor impedimento de este proyecto?<\/strong><\/p>\n<p style=\"text-align: justify;\">Al principio ambas est\u00e1bamos muy ilusionadas por ir a poner nuestro granito de arena en la difusi\u00f3n de esta situaci\u00f3n, pero llegar all\u00ed hizo que todo se nos hiciera cuesta arriba a veces. Al estar all\u00ed, tus emociones se encuentran en una monta\u00f1a rusa, y la \u00fanica manera de hacer tu trabajo es intentando adormecerlas, hasta que te das cuenta de que hay d\u00edas que no sientes nada. Es duro darte cuenta de que todo el dolor y drama que te rodea parecen no suponer nada para ti, pero lo cierto es que realmente solo est\u00e1s llenando un vaso que un d\u00eda va a derramarse. Lo m\u00e1s bonito y lo m\u00e1s duro de este viaje ha sido las personas a las que hemos conocido, porque al volver a casa hemos sentido como si les abandon\u00e1ramos, como si les estuvi\u00e9ramos traicionando porque somos capaces de seguir con nuestra vida.<\/p>\n<p style=\"text-align: justify;\"><a href=\"https:\/\/www.huelvaysusfotografos.com\/wp-content\/uploads\/2016\/05\/MG_5701-r.jpg\" rel=\"attachment wp-att-4811\"><img loading=\"lazy\" decoding=\"async\" width=\"300\" height=\"200\" class=\"aligncenter size-medium wp-image-4811\" src=\"https:\/\/www.huelvaysusfotografos.com\/wp-content\/uploads\/2016\/05\/MG_5701-r-300x200.jpg\" alt=\"_MG_5701 r\" srcset=\"https:\/\/www.huelvaysusfotografos.com\/wp-content\/uploads\/2016\/05\/MG_5701-r-300x200.jpg 300w, https:\/\/www.huelvaysusfotografos.com\/wp-content\/uploads\/2016\/05\/MG_5701-r-1024x683.jpg 1024w, https:\/\/www.huelvaysusfotografos.com\/wp-content\/uploads\/2016\/05\/MG_5701-r-768x512.jpg 768w, https:\/\/www.huelvaysusfotografos.com\/wp-content\/uploads\/2016\/05\/MG_5701-r-1536x1024.jpg 1536w, https:\/\/www.huelvaysusfotografos.com\/wp-content\/uploads\/2016\/05\/MG_5701-r-2048x1365.jpg 2048w, https:\/\/www.huelvaysusfotografos.com\/wp-content\/uploads\/2016\/05\/MG_5701-r-120x80.jpg 120w\" sizes=\"auto, (max-width: 300px) 100vw, 300px\" \/><\/a><\/p>\n<p style=\"text-align: justify;\"><a href=\"https:\/\/www.huelvaysusfotografos.com\/wp-content\/uploads\/2016\/05\/MG_5281-r.jpg\" rel=\"attachment wp-att-4809\"><img loading=\"lazy\" decoding=\"async\" width=\"300\" height=\"200\" class=\"aligncenter size-medium wp-image-4809\" src=\"https:\/\/www.huelvaysusfotografos.com\/wp-content\/uploads\/2016\/05\/MG_5281-r-300x200.jpg\" alt=\"_MG_5281 r\" srcset=\"https:\/\/www.huelvaysusfotografos.com\/wp-content\/uploads\/2016\/05\/MG_5281-r-300x200.jpg 300w, https:\/\/www.huelvaysusfotografos.com\/wp-content\/uploads\/2016\/05\/MG_5281-r-1024x683.jpg 1024w, https:\/\/www.huelvaysusfotografos.com\/wp-content\/uploads\/2016\/05\/MG_5281-r-768x512.jpg 768w, https:\/\/www.huelvaysusfotografos.com\/wp-content\/uploads\/2016\/05\/MG_5281-r-1536x1024.jpg 1536w, https:\/\/www.huelvaysusfotografos.com\/wp-content\/uploads\/2016\/05\/MG_5281-r-2048x1365.jpg 2048w, https:\/\/www.huelvaysusfotografos.com\/wp-content\/uploads\/2016\/05\/MG_5281-r-120x80.jpg 120w\" sizes=\"auto, (max-width: 300px) 100vw, 300px\" \/><\/a><\/p>\n<p style=\"text-align: justify;\"><strong>\u00bfQu\u00e9 destacar\u00edas de este viaje?<\/strong><\/p>\n<p style=\"text-align: justify;\">-Como escritora, sab\u00eda que ten\u00eda que escuchar a personas que depositan su confianza en m\u00ed, confianza de que vaya a ser capaz de darles voz de la mejor forma que pueda, y eso es mucha presi\u00f3n. Tambi\u00e9n tienes que tener cuidado con qu\u00e9 preguntas y no ir m\u00e1s all\u00e1 de lo que esa persona quiere darte. M\u00e1s de una vez he hecho a alguien llorar y he vuelto al coche sintiendo una culpabilidad que no hab\u00eda conocido hasta el momento, tan intensa que me ha dejado fuera de juego durante d\u00edas.<\/p>\n<p style=\"text-align: justify;\">-Como fot\u00f3grafa, me he encontrado m\u00e1s de una vez con el t\u00edpico dilema en el que ten\u00eda que tomar la decisi\u00f3n de si tomar una fotograf\u00eda o tirar la c\u00e1mara y lanzarme a ayudar. Me gustar\u00eda haber evitado todas las miradas de miedo, incomprensi\u00f3n, desesperaci\u00f3n&#8230;para (ego\u00edstamente) no sentirme tan culpable de mostrar su drama, de no ser perseguida todas las noches por esas miradas. Creo que esta experiencia me ha hecho enfrentarme a mis propios miedos y crecer como persona.<\/p>\n<p style=\"text-align: justify;\"><a href=\"https:\/\/www.huelvaysusfotografos.com\/wp-content\/uploads\/2016\/05\/MG_4753-r.jpg\" rel=\"attachment wp-att-4807\"><img loading=\"lazy\" decoding=\"async\" width=\"300\" height=\"200\" class=\"aligncenter size-medium wp-image-4807\" src=\"https:\/\/www.huelvaysusfotografos.com\/wp-content\/uploads\/2016\/05\/MG_4753-r-300x200.jpg\" alt=\"_MG_4753 r\" srcset=\"https:\/\/www.huelvaysusfotografos.com\/wp-content\/uploads\/2016\/05\/MG_4753-r-300x200.jpg 300w, https:\/\/www.huelvaysusfotografos.com\/wp-content\/uploads\/2016\/05\/MG_4753-r-1024x683.jpg 1024w, https:\/\/www.huelvaysusfotografos.com\/wp-content\/uploads\/2016\/05\/MG_4753-r-768x512.jpg 768w, https:\/\/www.huelvaysusfotografos.com\/wp-content\/uploads\/2016\/05\/MG_4753-r-1536x1024.jpg 1536w, https:\/\/www.huelvaysusfotografos.com\/wp-content\/uploads\/2016\/05\/MG_4753-r-2048x1365.jpg 2048w, https:\/\/www.huelvaysusfotografos.com\/wp-content\/uploads\/2016\/05\/MG_4753-r-120x80.jpg 120w\" sizes=\"auto, (max-width: 300px) 100vw, 300px\" \/><\/a><\/p>\n<p><strong>\u00bfHab\u00e9is cumplido vuestros objetivos?<\/strong><\/p>\n<p style=\"text-align: justify;\">Creemos que hemos cumplido con nuestro objetivo aunque nos gustar\u00eda siempre nos gustar\u00eda llevar a \u00daltima parada: Libertad m\u00e1s lejos cubriendo m\u00e1s lugares y dando voz a m\u00e1s personas. La crisis de refugiados sigue presente y estas personas siguen necesitando que alcemos la voz por ellos, que sigamos luchando desde aqu\u00ed. Creemos firmemente que la conciencia social es el primer paso para empezar a actuar y esperamos que nuestros esfuerzos hayan valido la pena para que al menos una persona se haya dado cuenta de lo que est\u00e1 pasando y decida no olvidarlo.<\/p>\n<p><strong>Y ahora..\u00a0<\/strong><\/p>\n<p style=\"text-align: justify;\">Ya estamos de vuelta en casa y ahora nos toca un largo camino por recorrer para poder presentar los resultados de la mejor manera posible. Estamos muy contentas de empezar a trabajar por\u00a0fin en las fotograf\u00edas e historias recogidas durante m\u00e1s de dos meses para poder transmitir todo lo vivido a nuestros seguidores y la poblaci\u00f3n en general. Mientras trabajamos en la exposici\u00f3n de fotos y el foto-libro hemos comenzado a impartir peque\u00f1as charlas en diferentes lugares para dar a conocer la situaci\u00f3n de los refugiados y mostrar una parte de nuestro trabajo, como por ejemplo los v\u00eddeos que hemos ido creando a lo largo de la ruta.<\/p>\n<p><a href=\"https:\/\/www.huelvaysusfotografos.com\/wp-content\/uploads\/2016\/05\/12898346_1061516717243380_9000312683230809702_o.jpg\" rel=\"attachment wp-att-4815\"><img loading=\"lazy\" decoding=\"async\" width=\"300\" height=\"200\" class=\"aligncenter size-medium wp-image-4815\" src=\"https:\/\/www.huelvaysusfotografos.com\/wp-content\/uploads\/2016\/05\/12898346_1061516717243380_9000312683230809702_o-300x200.jpg\" alt=\"12898346_1061516717243380_9000312683230809702_o\" srcset=\"https:\/\/www.huelvaysusfotografos.com\/wp-content\/uploads\/2016\/05\/12898346_1061516717243380_9000312683230809702_o-300x200.jpg 300w, https:\/\/www.huelvaysusfotografos.com\/wp-content\/uploads\/2016\/05\/12898346_1061516717243380_9000312683230809702_o-1024x683.jpg 1024w, https:\/\/www.huelvaysusfotografos.com\/wp-content\/uploads\/2016\/05\/12898346_1061516717243380_9000312683230809702_o-768x512.jpg 768w, https:\/\/www.huelvaysusfotografos.com\/wp-content\/uploads\/2016\/05\/12898346_1061516717243380_9000312683230809702_o-1536x1024.jpg 1536w, https:\/\/www.huelvaysusfotografos.com\/wp-content\/uploads\/2016\/05\/12898346_1061516717243380_9000312683230809702_o-120x80.jpg 120w, https:\/\/www.huelvaysusfotografos.com\/wp-content\/uploads\/2016\/05\/12898346_1061516717243380_9000312683230809702_o.jpg 2048w\" sizes=\"auto, (max-width: 300px) 100vw, 300px\" \/><\/a><\/p>\n<p>S\u00f3lo nos queda dar la enhorabuena a Alicia y Raquel por su trabajo y su atrevimiento, y desearles que puedan llevar a buen fin y presentar sus resultados, nosotros los estamos esperando \u00abcomo agua de mayo\u00bb.<\/p>\n<p><strong>Pod\u00e9is encontrar m\u00e1s en el blog de la web:<\/strong><\/p>\n<p><a href=\"http:\/\/www.ultimaparadalibertad.com\/\">www.ultimaparadalibertad.com<\/a><\/p>\n","protected":false},"excerpt":{"rendered":"<p>Tras descubrir \u00a0por las redes sociales el proyecto \u00ab\u00daltima Parada: Libertad\u00bb, y colaborar con \u00e9l, se nos ocurri\u00f3 entrevistar a sus protagonistas,\u00a0una fot\u00f3grafa y una escritora. \u00a0Un\u00a0proyecto de car\u00e1cter actual y social, que nos tiene totalmente desconcertados por la falta de respuesta pol\u00edtica internacional y por el volumen de personas desplazadas casi sin ayuda humanitaria,\u00a0nos referimos a los refugiados Sirios. Llevamos siguiendo esta aventura desde hace tiempo, y\u00a0hemos esperado que<\/p>\n<div class=\"belowpost\"><a class=\"btnmore\" href=\"https:\/\/www.huelvaysusfotografos.com\/?p=4805\">Seguir leyendo<\/a><\/div>\n","protected":false},"author":41,"featured_media":4813,"comment_status":"open","ping_status":"open","sticky":false,"template":"","format":"standard","meta":{"footnotes":"","_links_to":"","_links_to_target":""},"categories":[3],"tags":[],"class_list":["post-4805","post","type-post","status-publish","format-standard","has-post-thumbnail","hentry","category-noticias"],"_links":{"self":[{"href":"https:\/\/www.huelvaysusfotografos.com\/index.php?rest_route=\/wp\/v2\/posts\/4805","targetHints":{"allow":["GET"]}}],"collection":[{"href":"https:\/\/www.huelvaysusfotografos.com\/index.php?rest_route=\/wp\/v2\/posts"}],"about":[{"href":"https:\/\/www.huelvaysusfotografos.com\/index.php?rest_route=\/wp\/v2\/types\/post"}],"author":[{"embeddable":true,"href":"https:\/\/www.huelvaysusfotografos.com\/index.php?rest_route=\/wp\/v2\/users\/41"}],"replies":[{"embeddable":true,"href":"https:\/\/www.huelvaysusfotografos.com\/index.php?rest_route=%2Fwp%2Fv2%2Fcomments&post=4805"}],"version-history":[{"count":8,"href":"https:\/\/www.huelvaysusfotografos.com\/index.php?rest_route=\/wp\/v2\/posts\/4805\/revisions"}],"predecessor-version":[{"id":4824,"href":"https:\/\/www.huelvaysusfotografos.com\/index.php?rest_route=\/wp\/v2\/posts\/4805\/revisions\/4824"}],"wp:featuredmedia":[{"embeddable":true,"href":"https:\/\/www.huelvaysusfotografos.com\/index.php?rest_route=\/wp\/v2\/media\/4813"}],"wp:attachment":[{"href":"https:\/\/www.huelvaysusfotografos.com\/index.php?rest_route=%2Fwp%2Fv2%2Fmedia&parent=4805"}],"wp:term":[{"taxonomy":"category","embeddable":true,"href":"https:\/\/www.huelvaysusfotografos.com\/index.php?rest_route=%2Fwp%2Fv2%2Fcategories&post=4805"},{"taxonomy":"post_tag","embeddable":true,"href":"https:\/\/www.huelvaysusfotografos.com\/index.php?rest_route=%2Fwp%2Fv2%2Ftags&post=4805"}],"curies":[{"name":"wp","href":"https:\/\/api.w.org\/{rel}","templated":true}]}}