{"id":4790,"date":"2016-05-06T17:41:44","date_gmt":"2016-05-06T16:41:44","guid":{"rendered":"http:\/\/www.huelvaysusfotografos.com\/?p=4790"},"modified":"2016-05-06T17:41:44","modified_gmt":"2016-05-06T16:41:44","slug":"fotea-2016-huelva-romantica","status":"publish","type":"post","link":"https:\/\/www.huelvaysusfotografos.com\/?p=4790","title":{"rendered":"FOTEA 2016- HUELVA ROM\u00c1NTICA"},"content":{"rendered":"<p style=\"text-align: justify;\">En esa l\u00ednea en la que venimos trabajando desde hace a\u00f1os de crear nuevas actividades y propuestas para nuestros socios y socias (en este caso una actividad m\u00e1s abierta), hemos recogido el guante a una propuesta de nuestro socio Paco Gil y nos hemos aventurado a organizar FOTEA 2016- HUELVA ROM\u00c1NTICA.<\/p>\n<p style=\"text-align: justify;\">Agradecemos al Ayuntamiento de Huelva, concretamente a la Concejal\u00eda de Cultura, la cesi\u00f3n de uso de los jardines de la Casa Col\u00f3n para este incipiente evento, pero que seguro conseguiremos que sea una fecha importante en nuestro calendario de actividades.<\/p>\n<p style=\"text-align: justify;\"><a href=\"https:\/\/www.huelvaysusfotografos.com\/wp-content\/uploads\/2016\/05\/FOTEA.jpg\" rel=\"attachment wp-att-4792\"><img loading=\"lazy\" decoding=\"async\" width=\"300\" height=\"225\" class=\"aligncenter size-medium wp-image-4792\" src=\"https:\/\/www.huelvaysusfotografos.com\/wp-content\/uploads\/2016\/05\/FOTEA-300x225.jpg\" alt=\"FOTEA\" srcset=\"https:\/\/www.huelvaysusfotografos.com\/wp-content\/uploads\/2016\/05\/FOTEA-300x225.jpg 300w, https:\/\/www.huelvaysusfotografos.com\/wp-content\/uploads\/2016\/05\/FOTEA-1024x768.jpg 1024w, https:\/\/www.huelvaysusfotografos.com\/wp-content\/uploads\/2016\/05\/FOTEA-768x576.jpg 768w, https:\/\/www.huelvaysusfotografos.com\/wp-content\/uploads\/2016\/05\/FOTEA-1536x1152.jpg 1536w, https:\/\/www.huelvaysusfotografos.com\/wp-content\/uploads\/2016\/05\/FOTEA-160x120.jpg 160w, https:\/\/www.huelvaysusfotografos.com\/wp-content\/uploads\/2016\/05\/FOTEA.jpg 2048w\" sizes=\"auto, (max-width: 300px) 100vw, 300px\" \/><\/a><\/p>\n<p style=\"text-align: justify;\">Ahora mismo, estamos en el punto de invitar\u00a0a los seguidores de nuestro grupo Facebook \u00abFOTEA 2016- HUELVA ROM\u00c1NTICA\u00bb a participar de esta quedada fotogr\u00e1fica en un entorno incomparable de la ciudad onubense, con el objeto de hacer un viaje al pasado hist\u00f3rico y de esplendor de\u00a0Huelva. Bajo el t\u00edtulo \u00abFOTEA 2016- Huelva Rom\u00e1ntica\u00bb, queremos concentrar a\u00a0fot\u00f3grafos y fot\u00f3grafas\u00a0y modelos en un ambiente buc\u00f3lico y evocador de aquella \u00e9poca. En cuanto a fot\u00f3grafos\/as abrimos la convocatoria hasta 15 personas que se sumar\u00edan a los 15 socios\/as de nuestra asociaci\u00f3n (estar\u00edamos convocados 30 fot\u00f3grafos). De igual forma los\/as primeros\/as modelos que se inscriban podr\u00e1n participar de esta iniciativa (tambi\u00e9n hasta 25 0 30).<\/p>\n<p style=\"text-align: justify;\">Agradecer\u00edamos dejarais escrito por aqu\u00ed quien se compromete como modelo o fot\u00f3grafo\/a en\u00a0<a href=\"https:\/\/www.facebook.com\/events\/1742852485929974\/1743167302565159\/\">https:\/\/www.facebook.com\/events\/1742852485929974\/1743167302565159\/<\/a><\/p>\n<p style=\"text-align: justify;\">Ya estamos deseando que llegue el d\u00eda!!!<\/p>\n<p style=\"text-align: justify;\">Pronto novedades&#8230;<\/p>\n","protected":false},"excerpt":{"rendered":"<p>En esa l\u00ednea en la que venimos trabajando desde hace a\u00f1os de crear nuevas actividades y propuestas para nuestros socios y socias (en este caso una actividad m\u00e1s abierta), hemos recogido el guante a una propuesta de nuestro socio Paco Gil y nos hemos aventurado a organizar FOTEA 2016- HUELVA ROM\u00c1NTICA. Agradecemos al Ayuntamiento de Huelva, concretamente a la Concejal\u00eda de Cultura, la cesi\u00f3n de uso de los jardines de<\/p>\n<div class=\"belowpost\"><a class=\"btnmore\" href=\"https:\/\/www.huelvaysusfotografos.com\/?p=4790\">Seguir leyendo<\/a><\/div>\n","protected":false},"author":41,"featured_media":4792,"comment_status":"open","ping_status":"open","sticky":false,"template":"","format":"standard","meta":{"footnotes":"","_links_to":"","_links_to_target":""},"categories":[4],"tags":[],"class_list":["post-4790","post","type-post","status-publish","format-standard","has-post-thumbnail","hentry","category-actividades"],"_links":{"self":[{"href":"https:\/\/www.huelvaysusfotografos.com\/index.php?rest_route=\/wp\/v2\/posts\/4790","targetHints":{"allow":["GET"]}}],"collection":[{"href":"https:\/\/www.huelvaysusfotografos.com\/index.php?rest_route=\/wp\/v2\/posts"}],"about":[{"href":"https:\/\/www.huelvaysusfotografos.com\/index.php?rest_route=\/wp\/v2\/types\/post"}],"author":[{"embeddable":true,"href":"https:\/\/www.huelvaysusfotografos.com\/index.php?rest_route=\/wp\/v2\/users\/41"}],"replies":[{"embeddable":true,"href":"https:\/\/www.huelvaysusfotografos.com\/index.php?rest_route=%2Fwp%2Fv2%2Fcomments&post=4790"}],"version-history":[{"count":2,"href":"https:\/\/www.huelvaysusfotografos.com\/index.php?rest_route=\/wp\/v2\/posts\/4790\/revisions"}],"predecessor-version":[{"id":4793,"href":"https:\/\/www.huelvaysusfotografos.com\/index.php?rest_route=\/wp\/v2\/posts\/4790\/revisions\/4793"}],"wp:featuredmedia":[{"embeddable":true,"href":"https:\/\/www.huelvaysusfotografos.com\/index.php?rest_route=\/wp\/v2\/media\/4792"}],"wp:attachment":[{"href":"https:\/\/www.huelvaysusfotografos.com\/index.php?rest_route=%2Fwp%2Fv2%2Fmedia&parent=4790"}],"wp:term":[{"taxonomy":"category","embeddable":true,"href":"https:\/\/www.huelvaysusfotografos.com\/index.php?rest_route=%2Fwp%2Fv2%2Fcategories&post=4790"},{"taxonomy":"post_tag","embeddable":true,"href":"https:\/\/www.huelvaysusfotografos.com\/index.php?rest_route=%2Fwp%2Fv2%2Ftags&post=4790"}],"curies":[{"name":"wp","href":"https:\/\/api.w.org\/{rel}","templated":true}]}}