{"id":4776,"date":"2016-05-04T21:18:38","date_gmt":"2016-05-04T20:18:38","guid":{"rendered":"http:\/\/www.huelvaysusfotografos.com\/?p=4776"},"modified":"2016-05-06T17:17:10","modified_gmt":"2016-05-06T16:17:10","slug":"tertulia-fotografica-con-malia-leon","status":"publish","type":"post","link":"https:\/\/www.huelvaysusfotografos.com\/?p=4776","title":{"rendered":"TERTULIA FOTOGR\u00c1FICA con MALIA LE\u00d3N"},"content":{"rendered":"<p>Hoy he pasado la tarde con Malia Le\u00f3n\u2026 como si fu\u00e9ramos amigas de toda la vida\u2026 amiga de sus amigos, amante de sus gatos, apasionada por la cocina, creativa maquilladora, y sobre todo hechizada por la fotograf\u00eda\u2026<\/p>\n<p><a href=\"https:\/\/www.huelvaysusfotografos.com\/wp-content\/uploads\/2016\/05\/selfp10.jpg\" rel=\"attachment wp-att-4777\"><img loading=\"lazy\" decoding=\"async\" width=\"200\" height=\"300\" class=\"aligncenter size-medium wp-image-4777\" src=\"https:\/\/www.huelvaysusfotografos.com\/wp-content\/uploads\/2016\/05\/selfp10-200x300.jpg\" alt=\"selfp10\" srcset=\"https:\/\/www.huelvaysusfotografos.com\/wp-content\/uploads\/2016\/05\/selfp10-200x300.jpg 200w, https:\/\/www.huelvaysusfotografos.com\/wp-content\/uploads\/2016\/05\/selfp10-684x1024.jpg 684w, https:\/\/www.huelvaysusfotografos.com\/wp-content\/uploads\/2016\/05\/selfp10-768x1150.jpg 768w, https:\/\/www.huelvaysusfotografos.com\/wp-content\/uploads\/2016\/05\/selfp10.jpg 1002w\" sizes=\"auto, (max-width: 200px) 100vw, 200px\" \/><\/a><\/p>\n<p>Me contaba que desde peque\u00f1a estuvo presente \u201clo art\u00edstico\u201d en su entorno, con su madre que la fotografiaba en todos sus momentos cotidianos y con su t\u00edo que pintaba desde bien joven. Su inter\u00e9s por el mundo de las artes fue compa\u00f1ero de viaje desde entonces.<\/p>\n<p>A pesar de tener un sino claro en su camino, durante su adolescencia decidi\u00f3 iniciar sus estudios de Psicolog\u00eda en la Universidad de Sevilla, pues le atra\u00eda conocer los entresijos de la mente, pero pronto descubri\u00f3 que el ser humano es demasiado complejo y que su verdadera vocaci\u00f3n era el mundo de la imagen.<\/p>\n<p>Ser\u00eda dos a\u00f1os despu\u00e9s cuando comienza a realizar sus primeros autorretratos con la intenci\u00f3n de practicar la edici\u00f3n con el conocido programa Photoshop, y vuelve a su ciudad natal, Ayamonte. Tras un largo a\u00f1o de reflexi\u00f3n personal- no quer\u00eda volver a perder tiempo en caminos equivocados- comienza los estudios de T\u00e9cnico Superior en Imagen en el IES Pablo Neruda de Huelva, siendo una alumna que ya por entonces apuntaba buenas maneras.<\/p>\n<p>Con sus ansias por aprender m\u00e1s de lo que esta titulaci\u00f3n le ofrec\u00eda, comienza una trayectoria de estudio autodidacta que le sirve para ir definiendo su estilo personal, sobre todo en el mundo del autorretrato, el retrato, la fotograf\u00eda de detalles y la conceptual.<\/p>\n<p><a href=\"https:\/\/www.huelvaysusfotografos.com\/wp-content\/uploads\/2016\/05\/conceptual3.jpg\" rel=\"attachment wp-att-4779\"><img loading=\"lazy\" decoding=\"async\" width=\"200\" height=\"300\" class=\"aligncenter size-medium wp-image-4779\" src=\"https:\/\/www.huelvaysusfotografos.com\/wp-content\/uploads\/2016\/05\/conceptual3-200x300.jpg\" alt=\"conceptual3\" srcset=\"https:\/\/www.huelvaysusfotografos.com\/wp-content\/uploads\/2016\/05\/conceptual3-200x300.jpg 200w, https:\/\/www.huelvaysusfotografos.com\/wp-content\/uploads\/2016\/05\/conceptual3-683x1024.jpg 683w, https:\/\/www.huelvaysusfotografos.com\/wp-content\/uploads\/2016\/05\/conceptual3-768x1152.jpg 768w, https:\/\/www.huelvaysusfotografos.com\/wp-content\/uploads\/2016\/05\/conceptual3.jpg 1000w\" sizes=\"auto, (max-width: 200px) 100vw, 200px\" \/><\/a><\/p>\n<p style=\"text-align: justify;\">Malia es muy pasional, muy natural y a veces roza el descaro en sus modos, todo esto le imprime personalidad y frescura como creadora art\u00edstica en el mundo de la fotograf\u00eda, que indudablemente transfiere a su obra.<\/p>\n<p style=\"text-align: justify;\"><a href=\"https:\/\/www.huelvaysusfotografos.com\/wp-content\/uploads\/2016\/05\/outdoor11.jpg\" rel=\"attachment wp-att-4778\"><img loading=\"lazy\" decoding=\"async\" width=\"300\" height=\"200\" class=\"aligncenter size-medium wp-image-4778\" src=\"https:\/\/www.huelvaysusfotografos.com\/wp-content\/uploads\/2016\/05\/outdoor11-300x200.jpg\" alt=\"outdoor11\" srcset=\"https:\/\/www.huelvaysusfotografos.com\/wp-content\/uploads\/2016\/05\/outdoor11-300x200.jpg 300w, https:\/\/www.huelvaysusfotografos.com\/wp-content\/uploads\/2016\/05\/outdoor11-1024x683.jpg 1024w, https:\/\/www.huelvaysusfotografos.com\/wp-content\/uploads\/2016\/05\/outdoor11-768x512.jpg 768w, https:\/\/www.huelvaysusfotografos.com\/wp-content\/uploads\/2016\/05\/outdoor11-1536x1024.jpg 1536w, https:\/\/www.huelvaysusfotografos.com\/wp-content\/uploads\/2016\/05\/outdoor11-2048x1365.jpg 2048w, https:\/\/www.huelvaysusfotografos.com\/wp-content\/uploads\/2016\/05\/outdoor11-120x80.jpg 120w\" sizes=\"auto, (max-width: 300px) 100vw, 300px\" \/><\/a><\/p>\n<p style=\"text-align: justify;\">Tiene un basto archivo fotogr\u00e1fico que gestiona con Lightroom, y retoca con Photoshop con la habilidad propia de una gran profesional. Dispone de un peque\u00f1o, pero suficiente, estudio fotogr\u00e1fico donde poder realizar parte del trabajo que desarrolla; aunque utiliza de manera magistral el uso de la luz natural, utiliza flashes de mano al estilo strobit, y desear\u00eda para el futuro poder hacerse con un equipo de iluminaci\u00f3n de estudio profesional.<\/p>\n<p style=\"text-align: justify;\">Adem\u00e1s del trabajo personal que realiza, ha conseguido que sus fotograf\u00edas sean portada de libros (Indigo, del escritor Ateniense Minas Papageorgiou, y El cine de Claudia, de Ram\u00f3n Breu) y del single \u201cThe man who never was\u201d de GaebaH. Ha colaborado con artistas de la categor\u00eda de Konrad Buss, Cristina Maci\u00e1n o J. Gal\u00e1n, y adem\u00e1s ha realizado varias exposiciones fotogr\u00e1ficas individuales en C\u00f3rdoba y en Ayamonte.<\/p>\n<p style=\"text-align: justify;\">El d\u00eda\u00a05 de mayo, a las 19.30 horas, podremos conocerla y conocer m\u00e1s su trabajo en la Tertulia Fotogr\u00e1fica, que la Asociaci\u00f3n Huelva y sus Fot\u00f3grafos organiza todos los primeros jueves de mes en el Estudio Fotogr\u00e1fcio de Dulfi, en Calle Marina n\u00ba 19, de Huelva. La entrada es libre hasta completas aforo.<\/p>\n<p>Para saber m\u00e1s son de Malia Le\u00f3n:<\/p>\n<p><a href=\"https:\/\/www.flickr.com\/photos\/malialeon\/\">https:\/\/www.flickr.com\/photos\/malialeon\/<\/a><\/p>\n<p><a href=\"https:\/\/www.facebook.com\/malialeon?fref=ts\">https:\/\/www.facebook.com\/malialeon?fref=ts<\/a><\/p>\n","protected":false},"excerpt":{"rendered":"<p>Hoy he pasado la tarde con Malia Le\u00f3n\u2026 como si fu\u00e9ramos amigas de toda la vida\u2026 amiga de sus amigos, amante de sus gatos, apasionada por la cocina, creativa maquilladora, y sobre todo hechizada por la fotograf\u00eda\u2026 Me contaba que desde peque\u00f1a estuvo presente \u201clo art\u00edstico\u201d en su entorno, con su madre que la fotografiaba en todos sus momentos cotidianos y con su t\u00edo que pintaba desde bien joven. Su<\/p>\n<div class=\"belowpost\"><a class=\"btnmore\" href=\"https:\/\/www.huelvaysusfotografos.com\/?p=4776\">Seguir leyendo<\/a><\/div>\n","protected":false},"author":41,"featured_media":4780,"comment_status":"open","ping_status":"open","sticky":false,"template":"","format":"standard","meta":{"footnotes":"","_links_to":"","_links_to_target":""},"categories":[32],"tags":[],"class_list":["post-4776","post","type-post","status-publish","format-standard","has-post-thumbnail","hentry","category-tertulias"],"_links":{"self":[{"href":"https:\/\/www.huelvaysusfotografos.com\/index.php?rest_route=\/wp\/v2\/posts\/4776","targetHints":{"allow":["GET"]}}],"collection":[{"href":"https:\/\/www.huelvaysusfotografos.com\/index.php?rest_route=\/wp\/v2\/posts"}],"about":[{"href":"https:\/\/www.huelvaysusfotografos.com\/index.php?rest_route=\/wp\/v2\/types\/post"}],"author":[{"embeddable":true,"href":"https:\/\/www.huelvaysusfotografos.com\/index.php?rest_route=\/wp\/v2\/users\/41"}],"replies":[{"embeddable":true,"href":"https:\/\/www.huelvaysusfotografos.com\/index.php?rest_route=%2Fwp%2Fv2%2Fcomments&post=4776"}],"version-history":[{"count":8,"href":"https:\/\/www.huelvaysusfotografos.com\/index.php?rest_route=\/wp\/v2\/posts\/4776\/revisions"}],"predecessor-version":[{"id":4789,"href":"https:\/\/www.huelvaysusfotografos.com\/index.php?rest_route=\/wp\/v2\/posts\/4776\/revisions\/4789"}],"wp:featuredmedia":[{"embeddable":true,"href":"https:\/\/www.huelvaysusfotografos.com\/index.php?rest_route=\/wp\/v2\/media\/4780"}],"wp:attachment":[{"href":"https:\/\/www.huelvaysusfotografos.com\/index.php?rest_route=%2Fwp%2Fv2%2Fmedia&parent=4776"}],"wp:term":[{"taxonomy":"category","embeddable":true,"href":"https:\/\/www.huelvaysusfotografos.com\/index.php?rest_route=%2Fwp%2Fv2%2Fcategories&post=4776"},{"taxonomy":"post_tag","embeddable":true,"href":"https:\/\/www.huelvaysusfotografos.com\/index.php?rest_route=%2Fwp%2Fv2%2Ftags&post=4776"}],"curies":[{"name":"wp","href":"https:\/\/api.w.org\/{rel}","templated":true}]}}