{"id":4764,"date":"2016-04-18T20:31:18","date_gmt":"2016-04-18T19:31:18","guid":{"rendered":"http:\/\/www.huelvaysusfotografos.com\/?p=4764"},"modified":"2016-04-18T20:35:25","modified_gmt":"2016-04-18T19:35:25","slug":"jose-ramon-cazorla-ganador-del-concurso-esta-foto-esta-movida","status":"publish","type":"post","link":"https:\/\/www.huelvaysusfotografos.com\/?p=4764","title":{"rendered":"Jos\u00e9 Ram\u00f3n Cazorla, ganador del concurso \u00abESTA FOTO EST\u00c1 MOVIDA\u00bb"},"content":{"rendered":"<p style=\"text-align: justify;\">Como todos los meses desde el grupo Flickr del grupo \u00abHuelva y sus Fot\u00f3grafos\u00bb lanzamos un reto fotogr\u00e1fico abierto a los aficionados que usen esta red social. El pasado mes la tem\u00e1tica propuesta fue \u00abEsta foto est\u00e1 movida\u00bb, resultando ganador Jos\u00e9 Ram\u00f3n Carzola con su fotograf\u00eda \u00abPor los suelos\u00bb.<\/p>\n<p style=\"text-align: justify;\">Parte del premio es un peque\u00f1o reconocimiento en \u00e9sta nuestra web, a trav\u00e9s de lo que el ganador nos cuenta tras unas cuestiones sobre su trayectoria en el mundo de la fotograf\u00eda, as\u00ed que os dejamos sus impresiones y comentarios:<\/p>\n<p style=\"text-align: justify;\"><span style=\"color: #000080;\"><em>\u00abMi comienzo en el mundo de la fotograf\u00eda fue hace mucho tiempo, cuando por aquel entonces, no s\u00e9 si recordareis que era muy habitual ir de viaje a Ceuta para poder conseguir alg\u00fan aparato electr\u00f3nico a buen precio.<\/em><\/span><\/p>\n<p style=\"text-align: justify;\"><span style=\"color: #000080;\"><em>Una de estas veces recuerdo que era yo un chaval\u00edn, mi padre me vino con una camarita de fotos, la cual no recuerdo su marca , y digo camarita porque es eso lo que era, peque\u00f1a casi como de llavero, y me dijo que hacia fotos de verdad, yo como loco comenc\u00e9 a hacer fotos aunque no ten\u00eda muy claro que este artilugio, tan poca cosa fuera a hacer fotos de verdad. Y s\u00ed me lo cre\u00ed cuando a los pocos d\u00edas me trajo las fotos reveladas. No daba cr\u00e9dito que de esa maquinita pudiera salir esas fotos, para m\u00ed fue como m\u00e1gico y desde ese mismo instante este mundo me atrap\u00f3.<\/em><\/span><\/p>\n<p style=\"text-align: justify;\"><span style=\"color: #000080;\"><em>Con el paso del tiempo he tenido muchas c\u00e1maras, todas anal\u00f3gicas, claro que es lo que hab\u00eda. Y con la llegada de la fotograf\u00eda digital digamos que es cuando m\u00e1s estoy disfrutando de este apasionante mundo y tambi\u00e9n cuando m\u00e1s me he interesado por mejorar en este arte aunque quiz\u00e1s me ha llegado demasiado tarde, pero ya sab\u00e9is m\u00e1s vale tarde que nunca.<\/em><\/span><\/p>\n<p style=\"text-align: justify;\"><span style=\"color: #000080;\"><em>Mi primer contacto con un grupo de fotograf\u00eda fue a ra\u00edz de un cartel que vi en el que anunciaban una exposici\u00f3n en la Casa Col\u00f3n, a la cual fui y a partir de ah\u00ed, fue cuando comenc\u00e9 a compartir esta gran afici\u00f3n, la cual me ha dado y sigue d\u00e1ndome grandes amigos, para poder seguir aprendiendo en con todos vosotros.<\/em><\/span><\/p>\n<p style=\"text-align: justify;\"><span style=\"color: #000080;\"><em>Bueno con estas palabras ya me conoc\u00e9is un poquito mejor.<\/em><\/span><\/p>\n<p style=\"text-align: justify;\"><span style=\"color: #000080;\"><em>La fotograf\u00eda que m\u00e1s me gusta son las de paisajes, tambi\u00e9n las callejeras y sobre todo la fotograf\u00eda en blanco y negro, creo que tienen un algo especial. Por eso mi fot\u00f3grafo preferido es Seb\u00e2stiao Salgado tambi\u00e9n Charlie Waite y Ansel Adams.<\/em><\/span><\/p>\n<p style=\"text-align: justify;\"><span style=\"color: #000080;\"><em>Saludos y hasta otra amigos.\u00bb<\/em><\/span><\/p>\n<p><a href=\"https:\/\/www.huelvaysusfotografos.com\/wp-content\/uploads\/2016\/04\/Captura-de-pantalla-2016-04-18-a-las-21.16.30.png\" rel=\"attachment wp-att-4765\"><img loading=\"lazy\" decoding=\"async\" width=\"300\" height=\"201\" class=\"aligncenter size-medium wp-image-4765\" src=\"https:\/\/www.huelvaysusfotografos.com\/wp-content\/uploads\/2016\/04\/Captura-de-pantalla-2016-04-18-a-las-21.16.30-300x201.png\" alt=\"Captura de pantalla 2016-04-18 a la(s) 21.16.30\" srcset=\"https:\/\/www.huelvaysusfotografos.com\/wp-content\/uploads\/2016\/04\/Captura-de-pantalla-2016-04-18-a-las-21.16.30-300x201.png 300w, https:\/\/www.huelvaysusfotografos.com\/wp-content\/uploads\/2016\/04\/Captura-de-pantalla-2016-04-18-a-las-21.16.30-768x514.png 768w, https:\/\/www.huelvaysusfotografos.com\/wp-content\/uploads\/2016\/04\/Captura-de-pantalla-2016-04-18-a-las-21.16.30-120x80.png 120w, https:\/\/www.huelvaysusfotografos.com\/wp-content\/uploads\/2016\/04\/Captura-de-pantalla-2016-04-18-a-las-21.16.30.png 954w\" sizes=\"auto, (max-width: 300px) 100vw, 300px\" \/><\/a><\/p>\n<p><a href=\"https:\/\/www.huelvaysusfotografos.com\/wp-content\/uploads\/2016\/04\/Captura-de-pantalla-2016-04-18-a-las-21.16.56.png\" rel=\"attachment wp-att-4767\"><img loading=\"lazy\" decoding=\"async\" width=\"300\" height=\"202\" class=\"aligncenter size-medium wp-image-4767\" src=\"https:\/\/www.huelvaysusfotografos.com\/wp-content\/uploads\/2016\/04\/Captura-de-pantalla-2016-04-18-a-las-21.16.56-300x202.png\" alt=\"Captura de pantalla 2016-04-18 a la(s) 21.16.56\" srcset=\"https:\/\/www.huelvaysusfotografos.com\/wp-content\/uploads\/2016\/04\/Captura-de-pantalla-2016-04-18-a-las-21.16.56-300x202.png 300w, https:\/\/www.huelvaysusfotografos.com\/wp-content\/uploads\/2016\/04\/Captura-de-pantalla-2016-04-18-a-las-21.16.56-768x517.png 768w, https:\/\/www.huelvaysusfotografos.com\/wp-content\/uploads\/2016\/04\/Captura-de-pantalla-2016-04-18-a-las-21.16.56-120x80.png 120w, https:\/\/www.huelvaysusfotografos.com\/wp-content\/uploads\/2016\/04\/Captura-de-pantalla-2016-04-18-a-las-21.16.56.png 849w\" sizes=\"auto, (max-width: 300px) 100vw, 300px\" \/><\/a><\/p>\n<p><a href=\"https:\/\/www.huelvaysusfotografos.com\/wp-content\/uploads\/2016\/04\/Captura-de-pantalla-2016-04-18-a-las-21.16.48.png\" rel=\"attachment wp-att-4766\"><img loading=\"lazy\" decoding=\"async\" width=\"300\" height=\"200\" class=\"aligncenter size-medium wp-image-4766\" src=\"https:\/\/www.huelvaysusfotografos.com\/wp-content\/uploads\/2016\/04\/Captura-de-pantalla-2016-04-18-a-las-21.16.48-300x200.png\" alt=\"Captura de pantalla 2016-04-18 a la(s) 21.16.48\" srcset=\"https:\/\/www.huelvaysusfotografos.com\/wp-content\/uploads\/2016\/04\/Captura-de-pantalla-2016-04-18-a-las-21.16.48-300x200.png 300w, https:\/\/www.huelvaysusfotografos.com\/wp-content\/uploads\/2016\/04\/Captura-de-pantalla-2016-04-18-a-las-21.16.48-768x511.png 768w, https:\/\/www.huelvaysusfotografos.com\/wp-content\/uploads\/2016\/04\/Captura-de-pantalla-2016-04-18-a-las-21.16.48-120x80.png 120w, https:\/\/www.huelvaysusfotografos.com\/wp-content\/uploads\/2016\/04\/Captura-de-pantalla-2016-04-18-a-las-21.16.48.png 859w\" sizes=\"auto, (max-width: 300px) 100vw, 300px\" \/><\/a><\/p>\n<p>&nbsp;<\/p>\n<p>Puedes ver m\u00e1s fotograf\u00edas de Jos\u00e9 Ram\u00f3n Cazorla en su Flickr\u00a0<a href=\"https:\/\/www.flickr.com\/photos\/87759692@N08\/\">https:\/\/www.flickr.com\/photos\/87759692@N08\/<\/a><\/p>\n<p>Ahora tenemos abierto dos concursos en los que puedes participar y ganar algunos premios! Son:<\/p>\n<ul>\n<li><strong>Tu mejor foto de marzo:\u00a0<\/strong>El plazo de presentaci\u00f3n para la fotograf\u00eda del mes de\u00a0MARZO,\u00a0ser\u00e1 hasta el 20 de ABRIL a las 24:00 Horas.\u00a0Las votaciones se llevaran a cabo del 21 al 31 de ABRIL a las 22:00 Horas.\u00a0<a href=\"https:\/\/www.flickr.com\/groups\/745880@N23\/discuss\/72157666755946935\/\">https:\/\/www.flickr.com\/groups\/745880@N23\/discuss\/72157666755946935\/<\/a><\/li>\n<li><strong>Concurso tem\u00e1tico: Pasi\u00f3n por la Semana Santa.<\/strong>\u00a0Hasta las 24:00 horas del d\u00eda 20 de ABRIL para subir la foto; una vez terminado el plazo se abrir\u00e1n las votaciones que ser\u00e1n a partir de esa hora hasta el 30 de ABRIL a las 24:00h.\u00a0<a href=\"https:\/\/www.flickr.com\/groups\/745880@N23\/discuss\/72157666756097955\/\">https:\/\/www.flickr.com\/groups\/745880@N23\/discuss\/72157666756097955\/<\/a><\/li>\n<\/ul>\n<p>Esperamos vuestras fotos!!<\/p>\n","protected":false},"excerpt":{"rendered":"<p>Como todos los meses desde el grupo Flickr del grupo \u00abHuelva y sus Fot\u00f3grafos\u00bb lanzamos un reto fotogr\u00e1fico abierto a los aficionados que usen esta red social. El pasado mes la tem\u00e1tica propuesta fue \u00abEsta foto est\u00e1 movida\u00bb, resultando ganador Jos\u00e9 Ram\u00f3n Carzola con su fotograf\u00eda \u00abPor los suelos\u00bb. Parte del premio es un peque\u00f1o reconocimiento en \u00e9sta nuestra web, a trav\u00e9s de lo que el ganador nos cuenta tras<\/p>\n<div class=\"belowpost\"><a class=\"btnmore\" href=\"https:\/\/www.huelvaysusfotografos.com\/?p=4764\">Seguir leyendo<\/a><\/div>\n","protected":false},"author":41,"featured_media":4768,"comment_status":"open","ping_status":"open","sticky":false,"template":"","format":"standard","meta":{"footnotes":"","_links_to":"","_links_to_target":""},"categories":[3],"tags":[],"class_list":["post-4764","post","type-post","status-publish","format-standard","has-post-thumbnail","hentry","category-noticias"],"_links":{"self":[{"href":"https:\/\/www.huelvaysusfotografos.com\/index.php?rest_route=\/wp\/v2\/posts\/4764","targetHints":{"allow":["GET"]}}],"collection":[{"href":"https:\/\/www.huelvaysusfotografos.com\/index.php?rest_route=\/wp\/v2\/posts"}],"about":[{"href":"https:\/\/www.huelvaysusfotografos.com\/index.php?rest_route=\/wp\/v2\/types\/post"}],"author":[{"embeddable":true,"href":"https:\/\/www.huelvaysusfotografos.com\/index.php?rest_route=\/wp\/v2\/users\/41"}],"replies":[{"embeddable":true,"href":"https:\/\/www.huelvaysusfotografos.com\/index.php?rest_route=%2Fwp%2Fv2%2Fcomments&post=4764"}],"version-history":[{"count":6,"href":"https:\/\/www.huelvaysusfotografos.com\/index.php?rest_route=\/wp\/v2\/posts\/4764\/revisions"}],"predecessor-version":[{"id":4774,"href":"https:\/\/www.huelvaysusfotografos.com\/index.php?rest_route=\/wp\/v2\/posts\/4764\/revisions\/4774"}],"wp:featuredmedia":[{"embeddable":true,"href":"https:\/\/www.huelvaysusfotografos.com\/index.php?rest_route=\/wp\/v2\/media\/4768"}],"wp:attachment":[{"href":"https:\/\/www.huelvaysusfotografos.com\/index.php?rest_route=%2Fwp%2Fv2%2Fmedia&parent=4764"}],"wp:term":[{"taxonomy":"category","embeddable":true,"href":"https:\/\/www.huelvaysusfotografos.com\/index.php?rest_route=%2Fwp%2Fv2%2Fcategories&post=4764"},{"taxonomy":"post_tag","embeddable":true,"href":"https:\/\/www.huelvaysusfotografos.com\/index.php?rest_route=%2Fwp%2Fv2%2Ftags&post=4764"}],"curies":[{"name":"wp","href":"https:\/\/api.w.org\/{rel}","templated":true}]}}