{"id":4755,"date":"2016-04-11T23:04:48","date_gmt":"2016-04-11T22:04:48","guid":{"rendered":"http:\/\/www.huelvaysusfotografos.com\/?p=4755"},"modified":"2016-04-11T23:29:04","modified_gmt":"2016-04-11T22:29:04","slug":"hoy-comenzo-el-taller-de-iniciacion-a-la-fotografia","status":"publish","type":"post","link":"https:\/\/www.huelvaysusfotografos.com\/?p=4755","title":{"rendered":"Hoy comenz\u00f3 el Taller de Iniciaci\u00f3n a la fotograf\u00eda"},"content":{"rendered":"<p>Por fin damos inicio al primero de los cursos que quer\u00edamos realizar desde hac\u00eda tiempo. Hoy lunes 11 y ma\u00f1ana 12 de abril, se desarrollar\u00e1 el Taller de Iniciaci\u00f3n a la Fotograf\u00eda Digital, con la participaci\u00f3n docente de C\u00e9sar Gil.<\/p>\n<p>El taller ha sido todo un \u00e9xito de participaci\u00f3n, cubriendo las plazas previstas y teniendo un p\u00fablico muy variado,tanto socios\/as de Huelva y sus Fot\u00f3grafos como otras personas que precisan de los conocimientos b\u00e1sicos para sacar partido a sus c\u00e1maras.<\/p>\n<p>Nuestro Presidente, Pedro Jos\u00e9 Ruiz- Constantino P\u00e9rez ha querido acercarse a dar la bienvenida a los asistentes, adem\u00e1s de hacerles una breve presentaci\u00f3n de nuestra asociaci\u00f3n y lugares por donde pueden tener informaci\u00f3n nuestra (web, Facebook y Flickr).<\/p>\n<p>Queremos dar las gracias de nuevo a Fundaci\u00f3n Cajasol, y en particular a Mati Valdivia y Jes\u00fas Pulido por todas las gestiones y facilidades que se nos han prestado para la puesta en marcha de este primer taller, y esperemos no sea el \u00faltimo.<\/p>\n<p><a href=\"https:\/\/www.huelvaysusfotografos.com\/wp-content\/uploads\/2016\/04\/Taller-iniciaci\u00f3n-foto-1.jpg\" rel=\"attachment wp-att-4756\"><img loading=\"lazy\" decoding=\"async\" width=\"300\" height=\"200\" class=\"aligncenter size-medium wp-image-4756\" src=\"https:\/\/www.huelvaysusfotografos.com\/wp-content\/uploads\/2016\/04\/Taller-iniciaci\u00f3n-foto-1-300x200.jpg\" alt=\"Para uso consulte con la fot\u00f3grafa (juana.martin@hotmail.com) \u00a9 2016 Todos los derechos reservados. Juana Mar\u00eda Mart\u00edn Infantes\" srcset=\"https:\/\/www.huelvaysusfotografos.com\/wp-content\/uploads\/2016\/04\/Taller-iniciaci\u00f3n-foto-1-300x200.jpg 300w, https:\/\/www.huelvaysusfotografos.com\/wp-content\/uploads\/2016\/04\/Taller-iniciaci\u00f3n-foto-1-1024x683.jpg 1024w, https:\/\/www.huelvaysusfotografos.com\/wp-content\/uploads\/2016\/04\/Taller-iniciaci\u00f3n-foto-1-768x512.jpg 768w, https:\/\/www.huelvaysusfotografos.com\/wp-content\/uploads\/2016\/04\/Taller-iniciaci\u00f3n-foto-1-1536x1024.jpg 1536w, https:\/\/www.huelvaysusfotografos.com\/wp-content\/uploads\/2016\/04\/Taller-iniciaci\u00f3n-foto-1-2048x1365.jpg 2048w, https:\/\/www.huelvaysusfotografos.com\/wp-content\/uploads\/2016\/04\/Taller-iniciaci\u00f3n-foto-1-120x80.jpg 120w\" sizes=\"auto, (max-width: 300px) 100vw, 300px\" \/><\/a><\/p>\n<p style=\"text-align: center;\">Bienvenida al curso por parte del Presidente (Foto: Juana Mart\u00edn)<a href=\"https:\/\/www.huelvaysusfotografos.com\/wp-content\/uploads\/2016\/04\/Taller-iniciaci\u00f3n-foto-2.jpg\" rel=\"attachment wp-att-4757\"><img loading=\"lazy\" decoding=\"async\" width=\"300\" height=\"200\" class=\"aligncenter size-medium wp-image-4757\" src=\"https:\/\/www.huelvaysusfotografos.com\/wp-content\/uploads\/2016\/04\/Taller-iniciaci\u00f3n-foto-2-300x200.jpg\" alt=\"Para uso consulte con la fot\u00f3grafa (juana.martin@hotmail.com) \u00a9 2016 Todos los derechos reservados. Juana Mar\u00eda Mart\u00edn Infantes\" srcset=\"https:\/\/www.huelvaysusfotografos.com\/wp-content\/uploads\/2016\/04\/Taller-iniciaci\u00f3n-foto-2-300x200.jpg 300w, https:\/\/www.huelvaysusfotografos.com\/wp-content\/uploads\/2016\/04\/Taller-iniciaci\u00f3n-foto-2-1024x683.jpg 1024w, https:\/\/www.huelvaysusfotografos.com\/wp-content\/uploads\/2016\/04\/Taller-iniciaci\u00f3n-foto-2-768x512.jpg 768w, https:\/\/www.huelvaysusfotografos.com\/wp-content\/uploads\/2016\/04\/Taller-iniciaci\u00f3n-foto-2-1536x1024.jpg 1536w, https:\/\/www.huelvaysusfotografos.com\/wp-content\/uploads\/2016\/04\/Taller-iniciaci\u00f3n-foto-2-2048x1365.jpg 2048w, https:\/\/www.huelvaysusfotografos.com\/wp-content\/uploads\/2016\/04\/Taller-iniciaci\u00f3n-foto-2-120x80.jpg 120w\" sizes=\"auto, (max-width: 300px) 100vw, 300px\" \/><\/a><\/p>\n<p style=\"text-align: center;\">Alumnado\u00a0(Foto: Juana Mart\u00edn)<a href=\"https:\/\/www.huelvaysusfotografos.com\/wp-content\/uploads\/2016\/04\/Taller-iniciaci\u00f3n-foto-3.jpg\" rel=\"attachment wp-att-4758\"><br \/>\n<\/a><\/p>\n","protected":false},"excerpt":{"rendered":"<p>Por fin damos inicio al primero de los cursos que quer\u00edamos realizar desde hac\u00eda tiempo. Hoy lunes 11 y ma\u00f1ana 12 de abril, se desarrollar\u00e1 el Taller de Iniciaci\u00f3n a la Fotograf\u00eda Digital, con la participaci\u00f3n docente de C\u00e9sar Gil. El taller ha sido todo un \u00e9xito de participaci\u00f3n, cubriendo las plazas previstas y teniendo un p\u00fablico muy variado,tanto socios\/as de Huelva y sus Fot\u00f3grafos como otras personas que precisan<\/p>\n<div class=\"belowpost\"><a class=\"btnmore\" href=\"https:\/\/www.huelvaysusfotografos.com\/?p=4755\">Seguir leyendo<\/a><\/div>\n","protected":false},"author":41,"featured_media":4758,"comment_status":"open","ping_status":"open","sticky":false,"template":"","format":"standard","meta":{"footnotes":"","_links_to":"","_links_to_target":""},"categories":[3],"tags":[],"class_list":["post-4755","post","type-post","status-publish","format-standard","has-post-thumbnail","hentry","category-noticias"],"_links":{"self":[{"href":"https:\/\/www.huelvaysusfotografos.com\/index.php?rest_route=\/wp\/v2\/posts\/4755","targetHints":{"allow":["GET"]}}],"collection":[{"href":"https:\/\/www.huelvaysusfotografos.com\/index.php?rest_route=\/wp\/v2\/posts"}],"about":[{"href":"https:\/\/www.huelvaysusfotografos.com\/index.php?rest_route=\/wp\/v2\/types\/post"}],"author":[{"embeddable":true,"href":"https:\/\/www.huelvaysusfotografos.com\/index.php?rest_route=\/wp\/v2\/users\/41"}],"replies":[{"embeddable":true,"href":"https:\/\/www.huelvaysusfotografos.com\/index.php?rest_route=%2Fwp%2Fv2%2Fcomments&post=4755"}],"version-history":[{"count":4,"href":"https:\/\/www.huelvaysusfotografos.com\/index.php?rest_route=\/wp\/v2\/posts\/4755\/revisions"}],"predecessor-version":[{"id":4762,"href":"https:\/\/www.huelvaysusfotografos.com\/index.php?rest_route=\/wp\/v2\/posts\/4755\/revisions\/4762"}],"wp:featuredmedia":[{"embeddable":true,"href":"https:\/\/www.huelvaysusfotografos.com\/index.php?rest_route=\/wp\/v2\/media\/4758"}],"wp:attachment":[{"href":"https:\/\/www.huelvaysusfotografos.com\/index.php?rest_route=%2Fwp%2Fv2%2Fmedia&parent=4755"}],"wp:term":[{"taxonomy":"category","embeddable":true,"href":"https:\/\/www.huelvaysusfotografos.com\/index.php?rest_route=%2Fwp%2Fv2%2Fcategories&post=4755"},{"taxonomy":"post_tag","embeddable":true,"href":"https:\/\/www.huelvaysusfotografos.com\/index.php?rest_route=%2Fwp%2Fv2%2Ftags&post=4755"}],"curies":[{"name":"wp","href":"https:\/\/api.w.org\/{rel}","templated":true}]}}