{"id":4740,"date":"2016-03-21T18:44:29","date_gmt":"2016-03-21T17:44:29","guid":{"rendered":"http:\/\/www.huelvaysusfotografos.com\/?p=4740"},"modified":"2016-03-21T19:13:15","modified_gmt":"2016-03-21T18:13:15","slug":"taller-de-iniciacion-a-la-fotografia-digital-inscribete","status":"publish","type":"post","link":"https:\/\/www.huelvaysusfotografos.com\/?p=4740","title":{"rendered":"TALLER DE INICIACI\u00d3N A LA FOTOGRAF\u00cdA DIGITAL, inscr\u00edbete&#8230;"},"content":{"rendered":"<p style=\"text-align: justify;\">Ya sab\u00e9is muchos que nuestra\u00a0Asociaci\u00f3n \u00abHuelva y sus Fot\u00f3grafos\u00bb es un colectivo que viene promocionando desde hace a\u00f1os la afici\u00f3n y pasi\u00f3n por la fotograf\u00eda. Desde sus inicios ha organizado\u00a0multitud de eventos relacionados con la fotograf\u00eda&#8230; concursos, exposiciones, actividades solidarias, talleres, quedadas y encuentros-convivencias con otras asociaciones, aniversarios, incluso la edici\u00f3n de una revista interna para socios para mantenerlos informados de la actualidad fotogr\u00e1fica cercana a Huelva, adem\u00e1s llevamos el grupo Flick \u00abHuelva y sus Fot\u00f3grafos\u00bb\u00a0<a href=\"https:\/\/www.flickr.com\/groups\/huelva_y_sus_fotografos\/\">https:\/\/www.flickr.com\/groups\/huelva_y_sus_fotografos\/<\/a>\u00a0y la p\u00e1gina de Facebook de nuestra asociaci\u00f3n\u00a0<a href=\"https:\/\/www.facebook.com\/huelvaysusfotografos\/\">https:\/\/www.facebook.com\/huelvaysusfotografos\/\u00a0<\/a><\/p>\n<p style=\"text-align: justify;\">Desde hace unos meses venimos organizando una serie de actividades formativas, y por fin con el apoyo y\u00a0colaboraci\u00f3n con <strong>Fundaci\u00f3n Cajasol<\/strong>, podemos\u00a0lanzar el primero de los talleres que hemos ideado con nuestro amigo y fot\u00f3grafo <strong><a href=\"http:\/\/cesargilfoto.com\">C\u00e9sar Gil<\/a>.<\/strong> Como decimos el primero, un \u00ab<strong>TALLER DE INICIACI\u00d3N A LA FOTOGRAF\u00cdA DIGITAL<\/strong>\u00bb se tiene previsto desarrollar los d\u00edas 11 y 12 de abril de 17 a 21 h.,\u00a0en la <em>Sala Zenobia Camprub\u00ed<\/em> de la Fundaci\u00f3n Cajasol de Huelva (calle Puerto 10- 4\u00ba planta).<\/p>\n<p style=\"text-align: justify;\">Esta actividad\u00a0est\u00e1 abierta al p\u00fablico en general y en particular a aquellas personas que tienen una c\u00e1mara digital pero a\u00fan no le han podido sacar partido porque no la conocen. Las plazas son limitadas, por ello la admisi\u00f3n ser\u00e1 por riguroso orden de llegada. El precio por los dos d\u00edas se ser\u00e1 de <strong>25<\/strong> euros para los asociados de la Asociaci\u00f3n HYSF, y y <strong>30<\/strong> euros para los no socios. El n\u00famero de cuenta es (IBAN ES35) 3187 0041 62 3122766417.<\/p>\n<p style=\"text-align: justify;\">Las personas interesadas deber\u00e1n remitir sus datos junto comprobante del ingreso bancario al mail huelvaysf@gmail.com.<\/p>\n<p style=\"text-align: justify;\"><a href=\"https:\/\/www.huelvaysusfotografos.com\/wp-content\/uploads\/2016\/03\/cartel-taller-iniciaci\u00f3n-foto-1.jpg\" rel=\"attachment wp-att-4743\"><img loading=\"lazy\" decoding=\"async\" width=\"300\" height=\"200\" class=\"aligncenter size-medium wp-image-4743\" src=\"https:\/\/www.huelvaysusfotografos.com\/wp-content\/uploads\/2016\/03\/cartel-taller-iniciaci\u00f3n-foto-1-300x200.jpg\" alt=\"cartel taller iniciaci\u00f3n foto\" srcset=\"https:\/\/www.huelvaysusfotografos.com\/wp-content\/uploads\/2016\/03\/cartel-taller-iniciaci\u00f3n-foto-1-300x200.jpg 300w, https:\/\/www.huelvaysusfotografos.com\/wp-content\/uploads\/2016\/03\/cartel-taller-iniciaci\u00f3n-foto-1-1024x683.jpg 1024w, https:\/\/www.huelvaysusfotografos.com\/wp-content\/uploads\/2016\/03\/cartel-taller-iniciaci\u00f3n-foto-1-768x512.jpg 768w, https:\/\/www.huelvaysusfotografos.com\/wp-content\/uploads\/2016\/03\/cartel-taller-iniciaci\u00f3n-foto-1-1536x1024.jpg 1536w, https:\/\/www.huelvaysusfotografos.com\/wp-content\/uploads\/2016\/03\/cartel-taller-iniciaci\u00f3n-foto-1-120x80.jpg 120w, https:\/\/www.huelvaysusfotografos.com\/wp-content\/uploads\/2016\/03\/cartel-taller-iniciaci\u00f3n-foto-1.jpg 2048w\" sizes=\"auto, (max-width: 300px) 100vw, 300px\" \/><\/a><\/p>\n<p style=\"text-align: justify;\">\u00c9ste ser\u00e1 el primero de una serie de acciones formativas que desde meses vienen demandando tanto socios de esta entidad, como aficionados onubenses. Los siguientes talleres programados son: T\u00e9cnica en fotograf\u00eda digital, flujo de trabajo; La exposici\u00f3n en fotograf\u00eda digital, Taller de iniciaci\u00f3n a la fotograf\u00eda nocturna.<\/p>\n<p style=\"text-align: justify;\">Seguro ser\u00e1 una experiencia muy clarificadora para los asistentes!<\/p>\n<p style=\"text-align: justify;\">\n","protected":false},"excerpt":{"rendered":"<p>Ya sab\u00e9is muchos que nuestra\u00a0Asociaci\u00f3n \u00abHuelva y sus Fot\u00f3grafos\u00bb es un colectivo que viene promocionando desde hace a\u00f1os la afici\u00f3n y pasi\u00f3n por la fotograf\u00eda. Desde sus inicios ha organizado\u00a0multitud de eventos relacionados con la fotograf\u00eda&#8230; concursos, exposiciones, actividades solidarias, talleres, quedadas y encuentros-convivencias con otras asociaciones, aniversarios, incluso la edici\u00f3n de una revista interna para socios para mantenerlos informados de la actualidad fotogr\u00e1fica cercana a Huelva, adem\u00e1s llevamos el<\/p>\n<div class=\"belowpost\"><a class=\"btnmore\" href=\"https:\/\/www.huelvaysusfotografos.com\/?p=4740\">Seguir leyendo<\/a><\/div>\n","protected":false},"author":41,"featured_media":4742,"comment_status":"open","ping_status":"open","sticky":false,"template":"","format":"standard","meta":{"footnotes":"","_links_to":"","_links_to_target":""},"categories":[7],"tags":[],"class_list":["post-4740","post","type-post","status-publish","format-standard","has-post-thumbnail","hentry","category-talleres"],"_links":{"self":[{"href":"https:\/\/www.huelvaysusfotografos.com\/index.php?rest_route=\/wp\/v2\/posts\/4740","targetHints":{"allow":["GET"]}}],"collection":[{"href":"https:\/\/www.huelvaysusfotografos.com\/index.php?rest_route=\/wp\/v2\/posts"}],"about":[{"href":"https:\/\/www.huelvaysusfotografos.com\/index.php?rest_route=\/wp\/v2\/types\/post"}],"author":[{"embeddable":true,"href":"https:\/\/www.huelvaysusfotografos.com\/index.php?rest_route=\/wp\/v2\/users\/41"}],"replies":[{"embeddable":true,"href":"https:\/\/www.huelvaysusfotografos.com\/index.php?rest_route=%2Fwp%2Fv2%2Fcomments&post=4740"}],"version-history":[{"count":4,"href":"https:\/\/www.huelvaysusfotografos.com\/index.php?rest_route=\/wp\/v2\/posts\/4740\/revisions"}],"predecessor-version":[{"id":4746,"href":"https:\/\/www.huelvaysusfotografos.com\/index.php?rest_route=\/wp\/v2\/posts\/4740\/revisions\/4746"}],"wp:featuredmedia":[{"embeddable":true,"href":"https:\/\/www.huelvaysusfotografos.com\/index.php?rest_route=\/wp\/v2\/media\/4742"}],"wp:attachment":[{"href":"https:\/\/www.huelvaysusfotografos.com\/index.php?rest_route=%2Fwp%2Fv2%2Fmedia&parent=4740"}],"wp:term":[{"taxonomy":"category","embeddable":true,"href":"https:\/\/www.huelvaysusfotografos.com\/index.php?rest_route=%2Fwp%2Fv2%2Fcategories&post=4740"},{"taxonomy":"post_tag","embeddable":true,"href":"https:\/\/www.huelvaysusfotografos.com\/index.php?rest_route=%2Fwp%2Fv2%2Ftags&post=4740"}],"curies":[{"name":"wp","href":"https:\/\/api.w.org\/{rel}","templated":true}]}}