{"id":4734,"date":"2016-03-22T22:30:11","date_gmt":"2016-03-22T21:30:11","guid":{"rendered":"http:\/\/www.huelvaysusfotografos.com\/?p=4734"},"modified":"2016-03-22T22:30:11","modified_gmt":"2016-03-22T21:30:11","slug":"tertulia-para-el-7-de-abril-con-javi-mateo","status":"publish","type":"post","link":"https:\/\/www.huelvaysusfotografos.com\/?p=4734","title":{"rendered":"Tertulia para el 7 de abril, con Javi Mateo"},"content":{"rendered":"<p><a href=\"https:\/\/www.huelvaysusfotografos.com\/wp-content\/uploads\/2016\/03\/Tertulia-Javi-Mateo.jpg\" rel=\"attachment wp-att-4735\"><img loading=\"lazy\" decoding=\"async\" width=\"300\" height=\"212\" class=\"aligncenter size-medium wp-image-4735\" src=\"https:\/\/www.huelvaysusfotografos.com\/wp-content\/uploads\/2016\/03\/Tertulia-Javi-Mateo-300x212.jpg\" alt=\"Tertulia Javi Mateo\" srcset=\"https:\/\/www.huelvaysusfotografos.com\/wp-content\/uploads\/2016\/03\/Tertulia-Javi-Mateo-300x212.jpg 300w, https:\/\/www.huelvaysusfotografos.com\/wp-content\/uploads\/2016\/03\/Tertulia-Javi-Mateo.jpg 720w\" sizes=\"auto, (max-width: 300px) 100vw, 300px\" \/><\/a><\/p>\n<p>Ya tenemos tertuliano para el 7 de abril para las 19.30 h. Anota en tu agenda esta fecha si te gusta la fotograf\u00eda social, la de bodas. Javi Mateo ser\u00e1 nuestro invitado a este acontecimiento que ya se ha convertido en esperado por los amantes de la fotograf\u00eda.<\/p>\n<p>Os esperamos en el Estudio de Dulfi Photography, situado en la Calle Marina 9 de Huelva, esta actividad est\u00e1 abierta al p\u00fablico en general y es gratuita.<\/p>\n<p>En su Facebook nos dice \u00ab<em>Javi Mateo Fot\u00f3grafos capta los momentos de esos d\u00edas tan especiales. \u00a0Bodas y Comuniones son nuestra especialidad. Tambi\u00e9n<span class=\"text_exposed_show\">hacemos fotograf\u00eda de moda y publicidad. \u00a0Realizamos un trabajo personalizado y eso se consigue conociendo a nuestros clientes.\u00a0Nos apasiona nuestro trabajo y la relaci\u00f3n estrecha que terminamos teniendo con quien se pone delante del objetivo. Y eso se nota en el resultado final\u00bb.<\/span><\/em><\/p>\n<p>No faltes!!<\/p>\n","protected":false},"excerpt":{"rendered":"<p>Ya tenemos tertuliano para el 7 de abril para las 19.30 h. Anota en tu agenda esta fecha si te gusta la fotograf\u00eda social, la de bodas. Javi Mateo ser\u00e1 nuestro invitado a este acontecimiento que ya se ha convertido en esperado por los amantes de la fotograf\u00eda. Os esperamos en el Estudio de Dulfi Photography, situado en la Calle Marina 9 de Huelva, esta actividad est\u00e1 abierta al p\u00fablico<\/p>\n<div class=\"belowpost\"><a class=\"btnmore\" href=\"https:\/\/www.huelvaysusfotografos.com\/?p=4734\">Seguir leyendo<\/a><\/div>\n","protected":false},"author":41,"featured_media":4738,"comment_status":"open","ping_status":"open","sticky":false,"template":"","format":"standard","meta":{"footnotes":"","_links_to":"","_links_to_target":""},"categories":[32],"tags":[],"class_list":["post-4734","post","type-post","status-publish","format-standard","has-post-thumbnail","hentry","category-tertulias"],"_links":{"self":[{"href":"https:\/\/www.huelvaysusfotografos.com\/index.php?rest_route=\/wp\/v2\/posts\/4734","targetHints":{"allow":["GET"]}}],"collection":[{"href":"https:\/\/www.huelvaysusfotografos.com\/index.php?rest_route=\/wp\/v2\/posts"}],"about":[{"href":"https:\/\/www.huelvaysusfotografos.com\/index.php?rest_route=\/wp\/v2\/types\/post"}],"author":[{"embeddable":true,"href":"https:\/\/www.huelvaysusfotografos.com\/index.php?rest_route=\/wp\/v2\/users\/41"}],"replies":[{"embeddable":true,"href":"https:\/\/www.huelvaysusfotografos.com\/index.php?rest_route=%2Fwp%2Fv2%2Fcomments&post=4734"}],"version-history":[{"count":3,"href":"https:\/\/www.huelvaysusfotografos.com\/index.php?rest_route=\/wp\/v2\/posts\/4734\/revisions"}],"predecessor-version":[{"id":4739,"href":"https:\/\/www.huelvaysusfotografos.com\/index.php?rest_route=\/wp\/v2\/posts\/4734\/revisions\/4739"}],"wp:featuredmedia":[{"embeddable":true,"href":"https:\/\/www.huelvaysusfotografos.com\/index.php?rest_route=\/wp\/v2\/media\/4738"}],"wp:attachment":[{"href":"https:\/\/www.huelvaysusfotografos.com\/index.php?rest_route=%2Fwp%2Fv2%2Fmedia&parent=4734"}],"wp:term":[{"taxonomy":"category","embeddable":true,"href":"https:\/\/www.huelvaysusfotografos.com\/index.php?rest_route=%2Fwp%2Fv2%2Fcategories&post=4734"},{"taxonomy":"post_tag","embeddable":true,"href":"https:\/\/www.huelvaysusfotografos.com\/index.php?rest_route=%2Fwp%2Fv2%2Ftags&post=4734"}],"curies":[{"name":"wp","href":"https:\/\/api.w.org\/{rel}","templated":true}]}}