{"id":4713,"date":"2016-03-08T20:12:59","date_gmt":"2016-03-08T19:12:59","guid":{"rendered":"http:\/\/www.huelvaysusfotografos.com\/?p=4713"},"modified":"2016-03-08T20:12:59","modified_gmt":"2016-03-08T19:12:59","slug":"tuvimos-tertulia-cofrade","status":"publish","type":"post","link":"https:\/\/www.huelvaysusfotografos.com\/?p=4713","title":{"rendered":"Tuvimos Tertulia Cofrade"},"content":{"rendered":"<p style=\"text-align: justify;\">La tarde del jueves 3 de marzo, la Asociaci\u00f3n Huelva y sus Fot\u00f3grafos program\u00f3 dentro de sus actividades una Tertulia sobre Fotograf\u00eda de Semana Santa, de la mano de Dani Villalba, en compa\u00f1\u00eda de Maga Ortiz, ambos pertenecientes a \u201cHuelva Cofrade\u201d.<\/p>\n<p style=\"text-align: justify;\">La presentaci\u00f3n del tertuliano corri\u00f3 a cargo de nuestro Presidente, Pedro J. Ruiz-Constantino, donde destac\u00f3 la trayectoria del mismo \u201cLa fotograf\u00eda cofrade se vive en primera persona, as\u00ed se desprende de las palabras de Dani Villalba, un onubense de 37 a\u00f1os, con formaci\u00f3n autodidacta en esto de la fotograf\u00eda. Se reconoce cofrade y despu\u00e9s fot\u00f3grafo, y adem\u00e1s fot\u00f3grafo exclusivo de tem\u00e1tica cofrade. Entre sus m\u00faltiples obras, algunas han sido cartel de Hermandades como La Fe, El Resucitado, Tres Ca\u00eddas o la Santa Cena. All\u00e1 por 2004 nace Huela Cofrade, por entonces una de las primeras web de tem\u00e1tica cofrade onubense que a\u00fan presume de estar en activo, donde la fotograf\u00eda tiene un papel fundamental, es el eje dinamizador de la web. Durante 4 a\u00f1os fueron proveedores de las im\u00e1genes para la \u201cGu\u00eda de Semana Santa del Ayuntamiento de Huelva\u201d, y as\u00ed continuar\u00edamos con multitud de actividades en las que participan de manera activa\u201d.<\/p>\n<p style=\"text-align: justify;\"><a href=\"https:\/\/www.huelvaysusfotografos.com\/wp-content\/uploads\/2016\/03\/tertulia-semana-santa.jpg\" rel=\"attachment wp-att-4715\"><img loading=\"lazy\" decoding=\"async\" width=\"300\" height=\"225\" class=\"aligncenter size-medium wp-image-4715\" src=\"https:\/\/www.huelvaysusfotografos.com\/wp-content\/uploads\/2016\/03\/tertulia-semana-santa-300x225.jpg\" alt=\"tertulia semana santa\" srcset=\"https:\/\/www.huelvaysusfotografos.com\/wp-content\/uploads\/2016\/03\/tertulia-semana-santa-300x225.jpg 300w, https:\/\/www.huelvaysusfotografos.com\/wp-content\/uploads\/2016\/03\/tertulia-semana-santa-1024x768.jpg 1024w, https:\/\/www.huelvaysusfotografos.com\/wp-content\/uploads\/2016\/03\/tertulia-semana-santa-768x576.jpg 768w, https:\/\/www.huelvaysusfotografos.com\/wp-content\/uploads\/2016\/03\/tertulia-semana-santa-1536x1152.jpg 1536w, https:\/\/www.huelvaysusfotografos.com\/wp-content\/uploads\/2016\/03\/tertulia-semana-santa-160x120.jpg 160w, https:\/\/www.huelvaysusfotografos.com\/wp-content\/uploads\/2016\/03\/tertulia-semana-santa.jpg 2048w\" sizes=\"auto, (max-width: 300px) 100vw, 300px\" \/><\/a><\/p>\n<p style=\"text-align: center;\">Foto: Juana Mart\u00edn<\/p>\n<p style=\"text-align: justify;\">Dani Villalba marca la d\u00e9cada de los noventa como el fin del uso masivo de las fotos con flash y el comienzo de la era del tr\u00edpode, en busca siempre de una luz mucho m\u00e1s natural. Esta nueva tendencia en nuestra ciudad tiene dos principales fot\u00f3grafos, Jim\u00e9nez Le\u00f3n y Javi Mesa, de los que cogen el testigo todos los que vinieron despu\u00e9s con el uso del tr\u00edpode. Villalba solo hace fotos de Semana Santa, no se le ver\u00e1 haciendo otro tipo de fotos.<\/p>\n<p style=\"text-align: justify;\">Las fotograf\u00edas que nos muestra durante la tertulia son de gran calidad y riqueza, y sorprenden por su variedad tem\u00e1tica dentro del mundo cofrade. Su inter\u00e9s est\u00e1 es realizar fotograf\u00edas diferentes, no s\u00f3lo la procesi\u00f3n en la calle. Se declina por recoger im\u00e1genes de los talleres de bordado, de los montajes en los templos, de los quinarios, de besapi\u00e9s,&#8230; Son momentos donde se consiguen luces con otro misterio, son momentos para hacer foto detalles de los rostros, de las manos, de los ornamentos cargados de gran simbolog\u00eda que portan las v\u00edrgenes. En definitiva son fotos m\u00e1s singulares, en su mayor\u00eda fotos a puerta cerrada, donde por ejemplo las v\u00edrgenes est\u00e1n a pie, a la altura del fot\u00f3grafo y se pueden hacer detalles impresionantes.<\/p>\n<p style=\"text-align: justify;\">En esa amalgama de temas cofrades, no olvida los cultos, preparativos, ensayos&#8230; Todos aquellos rituales curiosos de cada una de las hermandades, como puede ser el fundido de velas.<\/p>\n<p style=\"text-align: justify;\">Conocer el mundo cofrade al dedillo, da pie a hacer tomas fotogr\u00e1ficas que el p\u00fablico general no reparar\u00eda en ellas, como el caso del Cristo de los Mutilados, que porta una llave en su mu\u00f1eca como s\u00edmbolo de \u00fanico guarda del sagrario de la Parroquia de San Sebasti\u00e1n.<\/p>\n<p style=\"text-align: justify;\">A pesar de que los pasos son los mismos todos los a\u00f1os, la Semana Santa se vive de manera diferente, tiene que ver con la persona y su sentimiento. Tambi\u00e9n dentro del itinerario de cada una de las procesiones se suele variar el lugar de la toma, la composici\u00f3n, el momento de luz, incluso fotografiar novedades o estrenos que porten cada una de las escenas ese a\u00f1o; de esta manera siempre ser\u00e1 un escenario nuevo que fotografiar.<\/p>\n<p style=\"text-align: justify;\"><a href=\"https:\/\/www.huelvaysusfotografos.com\/wp-content\/uploads\/2016\/03\/Dani-Villalba-1.jpg\" rel=\"attachment wp-att-4728\"><img loading=\"lazy\" decoding=\"async\" width=\"300\" height=\"200\" class=\"aligncenter size-medium wp-image-4728\" src=\"https:\/\/www.huelvaysusfotografos.com\/wp-content\/uploads\/2016\/03\/Dani-Villalba-1-300x200.jpg\" alt=\"Dani Villalba 1\" srcset=\"https:\/\/www.huelvaysusfotografos.com\/wp-content\/uploads\/2016\/03\/Dani-Villalba-1-300x200.jpg 300w, https:\/\/www.huelvaysusfotografos.com\/wp-content\/uploads\/2016\/03\/Dani-Villalba-1-768x512.jpg 768w, https:\/\/www.huelvaysusfotografos.com\/wp-content\/uploads\/2016\/03\/Dani-Villalba-1-120x80.jpg 120w, https:\/\/www.huelvaysusfotografos.com\/wp-content\/uploads\/2016\/03\/Dani-Villalba-1.jpg 850w\" sizes=\"auto, (max-width: 300px) 100vw, 300px\" \/><\/a><\/p>\n<p style=\"text-align: center;\"><em>Foto: Dani Villalba<\/em><\/p>\n<p style=\"text-align: justify;\">Dentro de la proyecci\u00f3n que muestra Dani Villalba, no olvida las salidas de los templos, las \u00ablevant\u00e1s\u00bb, las bandas de m\u00fasicos, los nazarenos, los costaleros, el humo del incienso, los detalles (bordados, respiraderos, llamadores, las flores, angelotes\u2026 no se olvidan cuestiones est\u00e9ticas como los puntos de vista, los contraluces, la calzada empedrada mejor que el asfalto, los fondos m\u00e1s apropiados del itinerario\u2026<\/p>\n<p style=\"text-align: justify;\"><a href=\"https:\/\/www.huelvaysusfotografos.com\/wp-content\/uploads\/2016\/03\/Dani-Villalba-2.jpg\" rel=\"attachment wp-att-4729\"><img loading=\"lazy\" decoding=\"async\" width=\"200\" height=\"300\" class=\"aligncenter size-medium wp-image-4729\" src=\"https:\/\/www.huelvaysusfotografos.com\/wp-content\/uploads\/2016\/03\/Dani-Villalba-2-200x300.jpg\" alt=\"Dani Villalba 2\" srcset=\"https:\/\/www.huelvaysusfotografos.com\/wp-content\/uploads\/2016\/03\/Dani-Villalba-2-200x300.jpg 200w, https:\/\/www.huelvaysusfotografos.com\/wp-content\/uploads\/2016\/03\/Dani-Villalba-2.jpg 567w\" sizes=\"auto, (max-width: 200px) 100vw, 200px\" \/><\/a><\/p>\n<p style=\"text-align: center;\"><em>Foto: Dani Villalba<\/em><\/p>\n<p style=\"text-align: justify;\">Dentro de la fotograf\u00eda cofrade cabe la fotograf\u00eda hist\u00f3rica, por ejemplo cuando P\u00e9rez Cubillas lleg\u00f3 por vez primera a Carrera Oficial tras 3 a\u00f1os sin conseguirlo por la lluvia.<\/p>\n<p style=\"text-align: justify;\">Algo curioso, que desconoc\u00edamos algunos, es que Semana Santa coincide siempre con la primera luna llena de Primavera, y por supuesto se busca esa foto, la de la luna como tel\u00f3n de fondo de alg\u00fan Cristo. Dani nos comenta que \u00faltimamente se busca la foto del paso completo y con la luz de las velas, esto se logra gracias al apagado del alumbrado a petici\u00f3n de algunas hermandades, como pasa en Calle Gobernador Alonso, cuando pasa la Virgen de los Dolores, de la Oraci\u00f3n del Huerto.<\/p>\n<p style=\"text-align: justify;\">Otras fotos menos habituales, son aquellas que integran en su encuadre un escaparate, o carteles en los bares anunciando dulces t\u00edpicos de esta \u00e9poca, o fotografiar el b\u00facaro de agua que lleva la Hermandad de los Jud\u00edos, o los jarrillos de lata de Estudiantes, en definitiva detalles que marcan la esencia antigua de este acontecimiento. Curiosidades como el detalle de las Angustias, que lleva unas tenazas y la corona de espinas en el suelo adoquinado del paso.<\/p>\n<p style=\"text-align: justify;\">Dani Villalba expresa que hay fotograf\u00edas que no har\u00eda para su publicaci\u00f3n, como fotograf\u00edas de menores, penitentes llorando, o cualquier detalle que como cofrade sabe que no son apropiadas ni oportunas.<\/p>\n<p style=\"text-align: justify;\">Tras este interesante discurso y visualizaci\u00f3n de fotos, nos apunta que la web <a href=\"http:\/\/l.facebook.com\/l.php?u=http%3A%2F%2Fwww.huelvacofrade.com&amp;h=uAQEf-XeD\">www.huelvacofrade.com<\/a> tiene durante Semana Santa 13.000 visitas diarias, aunque la media diaria anual es de 1.500 visitas. Su Facebook huelvacofrade tiene 4.000 seguidores y su Twitter 8.000 a d\u00eda de hoy.<\/p>\n<p style=\"text-align: justify;\">Y para cerrar la tertulia, nos hace entrega a todos los participantes de la revista que editaron y sufrag\u00f3 Huelva Cofrade, en 2007; esa Semana Santa tuvo la particularidad que llovi\u00f3 bastante y se pudieron realizar fotograf\u00edas singulares como salidas de hermandades desde la Concepci\u00f3n donde tuvieron que refugiarse.<\/p>\n<p>Desde Huelva y sus Fot\u00f3grafos, agradecemos la colaboraci\u00f3n que ha tenido nuestro tertuliano Dani y le deseamos \u00e9xito en su andadura cofrade y fotogr\u00e1fica.<\/p>\n<p>Si quer\u00e9is saber m\u00e1s sobre el trabajo de este equipazo onubense, no dud\u00e9is en visitarlo en:<\/p>\n<p><a href=\"http:\/\/l.facebook.com\/l.php?u=http%3A%2F%2Fwww.huelvacofrade.com&amp;h=uAQEf-XeD\">http:\/\/www.huelvacofrade.com<\/a><\/p>\n<p><a href=\"https:\/\/www.facebook.com\/huelvacofrade\/?fref=ts&amp;__mref=message_bubble\">https:\/\/www.facebook.com\/huelvacofrade\/?fref=ts<\/a><\/p>\n<p><a href=\"https:\/\/l.facebook.com\/l.php?u=https%3A%2F%2Ftwitter.com%2Fhuelvacofrade&amp;h=uAQEf-XeD\">https:\/\/twitter.com\/huelvacofrade<\/a><\/p>\n<p style=\"text-align: justify;\"><a href=\"https:\/\/www.huelvaysusfotografos.com\/wp-content\/uploads\/2016\/03\/Captura-de-pantalla-2016-03-03-a-las-22.51.26.png\" rel=\"attachment wp-att-4718\"><img loading=\"lazy\" decoding=\"async\" width=\"300\" height=\"185\" class=\"aligncenter size-medium wp-image-4718\" src=\"https:\/\/www.huelvaysusfotografos.com\/wp-content\/uploads\/2016\/03\/Captura-de-pantalla-2016-03-03-a-las-22.51.26-300x185.png\" alt=\"Captura de pantalla 2016-03-03 a la(s) 22.51.26\" srcset=\"https:\/\/www.huelvaysusfotografos.com\/wp-content\/uploads\/2016\/03\/Captura-de-pantalla-2016-03-03-a-las-22.51.26-300x185.png 300w, https:\/\/www.huelvaysusfotografos.com\/wp-content\/uploads\/2016\/03\/Captura-de-pantalla-2016-03-03-a-las-22.51.26-768x473.png 768w, https:\/\/www.huelvaysusfotografos.com\/wp-content\/uploads\/2016\/03\/Captura-de-pantalla-2016-03-03-a-las-22.51.26.png 993w\" sizes=\"auto, (max-width: 300px) 100vw, 300px\" \/><\/a><\/p>\n","protected":false},"excerpt":{"rendered":"<p>La tarde del jueves 3 de marzo, la Asociaci\u00f3n Huelva y sus Fot\u00f3grafos program\u00f3 dentro de sus actividades una Tertulia sobre Fotograf\u00eda de Semana Santa, de la mano de Dani Villalba, en compa\u00f1\u00eda de Maga Ortiz, ambos pertenecientes a \u201cHuelva Cofrade\u201d. La presentaci\u00f3n del tertuliano corri\u00f3 a cargo de nuestro Presidente, Pedro J. Ruiz-Constantino, donde destac\u00f3 la trayectoria del mismo \u201cLa fotograf\u00eda cofrade se vive en primera persona, as\u00ed se<\/p>\n<div class=\"belowpost\"><a class=\"btnmore\" href=\"https:\/\/www.huelvaysusfotografos.com\/?p=4713\">Seguir leyendo<\/a><\/div>\n","protected":false},"author":41,"featured_media":4714,"comment_status":"open","ping_status":"open","sticky":false,"template":"","format":"standard","meta":{"footnotes":"","_links_to":"","_links_to_target":""},"categories":[32],"tags":[],"class_list":["post-4713","post","type-post","status-publish","format-standard","has-post-thumbnail","hentry","category-tertulias"],"_links":{"self":[{"href":"https:\/\/www.huelvaysusfotografos.com\/index.php?rest_route=\/wp\/v2\/posts\/4713","targetHints":{"allow":["GET"]}}],"collection":[{"href":"https:\/\/www.huelvaysusfotografos.com\/index.php?rest_route=\/wp\/v2\/posts"}],"about":[{"href":"https:\/\/www.huelvaysusfotografos.com\/index.php?rest_route=\/wp\/v2\/types\/post"}],"author":[{"embeddable":true,"href":"https:\/\/www.huelvaysusfotografos.com\/index.php?rest_route=\/wp\/v2\/users\/41"}],"replies":[{"embeddable":true,"href":"https:\/\/www.huelvaysusfotografos.com\/index.php?rest_route=%2Fwp%2Fv2%2Fcomments&post=4713"}],"version-history":[{"count":5,"href":"https:\/\/www.huelvaysusfotografos.com\/index.php?rest_route=\/wp\/v2\/posts\/4713\/revisions"}],"predecessor-version":[{"id":4731,"href":"https:\/\/www.huelvaysusfotografos.com\/index.php?rest_route=\/wp\/v2\/posts\/4713\/revisions\/4731"}],"wp:featuredmedia":[{"embeddable":true,"href":"https:\/\/www.huelvaysusfotografos.com\/index.php?rest_route=\/wp\/v2\/media\/4714"}],"wp:attachment":[{"href":"https:\/\/www.huelvaysusfotografos.com\/index.php?rest_route=%2Fwp%2Fv2%2Fmedia&parent=4713"}],"wp:term":[{"taxonomy":"category","embeddable":true,"href":"https:\/\/www.huelvaysusfotografos.com\/index.php?rest_route=%2Fwp%2Fv2%2Fcategories&post=4713"},{"taxonomy":"post_tag","embeddable":true,"href":"https:\/\/www.huelvaysusfotografos.com\/index.php?rest_route=%2Fwp%2Fv2%2Ftags&post=4713"}],"curies":[{"name":"wp","href":"https:\/\/api.w.org\/{rel}","templated":true}]}}