{"id":4514,"date":"2016-01-08T20:38:52","date_gmt":"2016-01-08T19:38:52","guid":{"rendered":"http:\/\/www.huelvaysusfotografos.com\/?p=4514"},"modified":"2016-01-08T20:38:52","modified_gmt":"2016-01-08T19:38:52","slug":"4-exposiciones-para-finalizar-2015","status":"publish","type":"post","link":"https:\/\/www.huelvaysusfotografos.com\/?p=4514","title":{"rendered":"4 exposiciones para finalizar 2015"},"content":{"rendered":"<p>No finalizamos 2015 de brazos cruzados, organizamos dos exposiciones y colaboramos en otras dos&#8230;<\/p>\n<h1>YEGUAS<\/h1>\n<p style=\"text-align: justify;\">La primera en Puerta del Atl\u00e1ntico, y como tema las yeguas marisme\u00f1as de Almonte (Do\u00f1ana). Todo un acierto por parte de nuestra Vicepresidenta, Juana Martin, por convocar esta Exposici\u00f3n que creo que tanto la inauguraci\u00f3n como el resto de los d\u00edas \u00a0expuesta ha sido un \u00e9xito de afluencia de p\u00fablico con una opini\u00f3n muy buena por la calidad de las fotos expuestas. \u00c9sta estuvo visitable del 19 de noviembre al 4 de diciembre. Se puede conocer alguna informaci\u00f3n m\u00e1s en\u00a0<a href=\"http:\/\/huelvaya.es\/2015\/12\/02\/exposiciones-de-huelva-y-sus-fotografos-durante-el-mes-de-diciembre\/\">http:\/\/huelvaya.es\/2015\/12\/02\/exposiciones-de-huelva-y-sus-fotografos-durante-el-mes-de-diciembre\/\u00a0<\/a><\/p>\n<p style=\"text-align: justify;\"><a href=\"https:\/\/www.huelvaysusfotografos.com\/wp-content\/uploads\/2015\/11\/saca-cartel-2015.jpg\"><img loading=\"lazy\" decoding=\"async\" width=\"225\" height=\"300\" class=\"aligncenter size-medium wp-image-4484\" src=\"https:\/\/www.huelvaysusfotografos.com\/wp-content\/uploads\/2015\/11\/saca-cartel-2015-225x300.jpg\" alt=\"saca cartel 2015\" srcset=\"https:\/\/www.huelvaysusfotografos.com\/wp-content\/uploads\/2015\/11\/saca-cartel-2015-225x300.jpg 225w, https:\/\/www.huelvaysusfotografos.com\/wp-content\/uploads\/2015\/11\/saca-cartel-2015.jpg 600w\" sizes=\"auto, (max-width: 225px) 100vw, 225px\" \/><\/a><\/p>\n<p style=\"text-align: center;\">Foto Cartel: Pedro J. Ruiz- Constantino<\/p>\n<p style=\"text-align: center;\"><a href=\"https:\/\/www.huelvaysusfotografos.com\/wp-content\/uploads\/2016\/01\/Inauguraci\u00f3n-Saca-Yeguas-2.jpg\"><img loading=\"lazy\" decoding=\"async\" width=\"300\" height=\"225\" class=\"aligncenter size-medium wp-image-4522\" src=\"https:\/\/www.huelvaysusfotografos.com\/wp-content\/uploads\/2016\/01\/Inauguraci\u00f3n-Saca-Yeguas-2-300x225.jpg\" alt=\"Inauguraci\u00f3n Saca Yeguas 2\" srcset=\"https:\/\/www.huelvaysusfotografos.com\/wp-content\/uploads\/2016\/01\/Inauguraci\u00f3n-Saca-Yeguas-2-300x225.jpg 300w, https:\/\/www.huelvaysusfotografos.com\/wp-content\/uploads\/2016\/01\/Inauguraci\u00f3n-Saca-Yeguas-2-1024x768.jpg 1024w, https:\/\/www.huelvaysusfotografos.com\/wp-content\/uploads\/2016\/01\/Inauguraci\u00f3n-Saca-Yeguas-2-768x576.jpg 768w, https:\/\/www.huelvaysusfotografos.com\/wp-content\/uploads\/2016\/01\/Inauguraci\u00f3n-Saca-Yeguas-2-160x120.jpg 160w, https:\/\/www.huelvaysusfotografos.com\/wp-content\/uploads\/2016\/01\/Inauguraci\u00f3n-Saca-Yeguas-2.jpg 1108w\" sizes=\"auto, (max-width: 300px) 100vw, 300px\" \/><\/a><\/p>\n<p style=\"text-align: center;\">Parte del p\u00fablico asistente al acto de inauguraci\u00f3n<\/p>\n<p style=\"text-align: center;\"><a href=\"https:\/\/www.huelvaysusfotografos.com\/wp-content\/uploads\/2016\/01\/Inauguraci\u00f3n-SACA-YEGUAS-1.jpg\"><img loading=\"lazy\" decoding=\"async\" width=\"300\" height=\"225\" class=\"aligncenter size-medium wp-image-4521\" src=\"https:\/\/www.huelvaysusfotografos.com\/wp-content\/uploads\/2016\/01\/Inauguraci\u00f3n-SACA-YEGUAS-1-300x225.jpg\" alt=\"Inauguraci\u00f3n SACA YEGUAS 1\" srcset=\"https:\/\/www.huelvaysusfotografos.com\/wp-content\/uploads\/2016\/01\/Inauguraci\u00f3n-SACA-YEGUAS-1-300x225.jpg 300w, https:\/\/www.huelvaysusfotografos.com\/wp-content\/uploads\/2016\/01\/Inauguraci\u00f3n-SACA-YEGUAS-1-1024x768.jpg 1024w, https:\/\/www.huelvaysusfotografos.com\/wp-content\/uploads\/2016\/01\/Inauguraci\u00f3n-SACA-YEGUAS-1-768x576.jpg 768w, https:\/\/www.huelvaysusfotografos.com\/wp-content\/uploads\/2016\/01\/Inauguraci\u00f3n-SACA-YEGUAS-1-160x120.jpg 160w, https:\/\/www.huelvaysusfotografos.com\/wp-content\/uploads\/2016\/01\/Inauguraci\u00f3n-SACA-YEGUAS-1.jpg 1108w\" sizes=\"auto, (max-width: 300px) 100vw, 300px\" \/><\/a>Socios que exponen (falta alguno)<\/p>\n<h1 style=\"text-align: justify;\">OTO\u00d1O<\/h1>\n<p style=\"text-align: justify;\">La segunda de las exposiciones fue en el Pub Santiam\u00e9n de Lepe, que de la mano de Jes\u00fas Pino (propietario) instalamos nuestras im\u00e1genes m\u00e1s oto\u00f1ales en su bendito y hermoso establecimiento. Las fotograf\u00edas pudieron verse del 2 al 20 de diciembre.<\/p>\n<p style=\"text-align: justify;\"><a href=\"https:\/\/www.huelvaysusfotografos.com\/wp-content\/uploads\/2016\/01\/Cartel-expo-oto\u00f1o-.jpg\"><img loading=\"lazy\" decoding=\"async\" width=\"300\" height=\"300\" class=\"aligncenter size-medium wp-image-4518\" src=\"https:\/\/www.huelvaysusfotografos.com\/wp-content\/uploads\/2016\/01\/Cartel-expo-oto\u00f1o--300x300.jpg\" alt=\"Cartel expo oto\u00f1o\" srcset=\"https:\/\/www.huelvaysusfotografos.com\/wp-content\/uploads\/2016\/01\/Cartel-expo-oto\u00f1o--300x300.jpg 300w, https:\/\/www.huelvaysusfotografos.com\/wp-content\/uploads\/2016\/01\/Cartel-expo-oto\u00f1o--150x150.jpg 150w, https:\/\/www.huelvaysusfotografos.com\/wp-content\/uploads\/2016\/01\/Cartel-expo-oto\u00f1o--768x768.jpg 768w, https:\/\/www.huelvaysusfotografos.com\/wp-content\/uploads\/2016\/01\/Cartel-expo-oto\u00f1o--50x50.jpg 50w, https:\/\/www.huelvaysusfotografos.com\/wp-content\/uploads\/2016\/01\/Cartel-expo-oto\u00f1o--186x186.jpg 186w, https:\/\/www.huelvaysusfotografos.com\/wp-content\/uploads\/2016\/01\/Cartel-expo-oto\u00f1o-.jpg 960w\" sizes=\"auto, (max-width: 300px) 100vw, 300px\" \/><\/a><\/p>\n<p style=\"text-align: center;\">Cartel<\/p>\n<p style=\"text-align: center;\"><a href=\"https:\/\/www.huelvaysusfotografos.com\/wp-content\/uploads\/2016\/01\/FOTO-JUANA-MART\u00cdN-d.jpg\"><img loading=\"lazy\" decoding=\"async\" width=\"225\" height=\"300\" class=\"aligncenter size-medium wp-image-4524\" src=\"https:\/\/www.huelvaysusfotografos.com\/wp-content\/uploads\/2016\/01\/FOTO-JUANA-MART\u00cdN-d-225x300.jpg\" alt=\"FOTO JUANA MART\u00cdN d\" srcset=\"https:\/\/www.huelvaysusfotografos.com\/wp-content\/uploads\/2016\/01\/FOTO-JUANA-MART\u00cdN-d-225x300.jpg 225w, https:\/\/www.huelvaysusfotografos.com\/wp-content\/uploads\/2016\/01\/FOTO-JUANA-MART\u00cdN-d-768x1024.jpg 768w, https:\/\/www.huelvaysusfotografos.com\/wp-content\/uploads\/2016\/01\/FOTO-JUANA-MART\u00cdN-d-1152x1536.jpg 1152w, https:\/\/www.huelvaysusfotografos.com\/wp-content\/uploads\/2016\/01\/FOTO-JUANA-MART\u00cdN-d.jpg 1536w\" sizes=\"auto, (max-width: 225px) 100vw, 225px\" \/><\/a><\/p>\n<p style=\"text-align: center;\">Uno de los rincones de Santiam\u00e9n donde aparece la fotograf\u00eda expuesta\u00a0de Aurora Mart\u00edn<\/p>\n<p style=\"text-align: center;\">Foto: Juana Mart\u00edn<\/p>\n<p style=\"text-align: center;\"><a href=\"https:\/\/www.huelvaysusfotografos.com\/wp-content\/uploads\/2016\/01\/Grupo-fot\u00f3grafos-OTO\u00d1O-en-Santiam\u00e9n.jpg\"><img loading=\"lazy\" decoding=\"async\" width=\"300\" height=\"225\" class=\"aligncenter size-medium wp-image-4525\" src=\"https:\/\/www.huelvaysusfotografos.com\/wp-content\/uploads\/2016\/01\/Grupo-fot\u00f3grafos-OTO\u00d1O-en-Santiam\u00e9n-300x225.jpg\" alt=\"Grupo fot\u00f3grafos OTO\u00d1O en Santiam\u00e9n\" srcset=\"https:\/\/www.huelvaysusfotografos.com\/wp-content\/uploads\/2016\/01\/Grupo-fot\u00f3grafos-OTO\u00d1O-en-Santiam\u00e9n-300x225.jpg 300w, https:\/\/www.huelvaysusfotografos.com\/wp-content\/uploads\/2016\/01\/Grupo-fot\u00f3grafos-OTO\u00d1O-en-Santiam\u00e9n-768x576.jpg 768w, https:\/\/www.huelvaysusfotografos.com\/wp-content\/uploads\/2016\/01\/Grupo-fot\u00f3grafos-OTO\u00d1O-en-Santiam\u00e9n-160x120.jpg 160w, https:\/\/www.huelvaysusfotografos.com\/wp-content\/uploads\/2016\/01\/Grupo-fot\u00f3grafos-OTO\u00d1O-en-Santiam\u00e9n.jpg 960w\" sizes=\"auto, (max-width: 300px) 100vw, 300px\" \/><\/a><\/p>\n<p style=\"text-align: center;\">Algunos de los fot\u00f3grafos con Pino.<\/p>\n<h1 style=\"text-align: justify;\">EL CERDO Y EL CORDERO EN EL AND\u00c9VALO<\/h1>\n<p>Desde la Mancomunidad\u00a0<span class=\"highlightNode\">BETURIA y<\/span>\u00a0a trav\u00e9s de nuestro compa\u00f1ero\u00a0Antonio Pereira, nos plantearon participar con\u00a0una muestra fotogr\u00e1fica en la \u00abXI Feria Agroganadera del Cerdo Ib\u00e9rico y su industria\u00bb, este a\u00f1o dedicado al\u00a0 cerdo y el cordero del And\u00e9valo. La exposici\u00f3n de 28 fotograf\u00edas, se instal\u00f3 durante los d\u00edas 4, 5 y 6 de diciembre, en el stand de Beturia. La intenci\u00f3n es que esas fotograf\u00edas se conviertan en itinerantes por los diferentes municipios de Beturia.<\/p>\n<div class=\"text_exposed_show\">\n<p><a href=\"https:\/\/www.huelvaysusfotografos.com\/wp-content\/uploads\/2016\/01\/Beturia-1-Carmen-Torres.jpg\"><img loading=\"lazy\" decoding=\"async\" width=\"300\" height=\"200\" class=\"aligncenter size-medium wp-image-4515\" src=\"https:\/\/www.huelvaysusfotografos.com\/wp-content\/uploads\/2016\/01\/Beturia-1-Carmen-Torres-300x200.jpg\" alt=\"Beturia 1 Carmen Torres\" srcset=\"https:\/\/www.huelvaysusfotografos.com\/wp-content\/uploads\/2016\/01\/Beturia-1-Carmen-Torres-300x200.jpg 300w, https:\/\/www.huelvaysusfotografos.com\/wp-content\/uploads\/2016\/01\/Beturia-1-Carmen-Torres-768x512.jpg 768w, https:\/\/www.huelvaysusfotografos.com\/wp-content\/uploads\/2016\/01\/Beturia-1-Carmen-Torres-120x80.jpg 120w, https:\/\/www.huelvaysusfotografos.com\/wp-content\/uploads\/2016\/01\/Beturia-1-Carmen-Torres.jpg 1024w\" sizes=\"auto, (max-width: 300px) 100vw, 300px\" \/><\/a><\/p>\n<\/div>\n<p style=\"text-align: center;\">Foto: Carmen Torres Chaguaceda<br \/>\n<a href=\"https:\/\/www.huelvaysusfotografos.com\/wp-content\/uploads\/2016\/01\/Beturia-Carmen-Torres-2.jpg\"><img loading=\"lazy\" decoding=\"async\" width=\"300\" height=\"200\" class=\"aligncenter size-medium wp-image-4516\" src=\"https:\/\/www.huelvaysusfotografos.com\/wp-content\/uploads\/2016\/01\/Beturia-Carmen-Torres-2-300x200.jpg\" alt=\"Beturia Carmen Torres 2\" srcset=\"https:\/\/www.huelvaysusfotografos.com\/wp-content\/uploads\/2016\/01\/Beturia-Carmen-Torres-2-300x200.jpg 300w, https:\/\/www.huelvaysusfotografos.com\/wp-content\/uploads\/2016\/01\/Beturia-Carmen-Torres-2-768x512.jpg 768w, https:\/\/www.huelvaysusfotografos.com\/wp-content\/uploads\/2016\/01\/Beturia-Carmen-Torres-2-120x80.jpg 120w, https:\/\/www.huelvaysusfotografos.com\/wp-content\/uploads\/2016\/01\/Beturia-Carmen-Torres-2.jpg 1024w\" sizes=\"auto, (max-width: 300px) 100vw, 300px\" \/><\/a><\/p>\n<p style=\"text-align: center;\">Foto: Carmen Torres Chaguaceda<\/p>\n<h1 style=\"text-align: justify;\">PREMIDAS CONCURSOS<\/h1>\n<p style=\"text-align: justify;\">Todo un a\u00f1o de concursos para que las im\u00e1genes premiadas configurasen la exposici\u00f3n \u00abHuelva a trav\u00e9s de la Fotograf\u00eda\u00bb, edici\u00f3n 2015. Concursos en los que colabora nuestra asociaci\u00f3n desde hace a\u00f1os, y cuenta con la colaboraci\u00f3n de diferentes entidades y empresas que hacen posible su desarrollo. Adem\u00e1s la exposici\u00f3n es posible gracias al patrocinio de la empresaria onubense y tambi\u00e9n socia nuestra, Elena S\u00e1nchez Balonga. Una muestra que se puedo visitar en un corto periodo de tiempo, del 10 al 18 de diciembre en el Centro de Visitantes \u00abHuelva, Puerta del Atl\u00e1ntico\u00bb.<a href=\"https:\/\/www.huelvaysusfotografos.com\/wp-content\/uploads\/2016\/01\/Cartel-Expo-CONCURSO-Huelva-a-trav\u00e9s-de-la-Fotograf\u00eda.jpg\"><img loading=\"lazy\" decoding=\"async\" width=\"212\" height=\"300\" class=\"aligncenter size-medium wp-image-4517\" src=\"https:\/\/www.huelvaysusfotografos.com\/wp-content\/uploads\/2016\/01\/Cartel-Expo-CONCURSO-Huelva-a-trav\u00e9s-de-la-Fotograf\u00eda-212x300.jpg\" alt=\"Cartel Expo CONCURSO Huelva a trav\u00e9s de la Fotograf\u00eda\" srcset=\"https:\/\/www.huelvaysusfotografos.com\/wp-content\/uploads\/2016\/01\/Cartel-Expo-CONCURSO-Huelva-a-trav\u00e9s-de-la-Fotograf\u00eda-212x300.jpg 212w, https:\/\/www.huelvaysusfotografos.com\/wp-content\/uploads\/2016\/01\/Cartel-Expo-CONCURSO-Huelva-a-trav\u00e9s-de-la-Fotograf\u00eda-724x1024.jpg 724w, https:\/\/www.huelvaysusfotografos.com\/wp-content\/uploads\/2016\/01\/Cartel-Expo-CONCURSO-Huelva-a-trav\u00e9s-de-la-Fotograf\u00eda-768x1087.jpg 768w, https:\/\/www.huelvaysusfotografos.com\/wp-content\/uploads\/2016\/01\/Cartel-Expo-CONCURSO-Huelva-a-trav\u00e9s-de-la-Fotograf\u00eda-1085x1536.jpg 1085w, https:\/\/www.huelvaysusfotografos.com\/wp-content\/uploads\/2016\/01\/Cartel-Expo-CONCURSO-Huelva-a-trav\u00e9s-de-la-Fotograf\u00eda.jpg 1447w\" sizes=\"auto, (max-width: 212px) 100vw, 212px\" \/><\/a><\/p>\n<p style=\"text-align: center;\">Cartel<\/p>\n<p style=\"text-align: center;\"><a href=\"https:\/\/www.huelvaysusfotografos.com\/wp-content\/uploads\/2016\/01\/Foto-Lu\u00eds-Fern\u00e1ndez-2.jpg\"><img loading=\"lazy\" decoding=\"async\" width=\"300\" height=\"169\" class=\"aligncenter size-medium wp-image-4520\" src=\"https:\/\/www.huelvaysusfotografos.com\/wp-content\/uploads\/2016\/01\/Foto-Lu\u00eds-Fern\u00e1ndez-2-300x169.jpg\" alt=\"Foto Lu\u00eds Fern\u00e1ndez 2\" srcset=\"https:\/\/www.huelvaysusfotografos.com\/wp-content\/uploads\/2016\/01\/Foto-Lu\u00eds-Fern\u00e1ndez-2-300x169.jpg 300w, https:\/\/www.huelvaysusfotografos.com\/wp-content\/uploads\/2016\/01\/Foto-Lu\u00eds-Fern\u00e1ndez-2-768x432.jpg 768w, https:\/\/www.huelvaysusfotografos.com\/wp-content\/uploads\/2016\/01\/Foto-Lu\u00eds-Fern\u00e1ndez-2-620x350.jpg 620w, https:\/\/www.huelvaysusfotografos.com\/wp-content\/uploads\/2016\/01\/Foto-Lu\u00eds-Fern\u00e1ndez-2.jpg 960w\" sizes=\"auto, (max-width: 300px) 100vw, 300px\" \/><\/a><\/p>\n<p style=\"text-align: center;\">Momento de entrega de premios a Javier Chal\u00e9<\/p>\n<p style=\"text-align: center;\">Foto: Luis Fern\u00e1ndez<\/p>\n<p>M\u00e1s informaci\u00f3n:\u00a0<a href=\"http:\/\/andaluciainformacion.es\/costa-occidental\/555194\/isla-y-cartaya-se-reparten-los-tres-primeros-premios-del-concurso-huelva-a-travs-de-la-fotografa\/\">http:\/\/andaluciainformacion.es\/costa-occidental\/555194\/isla-y-cartaya-se-reparten-los-tres-primeros-premios-del-concurso-huelva-a-travs-de-la-fotografa\/<\/a><\/p>\n<p>&nbsp;<\/p>\n","protected":false},"excerpt":{"rendered":"<p>No finalizamos 2015 de brazos cruzados, organizamos dos exposiciones y colaboramos en otras dos&#8230; YEGUAS La primera en Puerta del Atl\u00e1ntico, y como tema las yeguas marisme\u00f1as de Almonte (Do\u00f1ana). Todo un acierto por parte de nuestra Vicepresidenta, Juana Martin, por convocar esta Exposici\u00f3n que creo que tanto la inauguraci\u00f3n como el resto de los d\u00edas \u00a0expuesta ha sido un \u00e9xito de afluencia de p\u00fablico con una opini\u00f3n muy buena<\/p>\n<div class=\"belowpost\"><a class=\"btnmore\" href=\"https:\/\/www.huelvaysusfotografos.com\/?p=4514\">Seguir leyendo<\/a><\/div>\n","protected":false},"author":41,"featured_media":4527,"comment_status":"open","ping_status":"open","sticky":false,"template":"","format":"standard","meta":{"footnotes":"","_links_to":"","_links_to_target":""},"categories":[23],"tags":[],"class_list":["post-4514","post","type-post","status-publish","format-standard","has-post-thumbnail","hentry","category-exposiciones"],"_links":{"self":[{"href":"https:\/\/www.huelvaysusfotografos.com\/index.php?rest_route=\/wp\/v2\/posts\/4514","targetHints":{"allow":["GET"]}}],"collection":[{"href":"https:\/\/www.huelvaysusfotografos.com\/index.php?rest_route=\/wp\/v2\/posts"}],"about":[{"href":"https:\/\/www.huelvaysusfotografos.com\/index.php?rest_route=\/wp\/v2\/types\/post"}],"author":[{"embeddable":true,"href":"https:\/\/www.huelvaysusfotografos.com\/index.php?rest_route=\/wp\/v2\/users\/41"}],"replies":[{"embeddable":true,"href":"https:\/\/www.huelvaysusfotografos.com\/index.php?rest_route=%2Fwp%2Fv2%2Fcomments&post=4514"}],"version-history":[{"count":3,"href":"https:\/\/www.huelvaysusfotografos.com\/index.php?rest_route=\/wp\/v2\/posts\/4514\/revisions"}],"predecessor-version":[{"id":4528,"href":"https:\/\/www.huelvaysusfotografos.com\/index.php?rest_route=\/wp\/v2\/posts\/4514\/revisions\/4528"}],"wp:featuredmedia":[{"embeddable":true,"href":"https:\/\/www.huelvaysusfotografos.com\/index.php?rest_route=\/wp\/v2\/media\/4527"}],"wp:attachment":[{"href":"https:\/\/www.huelvaysusfotografos.com\/index.php?rest_route=%2Fwp%2Fv2%2Fmedia&parent=4514"}],"wp:term":[{"taxonomy":"category","embeddable":true,"href":"https:\/\/www.huelvaysusfotografos.com\/index.php?rest_route=%2Fwp%2Fv2%2Fcategories&post=4514"},{"taxonomy":"post_tag","embeddable":true,"href":"https:\/\/www.huelvaysusfotografos.com\/index.php?rest_route=%2Fwp%2Fv2%2Ftags&post=4514"}],"curies":[{"name":"wp","href":"https:\/\/api.w.org\/{rel}","templated":true}]}}