{"id":4503,"date":"2016-01-08T19:45:29","date_gmt":"2016-01-08T18:45:29","guid":{"rendered":"http:\/\/www.huelvaysusfotografos.com\/?p=4503"},"modified":"2016-01-08T19:48:20","modified_gmt":"2016-01-08T18:48:20","slug":"taller-utiliza-tu-reflex-digital-en-modo-analogico","status":"publish","type":"post","link":"https:\/\/www.huelvaysusfotografos.com\/?p=4503","title":{"rendered":"Taller: Utiliza tu R\u00e9flex Digital en modo (A)n\u00e1logico"},"content":{"rendered":"<p>El pasado 13 de noviembre de 2015, desarrollamos esta estupenda iniciativa con un gran profesional de la fotograf\u00eda. Directamente os dejamos con la experiencia de algunos de los participantes:<\/p>\n<p>&nbsp;<\/p>\n<p style=\"text-align: justify;\"><em>Con este t\u00edtulo podr\u00edamos resumir el \u00faltimo taller que hemos realizado con <strong>Cesar Gil<\/strong>, una gratificante experiencia fotogr\u00e1fica en la que hemos tratado de usar nuestras modernas c\u00e1maras bas\u00e1ndonos en la forma semi-manual con la que utiliz\u00e1bamos las recientes pero ya antiguas R\u00e9flex Anal\u00f3gicas, en las que no ve\u00edamos los resultados hasta el revelado del carrete y con s\u00f3lo 36 disparos ten\u00edamos que pensar a qu\u00e9 hac\u00edas la foto -la econom\u00eda mandaba-, midiendo la luz con el expos\u00edmetro de la m\u00e1quina y sin poder usar otros par\u00e1metros que la velocidad, el diafragma y el ISO.<\/em><\/p>\n<p style=\"text-align: justify;\"><em>Despu\u00e9s de la teor\u00eda para aclarar y refrescar conceptos, y una serie de consejos, que Cesar explic\u00f3, como siempre, con meridiana claridad, ajustamos algunos valores de las c\u00e1maras, tapamos las pantallas y a trabajar.<\/em><\/p>\n<p style=\"text-align: justify;\"><em>Visitamos 12 lugares donde ten\u00edamos que hacer 3 fotos en cada uno, el tema no era libre, Cesar nos daba las instrucciones y hab\u00eda que discurrir las fotograf\u00edas.<\/em><\/p>\n<p style=\"text-align: justify;\"><em>Hice la primera foto y que horror, no pod\u00eda verla, la pantalla estaba tapada!<\/em><\/p>\n<p style=\"text-align: justify;\"><em>Todo propici\u00f3 que para hacer las fotos me obligaba a pararme en observar y pensar, componer, medir y ajustar, antes de apretar el disparador, estaba a ciegas, porque el resultado no lo iba a ver de inmediato, -menudo vicio tenemos con la pantallita-, pero fue alentador cuando despu\u00e9s pude comprobarlo.<\/em><\/p>\n<p style=\"text-align: justify;\"><em>Realmente se obtienen resultado extraordinarios porque no dejas al azar de la m\u00e1quina lo que tienes que hacer t\u00fa, y si necesitan alg\u00fan ajuste, es m\u00ednimo.<\/em><\/p>\n<p style=\"text-align: justify;\"><em>Desde entonces tengo desactivado que me muestre el resultado en la pantalla, &#8230;estoy ahorrando hasta bater\u00eda!<\/em><\/p>\n<p style=\"text-align: justify;\"><em>Dejo algunas fotos para que pod\u00e1is apreciar el resultado, est\u00e1n en crudo, torcidas y con falta de contraste, pero me han quedado de primera con un peque\u00f1o ajuste; otra cosa es el ojo de artista, cada cu\u00e1l tiene el suyo&#8230;\u00bb (MANOLO SILVA)<\/em><\/p>\n<p><a href=\"https:\/\/www.huelvaysusfotografos.com\/wp-content\/uploads\/2016\/01\/Manolo-Silva-foto1.jpg\"><img loading=\"lazy\" decoding=\"async\" width=\"200\" height=\"300\" class=\"aligncenter size-medium wp-image-4504\" src=\"https:\/\/www.huelvaysusfotografos.com\/wp-content\/uploads\/2016\/01\/Manolo-Silva-foto1-200x300.jpg\" alt=\"Manolo Silva foto1\" srcset=\"https:\/\/www.huelvaysusfotografos.com\/wp-content\/uploads\/2016\/01\/Manolo-Silva-foto1-200x300.jpg 200w, https:\/\/www.huelvaysusfotografos.com\/wp-content\/uploads\/2016\/01\/Manolo-Silva-foto1.jpg 683w\" sizes=\"auto, (max-width: 200px) 100vw, 200px\" \/><\/a><\/p>\n<p style=\"text-align: center;\">Foto: Manolo Silva<br \/>\n<a href=\"https:\/\/www.huelvaysusfotografos.com\/wp-content\/uploads\/2016\/01\/Manolo-Silva-foto4.jpg\"><img loading=\"lazy\" decoding=\"async\" width=\"300\" height=\"200\" class=\"aligncenter size-medium wp-image-4505\" src=\"https:\/\/www.huelvaysusfotografos.com\/wp-content\/uploads\/2016\/01\/Manolo-Silva-foto4-300x200.jpg\" alt=\"Manolo Silva foto4\" srcset=\"https:\/\/www.huelvaysusfotografos.com\/wp-content\/uploads\/2016\/01\/Manolo-Silva-foto4-300x200.jpg 300w, https:\/\/www.huelvaysusfotografos.com\/wp-content\/uploads\/2016\/01\/Manolo-Silva-foto4-768x512.jpg 768w, https:\/\/www.huelvaysusfotografos.com\/wp-content\/uploads\/2016\/01\/Manolo-Silva-foto4-120x80.jpg 120w, https:\/\/www.huelvaysusfotografos.com\/wp-content\/uploads\/2016\/01\/Manolo-Silva-foto4.jpg 1024w\" sizes=\"auto, (max-width: 300px) 100vw, 300px\" \/><\/a><\/p>\n<p style=\"text-align: center;\">Foto: Manolo Silva<br \/>\n<a href=\"https:\/\/www.huelvaysusfotografos.com\/wp-content\/uploads\/2016\/01\/Manolo-Silva-foto5.jpg\"><img loading=\"lazy\" decoding=\"async\" width=\"300\" height=\"200\" class=\"aligncenter size-medium wp-image-4506\" src=\"https:\/\/www.huelvaysusfotografos.com\/wp-content\/uploads\/2016\/01\/Manolo-Silva-foto5-300x200.jpg\" alt=\"Manolo Silva foto5\" srcset=\"https:\/\/www.huelvaysusfotografos.com\/wp-content\/uploads\/2016\/01\/Manolo-Silva-foto5-300x200.jpg 300w, https:\/\/www.huelvaysusfotografos.com\/wp-content\/uploads\/2016\/01\/Manolo-Silva-foto5-768x512.jpg 768w, https:\/\/www.huelvaysusfotografos.com\/wp-content\/uploads\/2016\/01\/Manolo-Silva-foto5-120x80.jpg 120w, https:\/\/www.huelvaysusfotografos.com\/wp-content\/uploads\/2016\/01\/Manolo-Silva-foto5.jpg 1024w\" sizes=\"auto, (max-width: 300px) 100vw, 300px\" \/><\/a>Foto: Manolo Silva<\/p>\n<p style=\"text-align: justify;\">Fue un ejercicio que verdaderamente te hace recapacitar, examinar antes de disparar tu entorno y te demuestra q no hace falta estar mirando continuamente la pantalla para ver c\u00f3mo ha salido la foto. La verdad es q de un mismo motivo se tiran un mont\u00f3n de fotos, pr\u00e1cticamente iguales y luego al verlas te dices, \u00bfpara qu\u00e9 tantas? Me gust\u00f3 y espero en el futuro darle menos al disparador y examinar m\u00e1s el entorno antes de disparar, tal y como se hac\u00eda en fotograf\u00eda anal\u00f3gica. Buen pedagogo el compa\u00f1ero C\u00e9sar. (MAR\u00cdA DOLORES BLESA)<\/p>\n<p style=\"text-align: justify;\"><a href=\"https:\/\/www.huelvaysusfotografos.com\/wp-content\/uploads\/2016\/01\/M-Dolores-Blesa-Taller-con-C\u00e9sar.jpg\"><img loading=\"lazy\" decoding=\"async\" width=\"300\" height=\"200\" class=\"aligncenter size-medium wp-image-4508\" src=\"https:\/\/www.huelvaysusfotografos.com\/wp-content\/uploads\/2016\/01\/M-Dolores-Blesa-Taller-con-C\u00e9sar-300x200.jpg\" alt=\"M Dolores Blesa Taller con C\u00e9sar\" srcset=\"https:\/\/www.huelvaysusfotografos.com\/wp-content\/uploads\/2016\/01\/M-Dolores-Blesa-Taller-con-C\u00e9sar-300x200.jpg 300w, https:\/\/www.huelvaysusfotografos.com\/wp-content\/uploads\/2016\/01\/M-Dolores-Blesa-Taller-con-C\u00e9sar-1024x683.jpg 1024w, https:\/\/www.huelvaysusfotografos.com\/wp-content\/uploads\/2016\/01\/M-Dolores-Blesa-Taller-con-C\u00e9sar-768x512.jpg 768w, https:\/\/www.huelvaysusfotografos.com\/wp-content\/uploads\/2016\/01\/M-Dolores-Blesa-Taller-con-C\u00e9sar-1536x1024.jpg 1536w, https:\/\/www.huelvaysusfotografos.com\/wp-content\/uploads\/2016\/01\/M-Dolores-Blesa-Taller-con-C\u00e9sar-2048x1365.jpg 2048w, https:\/\/www.huelvaysusfotografos.com\/wp-content\/uploads\/2016\/01\/M-Dolores-Blesa-Taller-con-C\u00e9sar-120x80.jpg 120w\" sizes=\"auto, (max-width: 300px) 100vw, 300px\" \/><\/a><\/p>\n<p style=\"text-align: center;\"><em>Foto: Mar\u00eda Dolores Blesa<\/em><\/p>\n<p style=\"text-align: justify;\"><em>Nos reunimos 10 Socios y 2 No Socios para un taller impartido por Cesar Gil sobre el Tema \u00abFotografiar al Estilo An\u00e1logico\u00bb, es decir tapando las pantallas de las c\u00e1maras y realizando 36 tomas de diferentes lugares.<\/em><\/p>\n<p style=\"text-align: justify;\"><em>Un taller en el que te das cuenta la cantidad de disparos que hacemos iguales y no nos paramos a pensar m\u00e1s la foto deseada.\u00a0<\/em><em>Este ha sido el primer Taller que se ha hecho de los que esperamos hacer m\u00e1s el a\u00f1o que viene. (PEDRO J. RUIZ &#8211; CONSTANTINO)<\/em><\/p>\n<p style=\"text-align: justify;\"><a href=\"https:\/\/www.huelvaysusfotografos.com\/wp-content\/uploads\/2016\/01\/Pedro-1.jpg\"><img loading=\"lazy\" decoding=\"async\" width=\"300\" height=\"225\" class=\"aligncenter size-medium wp-image-4509\" src=\"https:\/\/www.huelvaysusfotografos.com\/wp-content\/uploads\/2016\/01\/Pedro-1-300x225.jpg\" alt=\"OLYMPUS DIGITAL CAMERA\" srcset=\"https:\/\/www.huelvaysusfotografos.com\/wp-content\/uploads\/2016\/01\/Pedro-1-300x225.jpg 300w, https:\/\/www.huelvaysusfotografos.com\/wp-content\/uploads\/2016\/01\/Pedro-1-768x576.jpg 768w, https:\/\/www.huelvaysusfotografos.com\/wp-content\/uploads\/2016\/01\/Pedro-1-160x120.jpg 160w, https:\/\/www.huelvaysusfotografos.com\/wp-content\/uploads\/2016\/01\/Pedro-1.jpg 800w\" sizes=\"auto, (max-width: 300px) 100vw, 300px\" \/><\/a><\/p>\n<p style=\"text-align: center;\">Foto: Pedro J. Ruiz- Constantino<\/p>\n<p style=\"text-align: justify;\"><em>Curioso curso.\u00a0Ya el titulo, llamaba la atenci\u00f3n, tapar la pantalla de la c\u00e1mara, no ver lo que haces, solo 36 fotos, promet\u00eda.<\/em><\/p>\n<p style=\"text-align: justify;\"><em>El punto de encuentro en la plaza de Las Monjas, Cesar Gil , nos daba la bienvenida y comenzaba la parte de teor\u00eda, este mundo de la fotograf\u00eda, es apasionante, todos los d\u00edas, estas recordando cosas y nunca se termina de aprender.<\/em><\/p>\n<p style=\"text-align: justify;\"><em>La practica persegu\u00eda, realizar fotos de escenas elegidas por Cesar, centr\u00e1ndonos en aspectos como, composici\u00f3n, exposici\u00f3n, an\u00e1lisis del entorno, b\u00fasqueda de la escena, etc., y todo, sin mirar el resultado.<\/em><\/p>\n<p style=\"text-align: justify;\"><em>Buen ejercicio y siempre asesorado personalmente por Cesar. El curso termina con el env\u00edo y correcci\u00f3n de una foto de cada escena (12), en formato RAW, sin tratar.\u00a0<\/em><em>Muy interesante y completo. (PACO GIL)<\/em><\/p>\n<p><img loading=\"lazy\" decoding=\"async\" width=\"204\" height=\"300\" class=\"aligncenter size-medium wp-image-4507\" src=\"https:\/\/www.huelvaysusfotografos.com\/wp-content\/uploads\/2016\/01\/Paco-Gil-Curso-C\u00e9sar-204x300.jpg\" alt=\"Paco Gil Curso C\u00e9sar\" srcset=\"https:\/\/www.huelvaysusfotografos.com\/wp-content\/uploads\/2016\/01\/Paco-Gil-Curso-C\u00e9sar-204x300.jpg 204w, https:\/\/www.huelvaysusfotografos.com\/wp-content\/uploads\/2016\/01\/Paco-Gil-Curso-C\u00e9sar-695x1024.jpg 695w, https:\/\/www.huelvaysusfotografos.com\/wp-content\/uploads\/2016\/01\/Paco-Gil-Curso-C\u00e9sar-768x1131.jpg 768w, https:\/\/www.huelvaysusfotografos.com\/wp-content\/uploads\/2016\/01\/Paco-Gil-Curso-C\u00e9sar-1043x1536.jpg 1043w, https:\/\/www.huelvaysusfotografos.com\/wp-content\/uploads\/2016\/01\/Paco-Gil-Curso-C\u00e9sar-1391x2048.jpg 1391w, https:\/\/www.huelvaysusfotografos.com\/wp-content\/uploads\/2016\/01\/Paco-Gil-Curso-C\u00e9sar-scaled.jpg 1738w\" sizes=\"auto, (max-width: 204px) 100vw, 204px\" \/><\/p>\n<p style=\"text-align: center;\">Foto: Paco Gil<\/p>\n<p style=\"text-align: justify;\">Como ya se ha dicho, \u00e9ste es el primer taller de varios que realizaremos con C\u00e9sar, as\u00ed que id pensando tema para el pr\u00f3ximo!<\/p>\n","protected":false},"excerpt":{"rendered":"<p>El pasado 13 de noviembre de 2015, desarrollamos esta estupenda iniciativa con un gran profesional de la fotograf\u00eda. Directamente os dejamos con la experiencia de algunos de los participantes: &nbsp; Con este t\u00edtulo podr\u00edamos resumir el \u00faltimo taller que hemos realizado con Cesar Gil, una gratificante experiencia fotogr\u00e1fica en la que hemos tratado de usar nuestras modernas c\u00e1maras bas\u00e1ndonos en la forma semi-manual con la que utiliz\u00e1bamos las recientes pero<\/p>\n<div class=\"belowpost\"><a class=\"btnmore\" href=\"https:\/\/www.huelvaysusfotografos.com\/?p=4503\">Seguir leyendo<\/a><\/div>\n","protected":false},"author":41,"featured_media":4512,"comment_status":"open","ping_status":"open","sticky":false,"template":"","format":"standard","meta":{"footnotes":"","_links_to":"","_links_to_target":""},"categories":[7],"tags":[],"class_list":["post-4503","post","type-post","status-publish","format-standard","has-post-thumbnail","hentry","category-talleres"],"_links":{"self":[{"href":"https:\/\/www.huelvaysusfotografos.com\/index.php?rest_route=\/wp\/v2\/posts\/4503","targetHints":{"allow":["GET"]}}],"collection":[{"href":"https:\/\/www.huelvaysusfotografos.com\/index.php?rest_route=\/wp\/v2\/posts"}],"about":[{"href":"https:\/\/www.huelvaysusfotografos.com\/index.php?rest_route=\/wp\/v2\/types\/post"}],"author":[{"embeddable":true,"href":"https:\/\/www.huelvaysusfotografos.com\/index.php?rest_route=\/wp\/v2\/users\/41"}],"replies":[{"embeddable":true,"href":"https:\/\/www.huelvaysusfotografos.com\/index.php?rest_route=%2Fwp%2Fv2%2Fcomments&post=4503"}],"version-history":[{"count":3,"href":"https:\/\/www.huelvaysusfotografos.com\/index.php?rest_route=\/wp\/v2\/posts\/4503\/revisions"}],"predecessor-version":[{"id":4513,"href":"https:\/\/www.huelvaysusfotografos.com\/index.php?rest_route=\/wp\/v2\/posts\/4503\/revisions\/4513"}],"wp:featuredmedia":[{"embeddable":true,"href":"https:\/\/www.huelvaysusfotografos.com\/index.php?rest_route=\/wp\/v2\/media\/4512"}],"wp:attachment":[{"href":"https:\/\/www.huelvaysusfotografos.com\/index.php?rest_route=%2Fwp%2Fv2%2Fmedia&parent=4503"}],"wp:term":[{"taxonomy":"category","embeddable":true,"href":"https:\/\/www.huelvaysusfotografos.com\/index.php?rest_route=%2Fwp%2Fv2%2Fcategories&post=4503"},{"taxonomy":"post_tag","embeddable":true,"href":"https:\/\/www.huelvaysusfotografos.com\/index.php?rest_route=%2Fwp%2Fv2%2Ftags&post=4503"}],"curies":[{"name":"wp","href":"https:\/\/api.w.org\/{rel}","templated":true}]}}