{"id":4486,"date":"2016-01-08T19:27:13","date_gmt":"2016-01-08T18:27:13","guid":{"rendered":"http:\/\/www.huelvaysusfotografos.com\/?p=4486"},"modified":"2016-01-08T19:27:13","modified_gmt":"2016-01-08T18:27:13","slug":"encuentro-fotografico-en-huelva","status":"publish","type":"post","link":"https:\/\/www.huelvaysusfotografos.com\/?p=4486","title":{"rendered":"Encuentro Fotogr\u00e1fico en Huelva"},"content":{"rendered":"<p>Hace dos meses aproximadamente, el\u00a0s\u00e1bado 21 de noviembre tuvimos\u00a0un encuentro fotogr\u00e1fico y de convivencia con compa\u00f1eros\/as fot\u00f3grafos\/as de Tavira y Ayamonte. Visitamos\u00a0algunos lugares emblem\u00e1ticos de Huelva.<\/p>\n<p style=\"text-align: justify;\"><em>Comenzamos con una visita al Muelle de la C\u00eda. Rio Tinto en una ma\u00f1ana muy fr\u00eda con asistencia de componentes de las Asociaciones NAFA de Tavira, ACAFA de Ayamonte y \u00abHuelva y sus Fot\u00f3grafos\u00bb; aproximadamente unos 25 fot\u00f3grafos.\u00a0Despu\u00e9s de fotografiar hasta el \u00faltimo tornillo del Muelle nos trasladamos hacia el Monumento a Col\u00f3n, donde por mediaci\u00f3n de Platalea tuvimos la suerte de ver el interior del Monumento (hasta el momento se siguen ense\u00f1ando de manera gratuita los s\u00e1bados en horario de ma\u00f1ana).\u00a0De ah\u00ed nos fuimos al entorno de La R\u00e1bida donde despu\u00e9s de una parada para tomar un cafelito, entramos en el Muelle de las Carabelas donde aparte por supuesto de hacer fotos, el buen humor del amigo Tapi -compa\u00f1ero de Ayamonte- destac\u00f3 por encima con sus chistes y an\u00e9cdotas.\u00a0Y ya de ah\u00ed vuelta para comer todos juntos, durante la comida le hicimos entrega a los Representantes de las dos Asociaciones invitadas de un recuerdo de nuestra Asociaci\u00f3n. Todos coincidimos en lo mismo, estos encuentros hay que repetirlos.<\/em> (Pedro J. Ruiz- Constantino P\u00e9rez)<\/p>\n<p style=\"text-align: justify;\">Durante una quedada existen momentos diversos para hacer fotos, os presentamos y dejamos aqu\u00ed una peque\u00f1a muestra de im\u00e1genes a modo de resumen:<\/p>\n<p style=\"text-align: center;\"><a href=\"https:\/\/www.huelvaysusfotografos.com\/wp-content\/uploads\/2016\/01\/Pedro-2.jpg\"><img loading=\"lazy\" decoding=\"async\" width=\"300\" height=\"225\" class=\"aligncenter size-medium wp-image-4495\" src=\"https:\/\/www.huelvaysusfotografos.com\/wp-content\/uploads\/2016\/01\/Pedro-2-300x225.jpg\" alt=\"OLYMPUS DIGITAL CAMERA\" srcset=\"https:\/\/www.huelvaysusfotografos.com\/wp-content\/uploads\/2016\/01\/Pedro-2-300x225.jpg 300w, https:\/\/www.huelvaysusfotografos.com\/wp-content\/uploads\/2016\/01\/Pedro-2-768x576.jpg 768w, https:\/\/www.huelvaysusfotografos.com\/wp-content\/uploads\/2016\/01\/Pedro-2-160x120.jpg 160w, https:\/\/www.huelvaysusfotografos.com\/wp-content\/uploads\/2016\/01\/Pedro-2.jpg 800w\" sizes=\"auto, (max-width: 300px) 100vw, 300px\" \/><\/a>Foto: Pedro J. Ruiz Constantino<\/p>\n<p style=\"text-align: center;\"><a href=\"https:\/\/www.huelvaysusfotografos.com\/wp-content\/uploads\/2016\/01\/Captura-de-pantalla-2015-11-23-a-las-20.23.05.png\"><img loading=\"lazy\" decoding=\"async\" width=\"300\" height=\"143\" class=\"aligncenter size-medium wp-image-4496\" src=\"https:\/\/www.huelvaysusfotografos.com\/wp-content\/uploads\/2016\/01\/Captura-de-pantalla-2015-11-23-a-las-20.23.05-300x143.png\" alt=\"Captura de pantalla 2015-11-23 a la(s) 20.23.05\" srcset=\"https:\/\/www.huelvaysusfotografos.com\/wp-content\/uploads\/2016\/01\/Captura-de-pantalla-2015-11-23-a-las-20.23.05-300x143.png 300w, https:\/\/www.huelvaysusfotografos.com\/wp-content\/uploads\/2016\/01\/Captura-de-pantalla-2015-11-23-a-las-20.23.05-1024x487.png 1024w, https:\/\/www.huelvaysusfotografos.com\/wp-content\/uploads\/2016\/01\/Captura-de-pantalla-2015-11-23-a-las-20.23.05-768x365.png 768w, https:\/\/www.huelvaysusfotografos.com\/wp-content\/uploads\/2016\/01\/Captura-de-pantalla-2015-11-23-a-las-20.23.05-1536x730.png 1536w, https:\/\/www.huelvaysusfotografos.com\/wp-content\/uploads\/2016\/01\/Captura-de-pantalla-2015-11-23-a-las-20.23.05-2048x974.png 2048w\" sizes=\"auto, (max-width: 300px) 100vw, 300px\" \/><\/a><\/p>\n<p style=\"text-align: center;\">Foto-Collage: Juana Mart\u00edn<\/p>\n<p style=\"text-align: center;\"><a href=\"https:\/\/www.huelvaysusfotografos.com\/wp-content\/uploads\/2016\/01\/Caye-Santana.jpg\"><img loading=\"lazy\" decoding=\"async\" width=\"300\" height=\"200\" class=\"aligncenter size-medium wp-image-4497\" src=\"https:\/\/www.huelvaysusfotografos.com\/wp-content\/uploads\/2016\/01\/Caye-Santana-300x200.jpg\" alt=\"Caye Santana\" srcset=\"https:\/\/www.huelvaysusfotografos.com\/wp-content\/uploads\/2016\/01\/Caye-Santana-300x200.jpg 300w, https:\/\/www.huelvaysusfotografos.com\/wp-content\/uploads\/2016\/01\/Caye-Santana-1024x683.jpg 1024w, https:\/\/www.huelvaysusfotografos.com\/wp-content\/uploads\/2016\/01\/Caye-Santana-768x512.jpg 768w, https:\/\/www.huelvaysusfotografos.com\/wp-content\/uploads\/2016\/01\/Caye-Santana-1536x1024.jpg 1536w, https:\/\/www.huelvaysusfotografos.com\/wp-content\/uploads\/2016\/01\/Caye-Santana-120x80.jpg 120w, https:\/\/www.huelvaysusfotografos.com\/wp-content\/uploads\/2016\/01\/Caye-Santana.jpg 2048w\" sizes=\"auto, (max-width: 300px) 100vw, 300px\" \/><\/a><\/p>\n<p style=\"text-align: center;\">Foto: Caye Santana<\/p>\n<p style=\"text-align: center;\"><a href=\"https:\/\/www.huelvaysusfotografos.com\/wp-content\/uploads\/2016\/01\/De-Flor-N\u00fa\u00f1ez.jpg\"><img loading=\"lazy\" decoding=\"async\" width=\"300\" height=\"200\" class=\"aligncenter size-medium wp-image-4498\" src=\"https:\/\/www.huelvaysusfotografos.com\/wp-content\/uploads\/2016\/01\/De-Flor-N\u00fa\u00f1ez-300x200.jpg\" alt=\"De Flor N\u00fa\u00f1ez\" srcset=\"https:\/\/www.huelvaysusfotografos.com\/wp-content\/uploads\/2016\/01\/De-Flor-N\u00fa\u00f1ez-300x200.jpg 300w, https:\/\/www.huelvaysusfotografos.com\/wp-content\/uploads\/2016\/01\/De-Flor-N\u00fa\u00f1ez-1024x683.jpg 1024w, https:\/\/www.huelvaysusfotografos.com\/wp-content\/uploads\/2016\/01\/De-Flor-N\u00fa\u00f1ez-768x512.jpg 768w, https:\/\/www.huelvaysusfotografos.com\/wp-content\/uploads\/2016\/01\/De-Flor-N\u00fa\u00f1ez-1536x1024.jpg 1536w, https:\/\/www.huelvaysusfotografos.com\/wp-content\/uploads\/2016\/01\/De-Flor-N\u00fa\u00f1ez-120x80.jpg 120w, https:\/\/www.huelvaysusfotografos.com\/wp-content\/uploads\/2016\/01\/De-Flor-N\u00fa\u00f1ez.jpg 2048w\" sizes=\"auto, (max-width: 300px) 100vw, 300px\" \/><\/a><\/p>\n<p style=\"text-align: center;\">Foto: Flor N\u00fa\u00f1ez<\/p>\n<p style=\"text-align: center;\"><a href=\"https:\/\/www.huelvaysusfotografos.com\/wp-content\/uploads\/2016\/01\/Maga-Ortiz.jpg\"><img loading=\"lazy\" decoding=\"async\" width=\"200\" height=\"300\" class=\"aligncenter size-medium wp-image-4499\" src=\"https:\/\/www.huelvaysusfotografos.com\/wp-content\/uploads\/2016\/01\/Maga-Ortiz-200x300.jpg\" alt=\"Maga Ortiz\" srcset=\"https:\/\/www.huelvaysusfotografos.com\/wp-content\/uploads\/2016\/01\/Maga-Ortiz-200x300.jpg 200w, https:\/\/www.huelvaysusfotografos.com\/wp-content\/uploads\/2016\/01\/Maga-Ortiz-683x1024.jpg 683w, https:\/\/www.huelvaysusfotografos.com\/wp-content\/uploads\/2016\/01\/Maga-Ortiz-768x1152.jpg 768w, https:\/\/www.huelvaysusfotografos.com\/wp-content\/uploads\/2016\/01\/Maga-Ortiz.jpg 900w\" sizes=\"auto, (max-width: 200px) 100vw, 200px\" \/><\/a><\/p>\n<p style=\"text-align: center;\">Foto: Maga Ort\u00edz<\/p>\n<p style=\"text-align: center;\"><a href=\"https:\/\/www.huelvaysusfotografos.com\/wp-content\/uploads\/2016\/01\/Roc\u00edo-Escudero.jpg\"><img loading=\"lazy\" decoding=\"async\" width=\"300\" height=\"200\" class=\"aligncenter size-medium wp-image-4500\" src=\"https:\/\/www.huelvaysusfotografos.com\/wp-content\/uploads\/2016\/01\/Roc\u00edo-Escudero-300x200.jpg\" alt=\"Roc\u00edo Escudero\" srcset=\"https:\/\/www.huelvaysusfotografos.com\/wp-content\/uploads\/2016\/01\/Roc\u00edo-Escudero-300x200.jpg 300w, https:\/\/www.huelvaysusfotografos.com\/wp-content\/uploads\/2016\/01\/Roc\u00edo-Escudero-1024x683.jpg 1024w, https:\/\/www.huelvaysusfotografos.com\/wp-content\/uploads\/2016\/01\/Roc\u00edo-Escudero-768x512.jpg 768w, https:\/\/www.huelvaysusfotografos.com\/wp-content\/uploads\/2016\/01\/Roc\u00edo-Escudero-1536x1024.jpg 1536w, https:\/\/www.huelvaysusfotografos.com\/wp-content\/uploads\/2016\/01\/Roc\u00edo-Escudero-120x80.jpg 120w, https:\/\/www.huelvaysusfotografos.com\/wp-content\/uploads\/2016\/01\/Roc\u00edo-Escudero.jpg 2048w\" sizes=\"auto, (max-width: 300px) 100vw, 300px\" \/><\/a>Foto: Roc\u00edo Escudero<\/p>\n<p>&nbsp;<\/p>\n","protected":false},"excerpt":{"rendered":"<p>Hace dos meses aproximadamente, el\u00a0s\u00e1bado 21 de noviembre tuvimos\u00a0un encuentro fotogr\u00e1fico y de convivencia con compa\u00f1eros\/as fot\u00f3grafos\/as de Tavira y Ayamonte. Visitamos\u00a0algunos lugares emblem\u00e1ticos de Huelva. Comenzamos con una visita al Muelle de la C\u00eda. Rio Tinto en una ma\u00f1ana muy fr\u00eda con asistencia de componentes de las Asociaciones NAFA de Tavira, ACAFA de Ayamonte y \u00abHuelva y sus Fot\u00f3grafos\u00bb; aproximadamente unos 25 fot\u00f3grafos.\u00a0Despu\u00e9s de fotografiar hasta el \u00faltimo tornillo<\/p>\n<div class=\"belowpost\"><a class=\"btnmore\" href=\"https:\/\/www.huelvaysusfotografos.com\/?p=4486\">Seguir leyendo<\/a><\/div>\n","protected":false},"author":41,"featured_media":4487,"comment_status":"open","ping_status":"open","sticky":false,"template":"","format":"standard","meta":{"footnotes":"","_links_to":"","_links_to_target":""},"categories":[6],"tags":[],"class_list":["post-4486","post","type-post","status-publish","format-standard","has-post-thumbnail","hentry","category-quedadas"],"_links":{"self":[{"href":"https:\/\/www.huelvaysusfotografos.com\/index.php?rest_route=\/wp\/v2\/posts\/4486","targetHints":{"allow":["GET"]}}],"collection":[{"href":"https:\/\/www.huelvaysusfotografos.com\/index.php?rest_route=\/wp\/v2\/posts"}],"about":[{"href":"https:\/\/www.huelvaysusfotografos.com\/index.php?rest_route=\/wp\/v2\/types\/post"}],"author":[{"embeddable":true,"href":"https:\/\/www.huelvaysusfotografos.com\/index.php?rest_route=\/wp\/v2\/users\/41"}],"replies":[{"embeddable":true,"href":"https:\/\/www.huelvaysusfotografos.com\/index.php?rest_route=%2Fwp%2Fv2%2Fcomments&post=4486"}],"version-history":[{"count":3,"href":"https:\/\/www.huelvaysusfotografos.com\/index.php?rest_route=\/wp\/v2\/posts\/4486\/revisions"}],"predecessor-version":[{"id":4502,"href":"https:\/\/www.huelvaysusfotografos.com\/index.php?rest_route=\/wp\/v2\/posts\/4486\/revisions\/4502"}],"wp:featuredmedia":[{"embeddable":true,"href":"https:\/\/www.huelvaysusfotografos.com\/index.php?rest_route=\/wp\/v2\/media\/4487"}],"wp:attachment":[{"href":"https:\/\/www.huelvaysusfotografos.com\/index.php?rest_route=%2Fwp%2Fv2%2Fmedia&parent=4486"}],"wp:term":[{"taxonomy":"category","embeddable":true,"href":"https:\/\/www.huelvaysusfotografos.com\/index.php?rest_route=%2Fwp%2Fv2%2Fcategories&post=4486"},{"taxonomy":"post_tag","embeddable":true,"href":"https:\/\/www.huelvaysusfotografos.com\/index.php?rest_route=%2Fwp%2Fv2%2Ftags&post=4486"}],"curies":[{"name":"wp","href":"https:\/\/api.w.org\/{rel}","templated":true}]}}