{"id":4472,"date":"2015-11-09T17:56:01","date_gmt":"2015-11-09T16:56:01","guid":{"rendered":"http:\/\/www.huelvaysusfotografos.com\/?p=4472"},"modified":"2015-11-09T17:56:01","modified_gmt":"2015-11-09T16:56:01","slug":"nuestros-socios-exponen-en-noviembre","status":"publish","type":"post","link":"https:\/\/www.huelvaysusfotografos.com\/?p=4472","title":{"rendered":"Nuestros socios exponen en noviembre"},"content":{"rendered":"<p style=\"text-align: justify;\">No son pocas las veces que anunciamos exposiciones de nuestros socios en particular, y en general de compa\u00f1eros, aficionados y profesionales de la fotograf\u00edas. Noviembre ser\u00e1 un mes para exposiciones y m\u00e1s. Os dejamos detalle de algunas muestras:<\/p>\n<p style=\"text-align: justify;\"><a href=\"https:\/\/www.huelvaysusfotografos.com\/wp-content\/uploads\/2015\/11\/6-nov-saca.jpg\"><br \/>\n<\/a> <a href=\"https:\/\/www.huelvaysusfotografos.com\/wp-content\/uploads\/2015\/11\/El-Tintillo.jpg\"><img loading=\"lazy\" decoding=\"async\" width=\"200\" height=\"300\" class=\"aligncenter size-medium wp-image-4474\" src=\"https:\/\/www.huelvaysusfotografos.com\/wp-content\/uploads\/2015\/11\/El-Tintillo-200x300.jpg\" alt=\"El Tintillo\" srcset=\"https:\/\/www.huelvaysusfotografos.com\/wp-content\/uploads\/2015\/11\/El-Tintillo-200x300.jpg 200w, https:\/\/www.huelvaysusfotografos.com\/wp-content\/uploads\/2015\/11\/El-Tintillo-682x1024.jpg 682w, https:\/\/www.huelvaysusfotografos.com\/wp-content\/uploads\/2015\/11\/El-Tintillo.jpg 739w\" sizes=\"auto, (max-width: 200px) 100vw, 200px\" \/><\/a><\/p>\n<p style=\"text-align: center;\">Escrito en el agua. El Tintillo como nunca lo has visto. Fotograf\u00edas de Cecilia Gilabert en Huelva, del 5 al 19 de noviembre<\/p>\n<p style=\"text-align: center;\">En el Centro de Visitantes \u00abHuelva, Puerta del Atl\u00e1ntico\u00bb. Im\u00e1genes tomadas desde una misma posici\u00f3n en el curso del r\u00edo Tintillo, de tipo abstractas. Todo un mundo on\u00edrico que nos presenta esta artistas y socia.<\/p>\n<p><img loading=\"lazy\" decoding=\"async\" width=\"212\" height=\"300\" class=\"aligncenter size-medium wp-image-4473\" src=\"https:\/\/www.huelvaysusfotografos.com\/wp-content\/uploads\/2015\/11\/6-nov-saca-212x300.jpg\" alt=\"6 nov saca\" srcset=\"https:\/\/www.huelvaysusfotografos.com\/wp-content\/uploads\/2015\/11\/6-nov-saca-212x300.jpg 212w, https:\/\/www.huelvaysusfotografos.com\/wp-content\/uploads\/2015\/11\/6-nov-saca.jpg 279w\" sizes=\"auto, (max-width: 212px) 100vw, 212px\" \/>a<\/p>\n<p style=\"text-align: center;\">Antonio Pereira y otros compa\u00f1eros en Almonte, en el\u00a0Teatro Municipal Salvador T\u00e1vora. Ciudad de la Cultura<\/p>\n<p style=\"text-align: center;\">Del 6 de noviembre al 10 de enero<\/p>\n<p style=\"text-align: center;\">Fotos del Concurso Saca de las Yeguas 2015 (cartel de Antonio Pereira, fot\u00f3grafo aficionado hasta la m\u00e9dula y socio)<\/p>\n<p>&nbsp;<\/p>\n<p style=\"text-align: center;\"><a href=\"https:\/\/www.huelvaysusfotografos.com\/wp-content\/uploads\/2015\/11\/Juli\u00e1n-P\u00e9rez.jpg\"><img loading=\"lazy\" decoding=\"async\" width=\"213\" height=\"300\" class=\"aligncenter size-medium wp-image-4475\" src=\"https:\/\/www.huelvaysusfotografos.com\/wp-content\/uploads\/2015\/11\/Juli\u00e1n-P\u00e9rez-213x300.jpg\" alt=\"Juli\u00e1n P\u00e9rez\" srcset=\"https:\/\/www.huelvaysusfotografos.com\/wp-content\/uploads\/2015\/11\/Juli\u00e1n-P\u00e9rez-213x300.jpg 213w, https:\/\/www.huelvaysusfotografos.com\/wp-content\/uploads\/2015\/11\/Juli\u00e1n-P\u00e9rez-728x1024.jpg 728w, https:\/\/www.huelvaysusfotografos.com\/wp-content\/uploads\/2015\/11\/Juli\u00e1n-P\u00e9rez-768x1080.jpg 768w, https:\/\/www.huelvaysusfotografos.com\/wp-content\/uploads\/2015\/11\/Juli\u00e1n-P\u00e9rez.jpg 800w\" sizes=\"auto, (max-width: 213px) 100vw, 213px\" \/><\/a>En el Sal\u00f3n de Exposiciones del Edificio Municipal de Bellavista. Aljaraque. Se puede visitar del\u00a09 al 25 de noviembre. Se podr\u00e1 disfrutar de esta muestra itinerante promovida por Diputaci\u00f3n de Huelva. Las fotograf\u00edas son de nuestro socio Juli\u00e1n P\u00e9rez y los textos que acompa\u00f1an de Rosa Font.<\/p>\n<p>Os invitamos a visitarlas!!<\/p>\n","protected":false},"excerpt":{"rendered":"<p>No son pocas las veces que anunciamos exposiciones de nuestros socios en particular, y en general de compa\u00f1eros, aficionados y profesionales de la fotograf\u00edas. Noviembre ser\u00e1 un mes para exposiciones y m\u00e1s. Os dejamos detalle de algunas muestras: Escrito en el agua. El Tintillo como nunca lo has visto. Fotograf\u00edas de Cecilia Gilabert en Huelva, del 5 al 19 de noviembre En el Centro de Visitantes \u00abHuelva, Puerta del Atl\u00e1ntico\u00bb.<\/p>\n<div class=\"belowpost\"><a class=\"btnmore\" href=\"https:\/\/www.huelvaysusfotografos.com\/?p=4472\">Seguir leyendo<\/a><\/div>\n","protected":false},"author":41,"featured_media":4479,"comment_status":"open","ping_status":"open","sticky":false,"template":"","format":"standard","meta":{"footnotes":"","_links_to":"","_links_to_target":""},"categories":[3],"tags":[],"class_list":["post-4472","post","type-post","status-publish","format-standard","has-post-thumbnail","hentry","category-noticias"],"_links":{"self":[{"href":"https:\/\/www.huelvaysusfotografos.com\/index.php?rest_route=\/wp\/v2\/posts\/4472","targetHints":{"allow":["GET"]}}],"collection":[{"href":"https:\/\/www.huelvaysusfotografos.com\/index.php?rest_route=\/wp\/v2\/posts"}],"about":[{"href":"https:\/\/www.huelvaysusfotografos.com\/index.php?rest_route=\/wp\/v2\/types\/post"}],"author":[{"embeddable":true,"href":"https:\/\/www.huelvaysusfotografos.com\/index.php?rest_route=\/wp\/v2\/users\/41"}],"replies":[{"embeddable":true,"href":"https:\/\/www.huelvaysusfotografos.com\/index.php?rest_route=%2Fwp%2Fv2%2Fcomments&post=4472"}],"version-history":[{"count":4,"href":"https:\/\/www.huelvaysusfotografos.com\/index.php?rest_route=\/wp\/v2\/posts\/4472\/revisions"}],"predecessor-version":[{"id":4480,"href":"https:\/\/www.huelvaysusfotografos.com\/index.php?rest_route=\/wp\/v2\/posts\/4472\/revisions\/4480"}],"wp:featuredmedia":[{"embeddable":true,"href":"https:\/\/www.huelvaysusfotografos.com\/index.php?rest_route=\/wp\/v2\/media\/4479"}],"wp:attachment":[{"href":"https:\/\/www.huelvaysusfotografos.com\/index.php?rest_route=%2Fwp%2Fv2%2Fmedia&parent=4472"}],"wp:term":[{"taxonomy":"category","embeddable":true,"href":"https:\/\/www.huelvaysusfotografos.com\/index.php?rest_route=%2Fwp%2Fv2%2Fcategories&post=4472"},{"taxonomy":"post_tag","embeddable":true,"href":"https:\/\/www.huelvaysusfotografos.com\/index.php?rest_route=%2Fwp%2Fv2%2Ftags&post=4472"}],"curies":[{"name":"wp","href":"https:\/\/api.w.org\/{rel}","templated":true}]}}