{"id":4465,"date":"2016-01-08T18:59:07","date_gmt":"2016-01-08T17:59:07","guid":{"rendered":"http:\/\/www.huelvaysusfotografos.com\/?p=4465"},"modified":"2016-01-08T18:59:07","modified_gmt":"2016-01-08T17:59:07","slug":"minas-de-herrerias-ha-sido-destino-de-hysf","status":"publish","type":"post","link":"https:\/\/www.huelvaysusfotografos.com\/?p=4465","title":{"rendered":"\u00abMinas de Herrer\u00edas\u00bb ha sido destino de HYSF"},"content":{"rendered":"<p style=\"text-align: justify;\">El pasado 31 de octubre realizamos una hermosa quedada en un inigualable entorno minero de nuestra provincia onubense, nos referimos a Minas de Herrer\u00edas en La Puebla.<\/p>\n<p style=\"text-align: justify;\">Nuestro socio y compa\u00f1ero, <strong>Emilio Romero<\/strong> se encarg\u00f3 de organizar el Paseo hist\u00f3rico-fotogr\u00e1fico, que adem\u00e1s cont\u00f3 con el encantador acompa\u00f1amiento de\u00a0 la \u201c<strong>Asociaci\u00f3n de Mujeres Minas de Herrer\u00edas<\/strong>\u201d. El recorrido fue por la Corta Guadiana, se visit\u00f3 el Castillete Pozo Guadiana, tambi\u00e9n el Castillete Pozo San Carlos, la Corta Santa B\u00e1rbara y el Poblado minero de Herrer\u00edas (dise\u00f1ado por Alejandro Herrero Ayll\u00f3n)&#8230; un conjunto de maravillas que pudieron ser disfrutadas y fotografiadas por algunos de nuestros aventureros\/as socios\/as.<\/p>\n<p>Os dejamos algunas fotos \u00a0y comentarios de sus autores sobre la experiencia:<\/p>\n<p style=\"text-align: justify;\"><em>Interesantes las informaciones que recibimos de Pepe Su\u00e1rez de la Asociaci\u00f3n de Herrer\u00edas, Las Mujeres de Herrer\u00edas y como no del compa\u00f1ero Emilio Romero. Ayudan a comprender algunas edificaciones del entorno, as\u00ed como conocer la historia de la localidad.<\/em> (Mar\u00eda Dolores Blesa)<\/p>\n<p style=\"text-align: center;\"><a href=\"https:\/\/www.huelvaysusfotografos.com\/wp-content\/uploads\/2016\/01\/M-Dolores-Blesa-Herrer\u00edas.jpg\"><img loading=\"lazy\" decoding=\"async\" width=\"300\" height=\"200\" class=\"aligncenter size-medium wp-image-4490\" src=\"https:\/\/www.huelvaysusfotografos.com\/wp-content\/uploads\/2016\/01\/M-Dolores-Blesa-Herrer\u00edas-300x200.jpg\" alt=\"M Dolores Blesa Herrer\u00edas\" srcset=\"https:\/\/www.huelvaysusfotografos.com\/wp-content\/uploads\/2016\/01\/M-Dolores-Blesa-Herrer\u00edas-300x200.jpg 300w, https:\/\/www.huelvaysusfotografos.com\/wp-content\/uploads\/2016\/01\/M-Dolores-Blesa-Herrer\u00edas-1024x683.jpg 1024w, https:\/\/www.huelvaysusfotografos.com\/wp-content\/uploads\/2016\/01\/M-Dolores-Blesa-Herrer\u00edas-768x512.jpg 768w, https:\/\/www.huelvaysusfotografos.com\/wp-content\/uploads\/2016\/01\/M-Dolores-Blesa-Herrer\u00edas-1536x1024.jpg 1536w, https:\/\/www.huelvaysusfotografos.com\/wp-content\/uploads\/2016\/01\/M-Dolores-Blesa-Herrer\u00edas-2048x1365.jpg 2048w, https:\/\/www.huelvaysusfotografos.com\/wp-content\/uploads\/2016\/01\/M-Dolores-Blesa-Herrer\u00edas-120x80.jpg 120w\" sizes=\"auto, (max-width: 300px) 100vw, 300px\" \/><\/a>Foto: Mar\u00eda Dolores Blesa<\/p>\n<p>&nbsp;<\/p>\n<p>&nbsp;<\/p>\n<p style=\"text-align: justify;\"><em>Las kddas, en zonas mineras, y acompa\u00f1ados de Emilio Romero, adem\u00e1s, es un plus a la hora de realizar la visita de cualquier localidad.\u00a0 El ambiente del grupo fenomenal, y siempre dispuesto a compartir conocimientos y experiencias fotogr\u00e1ficas.<\/em><\/p>\n<p style=\"text-align: justify;\"><em>En esta ocasi\u00f3n adem\u00e1s, contamos con la compa\u00f1\u00eda de Jos\u00e9 Suarez, (no me quede muy bien con la relaci\u00f3n con el pueblo y dejo en blanco para que puedas completar \u00e9ste dato), y con representantes de la Asociaci\u00f3n Mujeres de Herrer\u00edas, quienes tuvieron la amabilidad de mostrarnos su pueblo y las actividades que realizan en beneficio de los habitantes de esa pedan\u00eda de La Puebla de Guzm\u00e1n.<\/em><\/p>\n<p style=\"text-align: justify;\"><em>Adjunto la curiosa foto de la casa de unos de sus vecinos que amablemente, nos permiti\u00f3 visitar su particular museo al aire libre.<\/em> (Paco Gil)<\/p>\n<p><a href=\"https:\/\/www.huelvaysusfotografos.com\/wp-content\/uploads\/2016\/01\/Paco-Gil-Herrer\u00edas.jpg\"><img loading=\"lazy\" decoding=\"async\" width=\"300\" height=\"200\" class=\"aligncenter size-medium wp-image-4491\" src=\"https:\/\/www.huelvaysusfotografos.com\/wp-content\/uploads\/2016\/01\/Paco-Gil-Herrer\u00edas-300x200.jpg\" alt=\"Paco Gil Herrer\u00edas\" srcset=\"https:\/\/www.huelvaysusfotografos.com\/wp-content\/uploads\/2016\/01\/Paco-Gil-Herrer\u00edas-300x200.jpg 300w, https:\/\/www.huelvaysusfotografos.com\/wp-content\/uploads\/2016\/01\/Paco-Gil-Herrer\u00edas-1024x683.jpg 1024w, https:\/\/www.huelvaysusfotografos.com\/wp-content\/uploads\/2016\/01\/Paco-Gil-Herrer\u00edas-768x512.jpg 768w, https:\/\/www.huelvaysusfotografos.com\/wp-content\/uploads\/2016\/01\/Paco-Gil-Herrer\u00edas-1536x1024.jpg 1536w, https:\/\/www.huelvaysusfotografos.com\/wp-content\/uploads\/2016\/01\/Paco-Gil-Herrer\u00edas-2048x1365.jpg 2048w, https:\/\/www.huelvaysusfotografos.com\/wp-content\/uploads\/2016\/01\/Paco-Gil-Herrer\u00edas-120x80.jpg 120w\" sizes=\"auto, (max-width: 300px) 100vw, 300px\" \/><\/a><\/p>\n<p style=\"text-align: center;\">Foto: Paco Gil<\/p>\n<p style=\"text-align: justify;\"><em>Aunque comenz\u00f3 el d\u00eda con mucha agua, mereci\u00f3 la pena compartir el d\u00eda con los compa\u00f1eros que fuimos de la Asociaci\u00f3n. El organizador de la misma fue nuestro compa\u00f1ero Emilio Romero y como siempre que organiza algo, de sobresaliente.<\/em><\/p>\n<p style=\"text-align: justify;\"><em>Tambi\u00e9n se agregaron a la misma Jos\u00e9 Suarez (Presidente de la Asociaci\u00f3n Minas de Herrer\u00edas) y Antonio Perejil Delay que nos acompa\u00f1aron y nos dieron toda clase de explicaciones.<\/em><\/p>\n<p style=\"text-align: justify;\"><em>Por la tarde despu\u00e9s de comer nos recibi\u00f3 La Asociaci\u00f3n\u00a0 \u00abMujeres de Herrer\u00edas\u00bb, las cuales nos acompa\u00f1aron por la aldea d\u00e1ndonos todo tipo de detalles de la Aldea.<\/em><\/p>\n<p style=\"text-align: justify;\"><em>Y para terminar me gustar\u00eda agradecer a Jos\u00e9 Suarez, el regalo que nos hizo a la Asociaci\u00f3n Huelva y sus Fot\u00f3grafos de la colecci\u00f3n de libros de Minas de Herrer\u00edas. <\/em>(Pedro J. Ruiz- Constantino)<\/p>\n<p style=\"text-align: justify;\"><a href=\"https:\/\/www.huelvaysusfotografos.com\/wp-content\/uploads\/2016\/01\/Pedro-5.jpg\"><img loading=\"lazy\" decoding=\"async\" width=\"300\" height=\"225\" class=\"aligncenter size-medium wp-image-4492\" src=\"https:\/\/www.huelvaysusfotografos.com\/wp-content\/uploads\/2016\/01\/Pedro-5-300x225.jpg\" alt=\"OLYMPUS DIGITAL CAMERA\" srcset=\"https:\/\/www.huelvaysusfotografos.com\/wp-content\/uploads\/2016\/01\/Pedro-5-300x225.jpg 300w, https:\/\/www.huelvaysusfotografos.com\/wp-content\/uploads\/2016\/01\/Pedro-5-768x576.jpg 768w, https:\/\/www.huelvaysusfotografos.com\/wp-content\/uploads\/2016\/01\/Pedro-5-160x120.jpg 160w, https:\/\/www.huelvaysusfotografos.com\/wp-content\/uploads\/2016\/01\/Pedro-5.jpg 800w\" sizes=\"auto, (max-width: 300px) 100vw, 300px\" \/><\/a><\/p>\n<p style=\"text-align: center;\">Foto: Pedro J. Ruiz- Constantino<\/p>\n<p style=\"text-align: center;\">\n<p style=\"text-align: justify;\">Gracias a estos tres socios colaboradores que han querido y tenido a bien compartir su experiencia. Esperamos pronto otra quedada minera con nuestro asociado y amigo Emilio Romero.<\/p>\n","protected":false},"excerpt":{"rendered":"<p>El pasado 31 de octubre realizamos una hermosa quedada en un inigualable entorno minero de nuestra provincia onubense, nos referimos a Minas de Herrer\u00edas en La Puebla. Nuestro socio y compa\u00f1ero, Emilio Romero se encarg\u00f3 de organizar el Paseo hist\u00f3rico-fotogr\u00e1fico, que adem\u00e1s cont\u00f3 con el encantador acompa\u00f1amiento de\u00a0 la \u201cAsociaci\u00f3n de Mujeres Minas de Herrer\u00edas\u201d. El recorrido fue por la Corta Guadiana, se visit\u00f3 el Castillete Pozo Guadiana, tambi\u00e9n el<\/p>\n<div class=\"belowpost\"><a class=\"btnmore\" href=\"https:\/\/www.huelvaysusfotografos.com\/?p=4465\">Seguir leyendo<\/a><\/div>\n","protected":false},"author":41,"featured_media":4466,"comment_status":"open","ping_status":"open","sticky":false,"template":"","format":"standard","meta":{"footnotes":"","_links_to":"","_links_to_target":""},"categories":[6],"tags":[],"class_list":["post-4465","post","type-post","status-publish","format-standard","has-post-thumbnail","hentry","category-quedadas"],"_links":{"self":[{"href":"https:\/\/www.huelvaysusfotografos.com\/index.php?rest_route=\/wp\/v2\/posts\/4465","targetHints":{"allow":["GET"]}}],"collection":[{"href":"https:\/\/www.huelvaysusfotografos.com\/index.php?rest_route=\/wp\/v2\/posts"}],"about":[{"href":"https:\/\/www.huelvaysusfotografos.com\/index.php?rest_route=\/wp\/v2\/types\/post"}],"author":[{"embeddable":true,"href":"https:\/\/www.huelvaysusfotografos.com\/index.php?rest_route=\/wp\/v2\/users\/41"}],"replies":[{"embeddable":true,"href":"https:\/\/www.huelvaysusfotografos.com\/index.php?rest_route=%2Fwp%2Fv2%2Fcomments&post=4465"}],"version-history":[{"count":3,"href":"https:\/\/www.huelvaysusfotografos.com\/index.php?rest_route=\/wp\/v2\/posts\/4465\/revisions"}],"predecessor-version":[{"id":4493,"href":"https:\/\/www.huelvaysusfotografos.com\/index.php?rest_route=\/wp\/v2\/posts\/4465\/revisions\/4493"}],"wp:featuredmedia":[{"embeddable":true,"href":"https:\/\/www.huelvaysusfotografos.com\/index.php?rest_route=\/wp\/v2\/media\/4466"}],"wp:attachment":[{"href":"https:\/\/www.huelvaysusfotografos.com\/index.php?rest_route=%2Fwp%2Fv2%2Fmedia&parent=4465"}],"wp:term":[{"taxonomy":"category","embeddable":true,"href":"https:\/\/www.huelvaysusfotografos.com\/index.php?rest_route=%2Fwp%2Fv2%2Fcategories&post=4465"},{"taxonomy":"post_tag","embeddable":true,"href":"https:\/\/www.huelvaysusfotografos.com\/index.php?rest_route=%2Fwp%2Fv2%2Ftags&post=4465"}],"curies":[{"name":"wp","href":"https:\/\/api.w.org\/{rel}","templated":true}]}}