{"id":4458,"date":"2015-11-03T18:10:54","date_gmt":"2015-11-03T17:10:54","guid":{"rendered":"http:\/\/www.huelvaysusfotografos.com\/?p=4458"},"modified":"2015-11-03T18:10:54","modified_gmt":"2015-11-03T17:10:54","slug":"francisco-jose-rufino-gana-uno-de-nuestros-concursos","status":"publish","type":"post","link":"https:\/\/www.huelvaysusfotografos.com\/?p=4458","title":{"rendered":"Francisco Jos\u00e9 Rufino gana uno de nuestros concursos"},"content":{"rendered":"<p style=\"text-align: justify;\">Hoy toca presentar a Fran (bueno \u00e9l lo har\u00e1). Ha sido el ganador de la edici\u00f3n \u00abBicicletas\u00bb del concurso que Huelva y sus Fot\u00f3grafos lleve en la red Flickr. Parte de su premio consiste en presentarlo, le hicimos unas preguntas y esto fue lo que nos narr\u00f3:<\/p>\n<p style=\"text-align: justify;\">Mi nombre es Francisco Jos\u00e9 Rufino Rivero, vivo en Huelva y trabajo en el distribuidor de Heineken de Huelva. En la fotograf\u00eda empec\u00e9 hace bastante tiempo, recuero mi primera r\u00e9flex en el a\u00f1o 1994, pero lo ten\u00eda un poco de lado, ya que por falta de tiempo y por temas familiares, no me permit\u00edan prestarle toda la atenci\u00f3n que me hubiera gustado, pero nunca lo hab\u00eda dejado al margen. Ahora, cuando la familia ya necesita algo menos de tiempo, vamos acerc\u00e1ndonos a esos hobbys que antes eran impensables esos fines de semana y\/o en otros momentos.<\/p>\n<p style=\"text-align: justify;\">Hoy como\u00a0os\u00a0digo, le dedico algo m\u00e1s de tiempo e intento sacarlo hasta de donde no lo hay, para hacer alguna que otra foto y\/o salir con algunos amig@s aunque sea s\u00f3lo unas horas cortas en los fines de semana. Puedo decir que soy uno de esos de principios fijos, y me refiero a que soy Canonista total, he tenido desde la primera r\u00e9flex Canon de carrete( Rebel XS que conservo) pasando por la 300D-350D-450D-550D y recientemente he adquirido la 70D, esperando que dure un tiempo y me de tan buenos resultados como sus hermanas peque\u00f1as que tanto me han hecho disfrutar de este mundo. El\u00a0tipo de fotograf\u00edas con las que me siento m\u00e1s c\u00f3modo es en la naturaleza en general, las puestas de Sol, los paisajes, esas panor\u00e1micas, e incluso la fotograf\u00eda macro, pasando por la foto urbana, me gusta el blanco y negro y en general un poco de todo, pero destacando los temas anteriormente expuestos.<\/p>\n<p style=\"text-align: justify;\">En ambas de las asociaciones que est\u00e1n actualmente en Huelva he ganado algunos premios, con las tem\u00e1ticas:\u00a0escaleras, \u00e1rboles, mejor foto del mes de \u2026, desenfoques, muelle del Vig\u00eda, etc . Con\u00a0respecto a fot\u00f3grafos referentes no tengo ninguna predilecci\u00f3n, pues aun gust\u00e1ndome las obras de muchos de ellos, no me siento identificado y seguidor de ninguno firmemente.<\/p>\n<p style=\"text-align: justify;\">Por tanto y para cerrar este breve recuento de la vida fotogr\u00e1fica, decir que me apasiona la foto, el llegar a casa y seguir jugando con esa imagen, que muchas veces parece en segundo plano, pero que se le puede sacar algo de vida y que en principio no la hab\u00eda detectado como para fijarme en ella y que una vez analizada, ampliada, retocada y\/o filtrada puede ser incluso m\u00e1s llamativa que la foto principal.<\/p>\n<p style=\"text-align: justify;\">Os dejo algunas fotograf\u00edas que he elegido para que conozc\u00e1is mi trabajo, aunque pod\u00e9is visitar mi galer\u00eda en Flickr\u00a0<a href=\"https:\/\/www.flickr.com\/photos\/61577451@N03\/\">https:\/\/www.flickr.com\/photos\/61577451@N03\/<\/a><\/p>\n<p><a href=\"https:\/\/www.huelvaysusfotografos.com\/wp-content\/uploads\/2015\/11\/Captura-de-pantalla-2015-11-03-a-las-17.58.45.png\"><img loading=\"lazy\" decoding=\"async\" width=\"300\" height=\"183\" class=\"aligncenter size-medium wp-image-4460\" src=\"https:\/\/www.huelvaysusfotografos.com\/wp-content\/uploads\/2015\/11\/Captura-de-pantalla-2015-11-03-a-las-17.58.45-300x183.png\" alt=\"Captura de pantalla 2015-11-03 a la(s) 17.58.45\" srcset=\"https:\/\/www.huelvaysusfotografos.com\/wp-content\/uploads\/2015\/11\/Captura-de-pantalla-2015-11-03-a-las-17.58.45-300x183.png 300w, https:\/\/www.huelvaysusfotografos.com\/wp-content\/uploads\/2015\/11\/Captura-de-pantalla-2015-11-03-a-las-17.58.45-1024x626.png 1024w, https:\/\/www.huelvaysusfotografos.com\/wp-content\/uploads\/2015\/11\/Captura-de-pantalla-2015-11-03-a-las-17.58.45-768x469.png 768w, https:\/\/www.huelvaysusfotografos.com\/wp-content\/uploads\/2015\/11\/Captura-de-pantalla-2015-11-03-a-las-17.58.45.png 1270w\" sizes=\"auto, (max-width: 300px) 100vw, 300px\" \/><\/a><\/p>\n<p><a href=\"https:\/\/www.huelvaysusfotografos.com\/wp-content\/uploads\/2015\/11\/Captura-de-pantalla-2015-11-03-a-las-17.59.01.png\"><img loading=\"lazy\" decoding=\"async\" width=\"300\" height=\"197\" class=\"aligncenter size-medium wp-image-4461\" src=\"https:\/\/www.huelvaysusfotografos.com\/wp-content\/uploads\/2015\/11\/Captura-de-pantalla-2015-11-03-a-las-17.59.01-300x197.png\" alt=\"Captura de pantalla 2015-11-03 a la(s) 17.59.01\" srcset=\"https:\/\/www.huelvaysusfotografos.com\/wp-content\/uploads\/2015\/11\/Captura-de-pantalla-2015-11-03-a-las-17.59.01-300x197.png 300w, https:\/\/www.huelvaysusfotografos.com\/wp-content\/uploads\/2015\/11\/Captura-de-pantalla-2015-11-03-a-las-17.59.01-1024x674.png 1024w, https:\/\/www.huelvaysusfotografos.com\/wp-content\/uploads\/2015\/11\/Captura-de-pantalla-2015-11-03-a-las-17.59.01-768x505.png 768w, https:\/\/www.huelvaysusfotografos.com\/wp-content\/uploads\/2015\/11\/Captura-de-pantalla-2015-11-03-a-las-17.59.01-120x80.png 120w, https:\/\/www.huelvaysusfotografos.com\/wp-content\/uploads\/2015\/11\/Captura-de-pantalla-2015-11-03-a-las-17.59.01.png 1237w\" sizes=\"auto, (max-width: 300px) 100vw, 300px\" \/><\/a><\/p>\n<p><a href=\"https:\/\/www.huelvaysusfotografos.com\/wp-content\/uploads\/2015\/11\/Captura-de-pantalla-2015-11-03-a-las-17.58.20.png\"><img loading=\"lazy\" decoding=\"async\" width=\"300\" height=\"201\" class=\"aligncenter size-medium wp-image-4459\" src=\"https:\/\/www.huelvaysusfotografos.com\/wp-content\/uploads\/2015\/11\/Captura-de-pantalla-2015-11-03-a-las-17.58.20-300x201.png\" alt=\"Captura de pantalla 2015-11-03 a la(s) 17.58.20\" srcset=\"https:\/\/www.huelvaysusfotografos.com\/wp-content\/uploads\/2015\/11\/Captura-de-pantalla-2015-11-03-a-las-17.58.20-300x201.png 300w, https:\/\/www.huelvaysusfotografos.com\/wp-content\/uploads\/2015\/11\/Captura-de-pantalla-2015-11-03-a-las-17.58.20-1024x687.png 1024w, https:\/\/www.huelvaysusfotografos.com\/wp-content\/uploads\/2015\/11\/Captura-de-pantalla-2015-11-03-a-las-17.58.20-768x515.png 768w, https:\/\/www.huelvaysusfotografos.com\/wp-content\/uploads\/2015\/11\/Captura-de-pantalla-2015-11-03-a-las-17.58.20-120x80.png 120w, https:\/\/www.huelvaysusfotografos.com\/wp-content\/uploads\/2015\/11\/Captura-de-pantalla-2015-11-03-a-las-17.58.20.png 1293w\" sizes=\"auto, (max-width: 300px) 100vw, 300px\" \/><\/a><\/p>\n<p>Esta ha sido la rese\u00f1a biogr\u00e1fica en el mundo fotogr\u00e1fico de nuestro compa\u00f1ero Fran. Te animamos a continuar con tu afici\u00f3n y a seguir participando en nuestros concursos. Un abrazo!!<\/p>\n<p>&nbsp;<\/p>\n","protected":false},"excerpt":{"rendered":"<p>Hoy toca presentar a Fran (bueno \u00e9l lo har\u00e1). Ha sido el ganador de la edici\u00f3n \u00abBicicletas\u00bb del concurso que Huelva y sus Fot\u00f3grafos lleve en la red Flickr. Parte de su premio consiste en presentarlo, le hicimos unas preguntas y esto fue lo que nos narr\u00f3: Mi nombre es Francisco Jos\u00e9 Rufino Rivero, vivo en Huelva y trabajo en el distribuidor de Heineken de Huelva. En la fotograf\u00eda empec\u00e9<\/p>\n<div class=\"belowpost\"><a class=\"btnmore\" href=\"https:\/\/www.huelvaysusfotografos.com\/?p=4458\">Seguir leyendo<\/a><\/div>\n","protected":false},"author":41,"featured_media":4462,"comment_status":"open","ping_status":"open","sticky":false,"template":"","format":"standard","meta":{"footnotes":"","_links_to":"","_links_to_target":""},"categories":[3],"tags":[],"class_list":["post-4458","post","type-post","status-publish","format-standard","has-post-thumbnail","hentry","category-noticias"],"_links":{"self":[{"href":"https:\/\/www.huelvaysusfotografos.com\/index.php?rest_route=\/wp\/v2\/posts\/4458","targetHints":{"allow":["GET"]}}],"collection":[{"href":"https:\/\/www.huelvaysusfotografos.com\/index.php?rest_route=\/wp\/v2\/posts"}],"about":[{"href":"https:\/\/www.huelvaysusfotografos.com\/index.php?rest_route=\/wp\/v2\/types\/post"}],"author":[{"embeddable":true,"href":"https:\/\/www.huelvaysusfotografos.com\/index.php?rest_route=\/wp\/v2\/users\/41"}],"replies":[{"embeddable":true,"href":"https:\/\/www.huelvaysusfotografos.com\/index.php?rest_route=%2Fwp%2Fv2%2Fcomments&post=4458"}],"version-history":[{"count":2,"href":"https:\/\/www.huelvaysusfotografos.com\/index.php?rest_route=\/wp\/v2\/posts\/4458\/revisions"}],"predecessor-version":[{"id":4464,"href":"https:\/\/www.huelvaysusfotografos.com\/index.php?rest_route=\/wp\/v2\/posts\/4458\/revisions\/4464"}],"wp:featuredmedia":[{"embeddable":true,"href":"https:\/\/www.huelvaysusfotografos.com\/index.php?rest_route=\/wp\/v2\/media\/4462"}],"wp:attachment":[{"href":"https:\/\/www.huelvaysusfotografos.com\/index.php?rest_route=%2Fwp%2Fv2%2Fmedia&parent=4458"}],"wp:term":[{"taxonomy":"category","embeddable":true,"href":"https:\/\/www.huelvaysusfotografos.com\/index.php?rest_route=%2Fwp%2Fv2%2Fcategories&post=4458"},{"taxonomy":"post_tag","embeddable":true,"href":"https:\/\/www.huelvaysusfotografos.com\/index.php?rest_route=%2Fwp%2Fv2%2Ftags&post=4458"}],"curies":[{"name":"wp","href":"https:\/\/api.w.org\/{rel}","templated":true}]}}