{"id":4444,"date":"2015-10-26T20:18:21","date_gmt":"2015-10-26T19:18:21","guid":{"rendered":"http:\/\/www.huelvaysusfotografos.com\/?p=4444"},"modified":"2015-10-26T20:18:21","modified_gmt":"2015-10-26T19:18:21","slug":"3-anos-cumplidos-como-asociacion","status":"publish","type":"post","link":"https:\/\/www.huelvaysusfotografos.com\/?p=4444","title":{"rendered":"3 a\u00f1os cumplidos como ASOCIACI\u00d3N"},"content":{"rendered":"<p>Por fin lleg\u00f3 el gran d\u00eda y pudimos celebrar nuestro 3 cumplea\u00f1os con una buena participaci\u00f3n de socios\/as y personas afines que se sumaron para acompa\u00f1arnos.<\/p>\n<p>El acto fue sencillo y fue oficiado por nuestro Presidente Pedro J. Ruiz- Constantino P\u00e9rez. Os dejamos un resumen del desarrollo:<\/p>\n<p style=\"text-align: center;\"><a href=\"https:\/\/www.huelvaysusfotografos.com\/wp-content\/uploads\/2015\/10\/Caye-3-aniversario.jpg\"><img loading=\"lazy\" decoding=\"async\" width=\"300\" height=\"169\" class=\"aligncenter size-medium wp-image-4451\" src=\"https:\/\/www.huelvaysusfotografos.com\/wp-content\/uploads\/2015\/10\/Caye-3-aniversario-300x169.jpg\" alt=\"Caye 3 aniversario\" srcset=\"https:\/\/www.huelvaysusfotografos.com\/wp-content\/uploads\/2015\/10\/Caye-3-aniversario-300x169.jpg 300w, https:\/\/www.huelvaysusfotografos.com\/wp-content\/uploads\/2015\/10\/Caye-3-aniversario-768x432.jpg 768w, https:\/\/www.huelvaysusfotografos.com\/wp-content\/uploads\/2015\/10\/Caye-3-aniversario-620x350.jpg 620w, https:\/\/www.huelvaysusfotografos.com\/wp-content\/uploads\/2015\/10\/Caye-3-aniversario.jpg 960w\" sizes=\"auto, (max-width: 300px) 100vw, 300px\" \/><\/a>Momento de inicio del acto de aniversario<\/p>\n<p style=\"text-align: center;\">Foto: Caye Cumbreras<\/p>\n<p>Huelva y sus Fot\u00f3grafos naci\u00f3 como Grupo en el a\u00f1o 2006 en la red social Flickr, para posteriormente en el a\u00f1o 2012 constituirse oficialmente como \u201cAsociaci\u00f3n Huelva y sus Fot\u00f3grafos\u201d.<br \/>\nActualmente somos 75 Socios, habiendo pasado por nuestra Asociaci\u00f3n hasta 104 Fot\u00f3grafos que por diferentes causas y motivos algunos se han dado de baja.<br \/>\nPara aquellos que no nos conocen, comentaros que nos mantenemos en Flickr (<a href=\"https:\/\/www.flickr.com\/groups\/huelva_y_sus_fotografos\/\">https:\/\/www.flickr.com\/groups\/huelva_y_sus_fotografos\/<\/a>) , donde participamos m\u00e1s de 1000 aficionados; pero principalmente donde nos movemos es por Facebook, donde tenemos una p\u00e1gina abierta que es \u201cAsociaci\u00f3n Huelva y sus Fot\u00f3grafos\u201d en <a href=\"https:\/\/www.facebook.com\/huelvaysusfotografos\">https:\/\/www.facebook.com\/huelvaysusfotografos<\/a> y un grupo cerrado que es interno s\u00f3lo para los Socios.<\/p>\n<p>En nuestra trayectoria contamos ya, con varias Exposiciones Colectivas con gran \u00e9xito, como \u201cHuelva a trav\u00e9s de la Retina\u201d, \u201cRetrato de una Ciudad\u201d, \u201cPecados Capitales\u201d, \u201cSusurros c\u00e1lidos al o\u00eddo\u201d, etc.<\/p>\n<p>Llevamos cerca de 2 a\u00f1os realizando Tertulias los primeros Jueves de cada mes, en la cual invitamos a un Tertuliano que nos habla de alg\u00fan tema relacionado con la materia fotogr\u00e1fica que domina.<\/p>\n<p>Hemos realizado talleres de Fotograf\u00eda y diversas Kedada, la \u00faltima por cierto fue este verano en Parque Natural R\u00eda de Formosa, en Portugal, fue un d\u00eda de Convivencia con Asociaciones de Tavira, Faro y Silves.<br \/>\nEn cuanto a actividades previstas, tendremos aqu\u00ed en Puerta del Atl\u00e1ntico la Exposici\u00f3n \u201cSaca de Yeguas\u201d la inauguraci\u00f3n ser\u00e1 el d\u00eda 19 de Noviembre de este a\u00f1o, a las 19,30 horas, a la cual est\u00e1is invitados.<\/p>\n<p>Pr\u00f3ximamente tendremos la Exposici\u00f3n \u201cTres Instantes\u201d en Casa Col\u00f3n.\u00a0El viernes d\u00eda 30 de Octubre colaboramos con fotograf\u00edas algunos Socios en una Exposici\u00f3n en Casa Col\u00f3n en el Sal\u00f3n Iberoamericano, en el marco de las Primeras Jornadas \u201cEl reto de la Diversidad Cultural\u201d, promovido por la Plataforma Periferias.\u00a0Tenemos una Kedada el s\u00e1bado 31 de Octubre a Minas de Herrer\u00edas, que ser\u00e1 una de entre otras que realizaremos para conocer y fotografiar los paisajes mineros onubenses, iniciativa de nuestro socio Emilio Romero.\u00a0Y continuamos colaborando con la Concejal\u00eda de Turismo en el Concurso \u201cHuelva a Trav\u00e9s de la Fotograf\u00eda\u201d, el que tenemos abierto actualmente tiene por tem\u00e1tica \u201cHuelva y sus Oficios\u201d, animaros a que particip\u00e9is en \u00e9l.<\/p>\n<p>&nbsp;<\/p>\n<p>&nbsp;<\/p>\n<p>El acto continu\u00f3 con el reconocimiento a nuestra compa\u00f1era y socia Elena S\u00e1nchez Balonga:<\/p>\n<p>Os comentamos algunos datos de su trayectoria en el mundo de la fotograf\u00eda:<\/p>\n<ul>\n<li>Elena es natural de Huelva nacida en 1979.<br \/>\nEs t\u00e9cnica Especialista de Grado Superior en Fotograf\u00eda Art\u00edstica.<\/li>\n<li>Graduada en Artes Pl\u00e1sticas y Dise\u00f1o. Especialidad de Fotograf\u00eda (Escuela de Artes y Oficios de Huelva Le\u00f3n Ortega).<\/li>\n<li>Especializada en Fotograf\u00eda de Reportaje Social, T\u00e9cnicas de Laboratorio y Positivado en Color y Blanco y Negro.<\/li>\n<li>Ha sido Becada en Talleres impartidos por Isabel Mu\u00f1oz, Cristina Garc\u00eda Rodero, Alberto Garc\u00eda Alix entre otros, en la Universidad Complutense y Universidad Rey Juan Carlos de Madrid.<\/li>\n<li>Por destacar alguna de sus exposiciones, comentaros la Muestra Cianotipias homenaje a Platero y Yo en Moguer. La exposici\u00f3n \u201cRosas del Desierto\u201d en Sevilla; \u00e9sta la veremos dentro de un momento en una proyecci\u00f3n.<\/li>\n<li>Ha participado con nuestra Asociaci\u00f3n Huelva y sus Fot\u00f3grafos en varias Exposiciones Colectivas.<\/li>\n<li>Este a\u00f1o ha estado presente en ARCO (Madrid), en un Proyecto Colectivo, denominado \u201cElemental\u201d, presentado por Diputaci\u00f3n de Huelva.<\/li>\n<li>Ha sido Jurado en muchos Concursos de Fotograf\u00eda, ha impartido algunos Cursos de Fotograf\u00eda Art\u00edstica.<\/li>\n<li>Y desde 2013, es Empresaria del Estudio de Fotograf\u00eda Elena S\u00e1nchez Balonga en la calle Niebla, n\u00ba 6 de Huelva.<\/li>\n<\/ul>\n<p>&nbsp;<\/p>\n<p><a href=\"https:\/\/www.huelvaysusfotografos.com\/wp-content\/uploads\/2015\/10\/Elena-S-Balonga-Homenajeada.jpg\"><img loading=\"lazy\" decoding=\"async\" width=\"225\" height=\"300\" class=\"aligncenter size-medium wp-image-4450\" src=\"https:\/\/www.huelvaysusfotografos.com\/wp-content\/uploads\/2015\/10\/Elena-S-Balonga-Homenajeada-225x300.jpg\" alt=\"Elena S Balonga Homenajeada\" srcset=\"https:\/\/www.huelvaysusfotografos.com\/wp-content\/uploads\/2015\/10\/Elena-S-Balonga-Homenajeada-225x300.jpg 225w, https:\/\/www.huelvaysusfotografos.com\/wp-content\/uploads\/2015\/10\/Elena-S-Balonga-Homenajeada.jpg 720w\" sizes=\"auto, (max-width: 225px) 100vw, 225px\" \/><\/a><\/p>\n<p style=\"text-align: center;\">Elena S\u00e1nchez Balonga posa tras ser homenajeada por su trayectoria profesional y art\u00edstica<\/p>\n<p style=\"text-align: center;\">Foto: Mari Carmen Mac\u00edas Caparr\u00f3s<\/p>\n<p><a href=\"https:\/\/www.huelvaysusfotografos.com\/wp-content\/uploads\/2015\/10\/3\u00ba-aniversario-HYSF.jpg\"><img loading=\"lazy\" decoding=\"async\" width=\"300\" height=\"142\" class=\"aligncenter size-medium wp-image-4445\" src=\"https:\/\/www.huelvaysusfotografos.com\/wp-content\/uploads\/2015\/10\/3\u00ba-aniversario-HYSF-300x142.jpg\" alt=\"3\u00ba aniversario HYSF\" srcset=\"https:\/\/www.huelvaysusfotografos.com\/wp-content\/uploads\/2015\/10\/3\u00ba-aniversario-HYSF-300x142.jpg 300w, https:\/\/www.huelvaysusfotografos.com\/wp-content\/uploads\/2015\/10\/3\u00ba-aniversario-HYSF-768x364.jpg 768w, https:\/\/www.huelvaysusfotografos.com\/wp-content\/uploads\/2015\/10\/3\u00ba-aniversario-HYSF.jpg 960w\" sizes=\"auto, (max-width: 300px) 100vw, 300px\" \/><\/a><\/p>\n<p>&nbsp;<\/p>\n<p style=\"text-align: center;\">El Alcalde de Huelva, Gabriel Cruz nos acompa\u00f1\u00f3 junto con la Concejal de Cultura y Turismo, Elena Tobar<\/p>\n<p style=\"text-align: center;\">Foto: Antonio Pereira<br \/>\n<a href=\"https:\/\/www.huelvaysusfotografos.com\/wp-content\/uploads\/2015\/10\/31-aniversario-HYSF-2.jpg\"><img loading=\"lazy\" decoding=\"async\" width=\"300\" height=\"168\" class=\"aligncenter size-medium wp-image-4446\" src=\"https:\/\/www.huelvaysusfotografos.com\/wp-content\/uploads\/2015\/10\/31-aniversario-HYSF-2-300x168.jpg\" alt=\"31 aniversario HYSF 2\" srcset=\"https:\/\/www.huelvaysusfotografos.com\/wp-content\/uploads\/2015\/10\/31-aniversario-HYSF-2-300x168.jpg 300w, https:\/\/www.huelvaysusfotografos.com\/wp-content\/uploads\/2015\/10\/31-aniversario-HYSF-2-768x431.jpg 768w, https:\/\/www.huelvaysusfotografos.com\/wp-content\/uploads\/2015\/10\/31-aniversario-HYSF-2-620x350.jpg 620w, https:\/\/www.huelvaysusfotografos.com\/wp-content\/uploads\/2015\/10\/31-aniversario-HYSF-2.jpg 960w\" sizes=\"auto, (max-width: 300px) 100vw, 300px\" \/><\/a><\/p>\n<p style=\"text-align: center;\">Foto grupal con el Alcalde y concejal de Cultura y Turismo<\/p>\n<p style=\"text-align: center;\">Foto: Antonio Pereira<a href=\"https:\/\/www.huelvaysusfotografos.com\/wp-content\/uploads\/2015\/10\/Aniversario-HYSF-Elena-Pedro-Gabi-Elena.jpg\"><img loading=\"lazy\" decoding=\"async\" width=\"300\" height=\"225\" class=\"aligncenter size-medium wp-image-4447\" src=\"https:\/\/www.huelvaysusfotografos.com\/wp-content\/uploads\/2015\/10\/Aniversario-HYSF-Elena-Pedro-Gabi-Elena-300x225.jpg\" alt=\"Aniversario HYSF Elena Pedro Gabi Elena\" srcset=\"https:\/\/www.huelvaysusfotografos.com\/wp-content\/uploads\/2015\/10\/Aniversario-HYSF-Elena-Pedro-Gabi-Elena-300x225.jpg 300w, https:\/\/www.huelvaysusfotografos.com\/wp-content\/uploads\/2015\/10\/Aniversario-HYSF-Elena-Pedro-Gabi-Elena-768x576.jpg 768w, https:\/\/www.huelvaysusfotografos.com\/wp-content\/uploads\/2015\/10\/Aniversario-HYSF-Elena-Pedro-Gabi-Elena-160x120.jpg 160w, https:\/\/www.huelvaysusfotografos.com\/wp-content\/uploads\/2015\/10\/Aniversario-HYSF-Elena-Pedro-Gabi-Elena.jpg 960w\" sizes=\"auto, (max-width: 300px) 100vw, 300px\" \/><\/a>Nuestra guapa homenajeada, Elena S\u00e1nchez Balonga acompa\u00f1ada de las autoridades<\/p>\n<p style=\"text-align: center;\">Foto: Antonio Pereira<a href=\"https:\/\/www.huelvaysusfotografos.com\/wp-content\/uploads\/2015\/10\/Fran-Alonso-3\u00ba-Aniverario-HYSF.jpg\"><img loading=\"lazy\" decoding=\"async\" width=\"300\" height=\"198\" class=\"aligncenter size-medium wp-image-4449\" src=\"https:\/\/www.huelvaysusfotografos.com\/wp-content\/uploads\/2015\/10\/Fran-Alonso-3\u00ba-Aniverario-HYSF-300x198.jpg\" alt=\"Fran Alonso 3\u00ba Aniverario HYSF\" srcset=\"https:\/\/www.huelvaysusfotografos.com\/wp-content\/uploads\/2015\/10\/Fran-Alonso-3\u00ba-Aniverario-HYSF-300x198.jpg 300w, https:\/\/www.huelvaysusfotografos.com\/wp-content\/uploads\/2015\/10\/Fran-Alonso-3\u00ba-Aniverario-HYSF-768x507.jpg 768w, https:\/\/www.huelvaysusfotografos.com\/wp-content\/uploads\/2015\/10\/Fran-Alonso-3\u00ba-Aniverario-HYSF-120x80.jpg 120w, https:\/\/www.huelvaysusfotografos.com\/wp-content\/uploads\/2015\/10\/Fran-Alonso-3\u00ba-Aniverario-HYSF.jpg 960w\" sizes=\"auto, (max-width: 300px) 100vw, 300px\" \/><\/a>Parte del p\u00fablico asistente<\/p>\n<p style=\"text-align: center;\">Foto: Francisco Alonso<\/p>\n<p style=\"text-align: justify;\">Queremos desde aqu\u00ed felicitar a todos los socios y socias, y animarlos a que sigan haciendo esos magn\u00edficos trabajos fotogr\u00e1ficos, y desearles lo mejor en sus vidas. Feliz estancia con nosotros!!<\/p>\n<p style=\"text-align: justify;\">Os dejamos el enlace del video de las fotograf\u00edas de nuestros socios y socias:\u00a0<a href=\"https:\/\/www.youtube.com\/watch?v=TSeyp3iX71o&amp;feature=youtu.be\">https:\/\/www.youtube.com\/watch?v=TSeyp3iX71o&amp;feature=youtu.be<\/a><\/p>\n","protected":false},"excerpt":{"rendered":"<p>Por fin lleg\u00f3 el gran d\u00eda y pudimos celebrar nuestro 3 cumplea\u00f1os con una buena participaci\u00f3n de socios\/as y personas afines que se sumaron para acompa\u00f1arnos. El acto fue sencillo y fue oficiado por nuestro Presidente Pedro J. Ruiz- Constantino P\u00e9rez. Os dejamos un resumen del desarrollo: Momento de inicio del acto de aniversario Foto: Caye Cumbreras Huelva y sus Fot\u00f3grafos naci\u00f3 como Grupo en el a\u00f1o 2006 en la<\/p>\n<div class=\"belowpost\"><a class=\"btnmore\" href=\"https:\/\/www.huelvaysusfotografos.com\/?p=4444\">Seguir leyendo<\/a><\/div>\n","protected":false},"author":41,"featured_media":4448,"comment_status":"open","ping_status":"open","sticky":false,"template":"","format":"standard","meta":{"footnotes":"","_links_to":"","_links_to_target":""},"categories":[3],"tags":[],"class_list":["post-4444","post","type-post","status-publish","format-standard","has-post-thumbnail","hentry","category-noticias"],"_links":{"self":[{"href":"https:\/\/www.huelvaysusfotografos.com\/index.php?rest_route=\/wp\/v2\/posts\/4444","targetHints":{"allow":["GET"]}}],"collection":[{"href":"https:\/\/www.huelvaysusfotografos.com\/index.php?rest_route=\/wp\/v2\/posts"}],"about":[{"href":"https:\/\/www.huelvaysusfotografos.com\/index.php?rest_route=\/wp\/v2\/types\/post"}],"author":[{"embeddable":true,"href":"https:\/\/www.huelvaysusfotografos.com\/index.php?rest_route=\/wp\/v2\/users\/41"}],"replies":[{"embeddable":true,"href":"https:\/\/www.huelvaysusfotografos.com\/index.php?rest_route=%2Fwp%2Fv2%2Fcomments&post=4444"}],"version-history":[{"count":5,"href":"https:\/\/www.huelvaysusfotografos.com\/index.php?rest_route=\/wp\/v2\/posts\/4444\/revisions"}],"predecessor-version":[{"id":4456,"href":"https:\/\/www.huelvaysusfotografos.com\/index.php?rest_route=\/wp\/v2\/posts\/4444\/revisions\/4456"}],"wp:featuredmedia":[{"embeddable":true,"href":"https:\/\/www.huelvaysusfotografos.com\/index.php?rest_route=\/wp\/v2\/media\/4448"}],"wp:attachment":[{"href":"https:\/\/www.huelvaysusfotografos.com\/index.php?rest_route=%2Fwp%2Fv2%2Fmedia&parent=4444"}],"wp:term":[{"taxonomy":"category","embeddable":true,"href":"https:\/\/www.huelvaysusfotografos.com\/index.php?rest_route=%2Fwp%2Fv2%2Fcategories&post=4444"},{"taxonomy":"post_tag","embeddable":true,"href":"https:\/\/www.huelvaysusfotografos.com\/index.php?rest_route=%2Fwp%2Fv2%2Ftags&post=4444"}],"curies":[{"name":"wp","href":"https:\/\/api.w.org\/{rel}","templated":true}]}}