{"id":4440,"date":"2015-10-22T21:40:09","date_gmt":"2015-10-22T20:40:09","guid":{"rendered":"http:\/\/www.huelvaysusfotografos.com\/?p=4440"},"modified":"2015-10-22T21:40:09","modified_gmt":"2015-10-22T20:40:09","slug":"hoy-en-huelvatv-una-representacion-de-hysf","status":"publish","type":"post","link":"https:\/\/www.huelvaysusfotografos.com\/?p=4440","title":{"rendered":"Hoy en HuelvaTV, una representaci\u00f3n de HYSF"},"content":{"rendered":"<p><a href=\"https:\/\/www.huelvaysusfotografos.com\/wp-content\/uploads\/2015\/10\/Entrevista-HuelvaTV-22-oct-2015-copia.jpg\"><img loading=\"lazy\" decoding=\"async\" width=\"300\" height=\"225\" class=\"aligncenter size-medium wp-image-4441\" src=\"https:\/\/www.huelvaysusfotografos.com\/wp-content\/uploads\/2015\/10\/Entrevista-HuelvaTV-22-oct-2015-copia-300x225.jpg\" alt=\"Entrevista HuelvaTV  22 oct 2015 copia\" srcset=\"https:\/\/www.huelvaysusfotografos.com\/wp-content\/uploads\/2015\/10\/Entrevista-HuelvaTV-22-oct-2015-copia-300x225.jpg 300w, https:\/\/www.huelvaysusfotografos.com\/wp-content\/uploads\/2015\/10\/Entrevista-HuelvaTV-22-oct-2015-copia-160x120.jpg 160w, https:\/\/www.huelvaysusfotografos.com\/wp-content\/uploads\/2015\/10\/Entrevista-HuelvaTV-22-oct-2015-copia.jpg 720w\" sizes=\"auto, (max-width: 300px) 100vw, 300px\" \/><\/a><\/p>\n<p>Hoy jueves 22 de octubre, hemos estado en representaci\u00f3n de \u00abHuelva y sus Fot\u00f3grafos\u00bb, el Presidente Pedro J. Ruiz- Constantino y la Vicepresidenta Juana Mart\u00edn. El motivo principal: publicitar el acto-aniversario que ma\u00f1ana celebramos en Puerta del Atl\u00e1ntico.<\/p>\n<p>Nuestra querida Ana V. Guti\u00e9rrez, presentadora del espacio Gran V\u00eda, nos ha dado unos minutos en su programa para darnos a conocer un poco m\u00e1s como Asociaci\u00f3n, presentar las actividades habituales y las m\u00e1s pr\u00f3ximas y animar a la participaci\u00f3n de nuestras actividades tanto a socios como a personas interesadas en la fotograf\u00eda, por ello aprovechamos para dar las gracias a HuelvaTV y a Ana.<\/p>\n<p>Suponemos que en unos d\u00edas estar\u00e1 colgado en la web\u00a0<a href=\"http:\/\/huelvatv.com\/index.php\/a-la-carta\/programas\/gran-via\">http:\/\/huelvatv.com\/index.php\/a-la-carta\/programas\/gran-via<\/a>, el momento de nuestra entrevista. Estaremos atentos para compartirla.<\/p>\n<p>&nbsp;<\/p>\n","protected":false},"excerpt":{"rendered":"<p>Hoy jueves 22 de octubre, hemos estado en representaci\u00f3n de \u00abHuelva y sus Fot\u00f3grafos\u00bb, el Presidente Pedro J. Ruiz- Constantino y la Vicepresidenta Juana Mart\u00edn. El motivo principal: publicitar el acto-aniversario que ma\u00f1ana celebramos en Puerta del Atl\u00e1ntico. Nuestra querida Ana V. Guti\u00e9rrez, presentadora del espacio Gran V\u00eda, nos ha dado unos minutos en su programa para darnos a conocer un poco m\u00e1s como Asociaci\u00f3n, presentar las actividades habituales y<\/p>\n<div class=\"belowpost\"><a class=\"btnmore\" href=\"https:\/\/www.huelvaysusfotografos.com\/?p=4440\">Seguir leyendo<\/a><\/div>\n","protected":false},"author":41,"featured_media":4442,"comment_status":"open","ping_status":"open","sticky":false,"template":"","format":"standard","meta":{"footnotes":"","_links_to":"","_links_to_target":""},"categories":[3],"tags":[],"class_list":["post-4440","post","type-post","status-publish","format-standard","has-post-thumbnail","hentry","category-noticias"],"_links":{"self":[{"href":"https:\/\/www.huelvaysusfotografos.com\/index.php?rest_route=\/wp\/v2\/posts\/4440","targetHints":{"allow":["GET"]}}],"collection":[{"href":"https:\/\/www.huelvaysusfotografos.com\/index.php?rest_route=\/wp\/v2\/posts"}],"about":[{"href":"https:\/\/www.huelvaysusfotografos.com\/index.php?rest_route=\/wp\/v2\/types\/post"}],"author":[{"embeddable":true,"href":"https:\/\/www.huelvaysusfotografos.com\/index.php?rest_route=\/wp\/v2\/users\/41"}],"replies":[{"embeddable":true,"href":"https:\/\/www.huelvaysusfotografos.com\/index.php?rest_route=%2Fwp%2Fv2%2Fcomments&post=4440"}],"version-history":[{"count":1,"href":"https:\/\/www.huelvaysusfotografos.com\/index.php?rest_route=\/wp\/v2\/posts\/4440\/revisions"}],"predecessor-version":[{"id":4443,"href":"https:\/\/www.huelvaysusfotografos.com\/index.php?rest_route=\/wp\/v2\/posts\/4440\/revisions\/4443"}],"wp:featuredmedia":[{"embeddable":true,"href":"https:\/\/www.huelvaysusfotografos.com\/index.php?rest_route=\/wp\/v2\/media\/4442"}],"wp:attachment":[{"href":"https:\/\/www.huelvaysusfotografos.com\/index.php?rest_route=%2Fwp%2Fv2%2Fmedia&parent=4440"}],"wp:term":[{"taxonomy":"category","embeddable":true,"href":"https:\/\/www.huelvaysusfotografos.com\/index.php?rest_route=%2Fwp%2Fv2%2Fcategories&post=4440"},{"taxonomy":"post_tag","embeddable":true,"href":"https:\/\/www.huelvaysusfotografos.com\/index.php?rest_route=%2Fwp%2Fv2%2Ftags&post=4440"}],"curies":[{"name":"wp","href":"https:\/\/api.w.org\/{rel}","templated":true}]}}