{"id":4436,"date":"2015-10-22T21:20:48","date_gmt":"2015-10-22T20:20:48","guid":{"rendered":"http:\/\/www.huelvaysusfotografos.com\/?p=4436"},"modified":"2015-10-22T21:21:00","modified_gmt":"2015-10-22T20:21:00","slug":"colaboramos-con-el-reto-de-la-diversidad-cultural","status":"publish","type":"post","link":"https:\/\/www.huelvaysusfotografos.com\/?p=4436","title":{"rendered":"Colaboramos con \u00abEl reto de la diversidad cultural\u00bb"},"content":{"rendered":"<p style=\"text-align: justify;\">Algunos de nuestros socios\/as colaboran en las primeras jornadas \u00abEl reto de la diversidad cultural\u00bb \u00a0organizadas por \u00ab<strong><em>periferias<\/em><\/strong><em>\u00a0plataforma de cultura y sociedad\u00bb .\u00a0<\/em>\u00bfDe qu\u00e9 modo? pues aportando fotograf\u00edas para una de las proyecciones que ser\u00e1n mostradas en el Sal\u00f3n Iberoamericano de la Casa Col\u00f3n de Huelva. La inauguraci\u00f3n ser\u00e1 el pr\u00f3ximo 30 de octubre a las 20.15 h. y ser\u00e1 visitable hasta el 7 de noviembre. Nuestro granito de arena se llama \u00abDiversidades\u00bb.<\/p>\n<p>&nbsp;<\/p>\n<p style=\"text-align: center;\"><em>\u00ab&#8230; \u00a0de los archivos de la UNRWA proceden las fotograf\u00edas de la exposici\u00f3n \u201cEl largo viaje\u201d, preparada por el Fondo Andaluz de Municipios para la Solidaridad Internacional, mostrando las im\u00e1genes de la poblaci\u00f3n refugiada palestina desde 1948, y que se repiten en el actual \u00e9xodo del pueblo sirio. Junto a esta exposici\u00f3n, que estar\u00e1 en la Casa Col\u00f3n hasta el 7 de noviembre, veremos fotograf\u00edas de Rainer Viertlb\u00f6k y Tato Olivas, del grupo afincado en Ayamonte formado por Juan Jos\u00e9 Castellano, Eduardo Pereiro y To\u00f1o M\u00e9ndez, de los <strong>miembros de \u201cHuelva y sus fot\u00f3grafos\u201d Pedro Ruiz, Dulfi, Juana Mart\u00edn y Paco Gil,<\/strong> del miembro de la Asociaci\u00f3n Cultural \u201cLieva\u201d Antonio F. Tristancho, del autor de \u201cAl sur de un horizonte\u201d Carlos Duclos, de Manuel Mojarro y de la propia\u00a0periferias.\u00a0Tambi\u00e9n se expondr\u00e1 el trabajo de Ann Rodr\u00edguez \u201cCorazones a refugio\u201d, una colecci\u00f3n cedida por el Centro de Acogida a Refugiados de Sevilla que se mostrar\u00e1 en los centros municipales Lazareto, Los Desniveles y Gota de Leche hasta el 11 de diciembre.\u00a0Las jornadas se complementar\u00e1n el d\u00eda 5 de noviembre con la proyecci\u00f3n del documental \u201cFondo Kati. Testigo del exilio ib\u00e9rico en Tombuct\u00fa\u201d, de la Fundaci\u00f3n Mahmud Kati&#8230;\u00bb \/extra\u00eddo de\u00a0<a href=\"http:\/\/periferias.es\/reto\/\">http:\/\/periferias.es\/reto\/<\/a>\u00a0<\/em><\/p>\n<p>&nbsp;<\/p>\n<p style=\"text-align: center;\"><a href=\"https:\/\/www.huelvaysusfotografos.com\/wp-content\/uploads\/2015\/10\/Periferias-expo.jpg\"><img loading=\"lazy\" decoding=\"async\" width=\"212\" height=\"300\" class=\"aligncenter size-medium wp-image-4438\" src=\"https:\/\/www.huelvaysusfotografos.com\/wp-content\/uploads\/2015\/10\/Periferias-expo-212x300.jpg\" alt=\"Periferias expo\" srcset=\"https:\/\/www.huelvaysusfotografos.com\/wp-content\/uploads\/2015\/10\/Periferias-expo-212x300.jpg 212w, https:\/\/www.huelvaysusfotografos.com\/wp-content\/uploads\/2015\/10\/Periferias-expo-724x1024.jpg 724w, https:\/\/www.huelvaysusfotografos.com\/wp-content\/uploads\/2015\/10\/Periferias-expo-768x1086.jpg 768w, https:\/\/www.huelvaysusfotografos.com\/wp-content\/uploads\/2015\/10\/Periferias-expo.jpg 877w\" sizes=\"auto, (max-width: 212px) 100vw, 212px\" \/><\/a>Haz clik sobre la imagen para verla correctamente.<\/p>\n<p>&nbsp;<\/p>\n","protected":false},"excerpt":{"rendered":"<p>Algunos de nuestros socios\/as colaboran en las primeras jornadas \u00abEl reto de la diversidad cultural\u00bb \u00a0organizadas por \u00abperiferias\u00a0plataforma de cultura y sociedad\u00bb .\u00a0\u00bfDe qu\u00e9 modo? pues aportando fotograf\u00edas para una de las proyecciones que ser\u00e1n mostradas en el Sal\u00f3n Iberoamericano de la Casa Col\u00f3n de Huelva. La inauguraci\u00f3n ser\u00e1 el pr\u00f3ximo 30 de octubre a las 20.15 h. y ser\u00e1 visitable hasta el 7 de noviembre. Nuestro granito de arena<\/p>\n<div class=\"belowpost\"><a class=\"btnmore\" href=\"https:\/\/www.huelvaysusfotografos.com\/?p=4436\">Seguir leyendo<\/a><\/div>\n","protected":false},"author":41,"featured_media":4437,"comment_status":"open","ping_status":"open","sticky":false,"template":"","format":"standard","meta":{"footnotes":"","_links_to":"","_links_to_target":""},"categories":[23],"tags":[],"class_list":["post-4436","post","type-post","status-publish","format-standard","has-post-thumbnail","hentry","category-exposiciones"],"_links":{"self":[{"href":"https:\/\/www.huelvaysusfotografos.com\/index.php?rest_route=\/wp\/v2\/posts\/4436","targetHints":{"allow":["GET"]}}],"collection":[{"href":"https:\/\/www.huelvaysusfotografos.com\/index.php?rest_route=\/wp\/v2\/posts"}],"about":[{"href":"https:\/\/www.huelvaysusfotografos.com\/index.php?rest_route=\/wp\/v2\/types\/post"}],"author":[{"embeddable":true,"href":"https:\/\/www.huelvaysusfotografos.com\/index.php?rest_route=\/wp\/v2\/users\/41"}],"replies":[{"embeddable":true,"href":"https:\/\/www.huelvaysusfotografos.com\/index.php?rest_route=%2Fwp%2Fv2%2Fcomments&post=4436"}],"version-history":[{"count":1,"href":"https:\/\/www.huelvaysusfotografos.com\/index.php?rest_route=\/wp\/v2\/posts\/4436\/revisions"}],"predecessor-version":[{"id":4439,"href":"https:\/\/www.huelvaysusfotografos.com\/index.php?rest_route=\/wp\/v2\/posts\/4436\/revisions\/4439"}],"wp:featuredmedia":[{"embeddable":true,"href":"https:\/\/www.huelvaysusfotografos.com\/index.php?rest_route=\/wp\/v2\/media\/4437"}],"wp:attachment":[{"href":"https:\/\/www.huelvaysusfotografos.com\/index.php?rest_route=%2Fwp%2Fv2%2Fmedia&parent=4436"}],"wp:term":[{"taxonomy":"category","embeddable":true,"href":"https:\/\/www.huelvaysusfotografos.com\/index.php?rest_route=%2Fwp%2Fv2%2Fcategories&post=4436"},{"taxonomy":"post_tag","embeddable":true,"href":"https:\/\/www.huelvaysusfotografos.com\/index.php?rest_route=%2Fwp%2Fv2%2Ftags&post=4436"}],"curies":[{"name":"wp","href":"https:\/\/api.w.org\/{rel}","templated":true}]}}