{"id":4433,"date":"2015-10-22T20:20:17","date_gmt":"2015-10-22T19:20:17","guid":{"rendered":"http:\/\/www.huelvaysusfotografos.com\/?p=4433"},"modified":"2015-10-22T20:21:18","modified_gmt":"2015-10-22T19:21:18","slug":"celebramos-nuestro-3o-aniversario-23-oct","status":"publish","type":"post","link":"https:\/\/www.huelvaysusfotografos.com\/?p=4433","title":{"rendered":"Celebramos nuestro 3\u00ba Aniversario (23 oct)"},"content":{"rendered":"<p><a href=\"https:\/\/www.huelvaysusfotografos.com\/wp-content\/uploads\/2015\/10\/CUMPLE-FELICIDADES.jpg\"><img decoding=\"async\" class=\"aligncenter size-medium wp-image-4434\" src=\"https:\/\/www.huelvaysusfotografos.com\/wp-content\/uploads\/2015\/10\/CUMPLE-FELICIDADES-300x200.jpg\" alt=\"Para uso consulte con la fot\u00f3grafa (juana.martin@hotmail.com) \u00a9 2015 Todos los derechos reservados. Juana Mar\u00eda Mart\u00edn Infantes\" \/><\/a><\/p>\n<p style=\"text-align: justify;\">Nuestra Asociaci\u00f3n est\u00e1 de fiesta. Ma\u00f1ana viernes 23 de octubre a partir de las 18:00 h, celebramos nuestro tercer cumplea\u00f1os en el Centro de Visitantes \u00abHuelva, Puerta del Atl\u00e1ntico\u00bb.<\/p>\n<p style=\"text-align: justify;\">Tendremos la grata sorpresa de homenajear a nuestra compa\u00f1era y socia, Elena S\u00e1nchez Balonga, por su trayectoria profesional y art\u00edstica en el mundo de la fotograf\u00eda. Podremos admirar su trabajo en dos audiovisuales que nos ha preparado para quienes no conozcan su obra.<\/p>\n<p style=\"text-align: justify;\">Tambi\u00e9n nuestros socios y socias mostrar\u00e1n sus mejores fotograf\u00edas de 2015, ser\u00e1 un momento para conocernos personalmente mucho de nosotros y nuestros trabajos.<\/p>\n<p style=\"text-align: justify;\">El acto de aniversario est\u00e1 abierto al p\u00fablico aficionado a la fotograf\u00eda y a aquellas personas que deseen compartir este momento con nosotros.<\/p>\n<p style=\"text-align: justify;\">Ya os contaremos c\u00f3mo fue!!<\/p>\n","protected":false},"excerpt":{"rendered":"<p>Nuestra Asociaci\u00f3n est\u00e1 de fiesta. Ma\u00f1ana viernes 23 de octubre a partir de las 18:00 h, celebramos nuestro tercer cumplea\u00f1os en el Centro de Visitantes \u00abHuelva, Puerta del Atl\u00e1ntico\u00bb. Tendremos la grata sorpresa de homenajear a nuestra compa\u00f1era y socia, Elena S\u00e1nchez Balonga, por su trayectoria profesional y art\u00edstica en el mundo de la fotograf\u00eda. Podremos admirar su trabajo en dos audiovisuales que nos ha preparado para quienes no conozcan<\/p>\n<div class=\"belowpost\"><a class=\"btnmore\" href=\"https:\/\/www.huelvaysusfotografos.com\/?p=4433\">Seguir leyendo<\/a><\/div>\n","protected":false},"author":41,"featured_media":4434,"comment_status":"open","ping_status":"open","sticky":false,"template":"","format":"standard","meta":{"footnotes":"","_links_to":"","_links_to_target":""},"categories":[3],"tags":[],"class_list":["post-4433","post","type-post","status-publish","format-standard","has-post-thumbnail","hentry","category-noticias"],"_links":{"self":[{"href":"https:\/\/www.huelvaysusfotografos.com\/index.php?rest_route=\/wp\/v2\/posts\/4433","targetHints":{"allow":["GET"]}}],"collection":[{"href":"https:\/\/www.huelvaysusfotografos.com\/index.php?rest_route=\/wp\/v2\/posts"}],"about":[{"href":"https:\/\/www.huelvaysusfotografos.com\/index.php?rest_route=\/wp\/v2\/types\/post"}],"author":[{"embeddable":true,"href":"https:\/\/www.huelvaysusfotografos.com\/index.php?rest_route=\/wp\/v2\/users\/41"}],"replies":[{"embeddable":true,"href":"https:\/\/www.huelvaysusfotografos.com\/index.php?rest_route=%2Fwp%2Fv2%2Fcomments&post=4433"}],"version-history":[{"count":1,"href":"https:\/\/www.huelvaysusfotografos.com\/index.php?rest_route=\/wp\/v2\/posts\/4433\/revisions"}],"predecessor-version":[{"id":4435,"href":"https:\/\/www.huelvaysusfotografos.com\/index.php?rest_route=\/wp\/v2\/posts\/4433\/revisions\/4435"}],"wp:featuredmedia":[{"embeddable":true,"href":"https:\/\/www.huelvaysusfotografos.com\/index.php?rest_route=\/wp\/v2\/media\/4434"}],"wp:attachment":[{"href":"https:\/\/www.huelvaysusfotografos.com\/index.php?rest_route=%2Fwp%2Fv2%2Fmedia&parent=4433"}],"wp:term":[{"taxonomy":"category","embeddable":true,"href":"https:\/\/www.huelvaysusfotografos.com\/index.php?rest_route=%2Fwp%2Fv2%2Fcategories&post=4433"},{"taxonomy":"post_tag","embeddable":true,"href":"https:\/\/www.huelvaysusfotografos.com\/index.php?rest_route=%2Fwp%2Fv2%2Ftags&post=4433"}],"curies":[{"name":"wp","href":"https:\/\/api.w.org\/{rel}","templated":true}]}}