{"id":4426,"date":"2015-10-07T16:45:00","date_gmt":"2015-10-07T15:45:00","guid":{"rendered":"http:\/\/www.huelvaysusfotografos.com\/?p=4426"},"modified":"2015-10-07T16:45:34","modified_gmt":"2015-10-07T15:45:34","slug":"los-oficios-seran-la-tematica-del-concurso-huelva-a-traves-de-la-fotografia","status":"publish","type":"post","link":"https:\/\/www.huelvaysusfotografos.com\/?p=4426","title":{"rendered":"Los oficios, ser\u00e1n la tem\u00e1tica del concurso HUELVA A TRAV\u00c9S DE LA FOTOGRAF\u00cdA"},"content":{"rendered":"<p style=\"text-align: justify;\">Como viene siendo habitual desde hace a\u00f1os, nuestra Asociaci\u00f3n \u00abHuelva y sus Fot\u00f3grafos\u00bb colabora en la edici\u00f3n trimestral del concurso \u00abHuelva a trav\u00e9s de la fotograf\u00edas\u00bb. En esta ocasi\u00f3n la tem\u00e1tica lanzada para los meses de octubre, noviembre y diciembre (hasta el d\u00eda 4 de diciembre, ya que hay que montar la exposici\u00f3n) ha sido LOS OFICIOS DE HUELVA.<\/p>\n<p style=\"text-align: justify;\">En esta ocasi\u00f3n se suman a los premios diferentes empresas colaboradoras que han tenido a bien aportar su granito de arena para que los ganadores puedan disfrutar de una variada gama de premios, tales como libros de fotograf\u00eda y otros, rutas (en quad, camello, trenecito, kayak), diplomas de reconocimiento, alojamiento en hotel de 4*, y en esta ocasi\u00f3n una c\u00e1mara <strong>XQ1 de Fujifilm.<\/strong> Desde aqu\u00ed dar las gracias a todas estas empresas y no olvidamos el patrocinio de nuestra compa\u00f1era Elena S\u00e1nchez- Balonga Fotograf\u00eda, que har\u00e1 posible la exposici\u00f3n final con todas las fotograf\u00edas premiadas en 2015, adem\u00e1s de la gran iniciativa que la Concejal\u00eda de Turismo mantiene y ofrece a los aficionados a la fotograf\u00eda onubense.<\/p>\n<p style=\"text-align: justify;\">Desde aqu\u00ed, animar a todos nuestros socios a trabajar esta tem\u00e1tica y a participar; y a animar a cualquier otra persona a participar en esta edici\u00f3n que ser\u00e1 la final de 2015.<\/p>\n<p><a href=\"https:\/\/www.huelvaysusfotografos.com\/wp-content\/uploads\/2015\/10\/Cartel-Huelva-y-sus-Oficios.jpg\"><img loading=\"lazy\" decoding=\"async\" width=\"227\" height=\"300\" class=\"aligncenter size-medium wp-image-4427\" src=\"https:\/\/www.huelvaysusfotografos.com\/wp-content\/uploads\/2015\/10\/Cartel-Huelva-y-sus-Oficios-227x300.jpg\" alt=\"Cartel: Dise\u00f1o Juana Mart\u00edn\" srcset=\"https:\/\/www.huelvaysusfotografos.com\/wp-content\/uploads\/2015\/10\/Cartel-Huelva-y-sus-Oficios-227x300.jpg 227w, https:\/\/www.huelvaysusfotografos.com\/wp-content\/uploads\/2015\/10\/Cartel-Huelva-y-sus-Oficios-773x1024.jpg 773w, https:\/\/www.huelvaysusfotografos.com\/wp-content\/uploads\/2015\/10\/Cartel-Huelva-y-sus-Oficios-768x1017.jpg 768w, https:\/\/www.huelvaysusfotografos.com\/wp-content\/uploads\/2015\/10\/Cartel-Huelva-y-sus-Oficios-1160x1536.jpg 1160w, https:\/\/www.huelvaysusfotografos.com\/wp-content\/uploads\/2015\/10\/Cartel-Huelva-y-sus-Oficios.jpg 1338w\" sizes=\"auto, (max-width: 227px) 100vw, 227px\" \/><\/a><\/p>\n<p><strong>BASES CONCURSO HUELVA A TRAV\u00c9S DE LA FOTOGRAF\u00cdA: HUELVA Y SUS OFICIOS<\/strong><\/p>\n<p style=\"text-align: justify;\">Huelva ha sido y es tierra de tradiciones, en ella podemos encontrar gran variedad de oficios ejercidos por sus gentes desde tiempos inmemoriales. Sin menospreciar a los actuales, nos interesa echar una mirada al pasado, para rescatar oficios como el de ceramista, talabartero, forjador, pescador, bordadora, imaginero, tonelero, salinero, redero, panadero, cesteros, trenzado de palma, costurera, ebanistas, zapateros\u2026 En esta ocasi\u00f3n proponemos a los amantes de la fotograf\u00eda que se acerquen a los talleres y lugares donde conocer directamente el trabajo de estas personas que a\u00fan conservan y reproducen las labores que sus abuelos, que sus padres ejerc\u00edan a\u00f1os atr\u00e1s.<\/p>\n<p style=\"text-align: justify;\"><strong>\u00a0<\/strong><\/p>\n<p style=\"text-align: justify;\"><strong>Organiza:<\/strong> Concejal\u00eda de Turismo del Ayuntamiento de Huelva<\/p>\n<p style=\"text-align: justify;\"><strong>Colaboran:<\/strong> Fujifilm. Asociaci\u00f3n Huelva y sus Fot\u00f3grafos. Ministerio de Educaci\u00f3n, Cultura y Deporte. Centro Andaluz de Fotograf\u00eda, de la Junta de Andaluc\u00eda. Gran Hotel del Coto 4*. Aires Africanos. V\u00edztor Tur\u00edstica. Rumbo Sur y Waingunga.<\/p>\n<p style=\"text-align: justify;\"><strong>Patrocina:<\/strong> Elena S\u00e1nchez Balonga- Fotograf\u00eda<\/p>\n<ol style=\"text-align: justify;\">\n<li><strong>PARTICIPANTES<\/strong><\/li>\n<\/ol>\n<ul style=\"text-align: justify;\">\n<li>La participaci\u00f3n est\u00e1 abierta a todas aquellas<strong>personas mayores de edad<\/strong><strong>\u00a0<\/strong>que lo deseen,\u00a0sin importar su nacionalidad.<\/li>\n<li>Para que el concurso se pueda desarrollar, har\u00e1 falta un m\u00ednimo de 10 participantes. En caso contrario SE PODR\u00c1 declarar\u00a0nula la convocatoria.<\/li>\n<\/ul>\n<ol style=\"text-align: justify;\">\n<li><strong>OBRAS PRESENTADAS<\/strong><\/li>\n<\/ol>\n<ul style=\"text-align: justify;\">\n<li><strong>Se admitir\u00e1n fotograf\u00edas tomadas con cualquier medio, sin marcos, ni marcas ni firma que permita reconocer al autor.<\/strong><\/li>\n<li>Cada concursante podr\u00e1 presentar un\u00a0<strong>m\u00e1ximo de 3 fotograf\u00edas<\/strong>.<\/li>\n<li>Las im\u00e1genes podr\u00e1n ser tanto en color como en blanco y negro, se admitir\u00e1n cambios en par\u00e1metros de revelado digital, \u00a0quedando excluidos los fotomontajes.<\/li>\n<li>Las fotograf\u00edas no deben haber sido premiadas con anterioridad y no deben ser expuesta en ning\u00fan medio p\u00fablico hasta la decisi\u00f3n del jurado.<\/li>\n<li>Las fotograf\u00edas estar\u00e1n estrictamente referidas a la tem\u00e1tica mensual, y tomadas en HUELVA capital y provincia. Corresponde al primer trimestre de 2015 el tema \u201cHUELVA Y SUS OFICIOS\u201c<\/li>\n<\/ul>\n<ol style=\"text-align: justify;\">\n<li><strong>TAMA\u00d1O<\/strong><\/li>\n<\/ol>\n<ul style=\"text-align: justify;\">\n<li>Las fotograf\u00edas se remitir\u00e1n adjuntas al correo electr\u00f3nico en formato JPG.<\/li>\n<li>Cada fotograf\u00eda que participe en el concurso tendr\u00e1 un tama\u00f1o de 1 a 4 MB. Se aconseja presentar en 30&#215;40 cm, para no recortar aleatoriamente cuando se lleven a imprimir para su exposici\u00f3n.<\/li>\n<\/ul>\n<ol style=\"text-align: justify;\" start=\"4\">\n<li><strong>PLAZO<\/strong><\/li>\n<\/ol>\n<ul style=\"text-align: justify;\">\n<li>El plazo de presentaci\u00f3n de ser\u00e1 desde el 1 de octubre, a las 8.00 h, hasta el 4 de diciembre, a las 23.59 h.<\/li>\n<\/ul>\n<ol style=\"text-align: justify;\">\n<li><strong>FORMA DE PRESENTACI\u00d3N<\/strong><\/li>\n<\/ol>\n<ul style=\"text-align: justify;\">\n<li>Las fotograf\u00edas ser\u00e1n enviadas a la direcci\u00f3n de correoturismo2@huelva.es.<\/li>\n<li>Los participantes deber\u00e1n remitir los siguientes datos: nombre y apellidos, n\u00famero de tel\u00e9fono, correo electr\u00f3nico, direcci\u00f3n y t\u00edtulo\/s foto\/s<\/li>\n<\/ul>\n<ol style=\"text-align: justify;\" start=\"6\">\n<li><strong>JURADO<\/strong><\/li>\n<\/ol>\n<ul style=\"text-align: justify;\">\n<li>El jurado estar\u00e1 formado por personas vinculadas con el mundo de la fotograf\u00eda, de la cultura de Huelva y la organizaci\u00f3n del concurso. El fallo del jurado ser\u00e1 inapelable.<\/li>\n<\/ul>\n<ol style=\"text-align: justify;\" start=\"7\">\n<li><strong>PREMIOS<\/strong><\/li>\n<\/ol>\n<p style=\"text-align: justify;\">Todas las fotograf\u00edas premiadas participan formar\u00e1n parte de una <strong>Exposici\u00f3n con todas las obras premiadas, que se celebrar\u00e1 en diciembre de 2015 en el Centro de Visitantes \u201cHuelva, Puerta del Atl\u00e1ntico\u201d, dentro de la programaci\u00f3n de dicho centro (patrocinada por Elena S. Balonga- Fotograf\u00eda).<\/strong><\/p>\n<ul style=\"text-align: justify;\">\n<li><strong>Primer Premio:<\/strong>\n<ul>\n<li>C\u00e1mara Fujifilm XQ1, gentileza de FUJIFILM Espa\u00f1a<\/li>\n<li>Un fin de semana para 2 adultos en r\u00e9gimen de alojamiento y desayuno, para disfrutar de la Playa de Do\u00f1ana y del Roc\u00edo + Paseo en bicicleta por el entorno (seg\u00fan disponibilidad y a hasta 2016 inclusive), gentiliza de Gran Hotel del Coto 4*<\/li>\n<li><strong>Diploma de reconocimiento<\/strong><\/li>\n<li>Libro <strong>de Huelva + Gu\u00eda de Semana Santa 2015 <\/strong><\/li>\n<li>Libro \u201cRituales en Hait\u00ed. De Cristina Garc\u00eda Rodero\u201d y Libro \u201cSantos Yubero. Cr\u00f3nica fotogr\u00e1fica de medio siglo de vida espa\u00f1ola. De Publio L\u00f3pez Mond\u00e9jar\u201d, por cortes\u00eda del Ministerio de Educaci\u00f3n, Cultura y Deporte- Promoci\u00f3n del Arte<\/li>\n<li>Libro \u201cFrontera L\u00edquida. Memoria Visual Andaluc\u00eda- Marruecos\u201d por cortes\u00eda del Centro Andaluz de Fotograf\u00eda, de la Junta de Andaluc\u00eda<\/li>\n<li>Ruta para dos personas en quad biplaza, gentileza de Rumbo Sur<\/li>\n<\/ul>\n<\/li>\n<li><strong>Segundo Premio:<\/strong>\n<ul>\n<li><strong>Diploma de reconocimiento <\/strong><\/li>\n<li><strong>Gu\u00eda de Semana Santa 2015<\/strong><\/li>\n<li>Libro \u201cFrontera L\u00edquida. Memoria Visual Andaluc\u00eda- Marruecos\u201d por cortes\u00eda del Centro Andaluz de Fotograf\u00eda, de la Junta de Andaluc\u00eda<\/li>\n<li>Libro \u201cUnidos es posible. Grandes logros en equipo\u201d. Edici\u00f3n BBVA<\/li>\n<li>Paseo en kayak para dos personas + 10% descuento en almuerzo para dos personas en Mes\u00f3n (s\u00e1bado o domingo), gentileza de Waingunga. V\u00e1lido hasta el 31 de marzo de 2016<\/li>\n<\/ul>\n<\/li>\n<li><strong>Tercer Premio: <\/strong>\n<ul>\n<li><strong>Diploma de reconocimiento <\/strong><\/li>\n<li><strong>Gu\u00eda de Semana Santa 2015<\/strong><\/li>\n<li>Libro \u201cFrontera L\u00edquida. Memoria Visual Andaluc\u00eda- Marruecos\u201d por cortes\u00eda del Centro Andaluz de Fotograf\u00eda, de la Junta de Andaluc\u00eda<\/li>\n<li>Libro \u201cUnidos es posible. Grandes logros en equipo\u201d. Edici\u00f3n BBVA<\/li>\n<li>Paseo en Camello para dos personas, por gentileza de Aires Africanos<\/li>\n<li><strong>5 tiquets para cualquiera de sus trenes en las playas de Huelva; a disfrutar en julio, agosto o septiembre 2016, cortes\u00eda de V\u00edztor Tur\u00edstica<\/strong><\/li>\n<\/ul>\n<\/li>\n<\/ul>\n<p style=\"text-align: justify;\"><strong>La organizaci\u00f3n se pondr\u00e1 en contacto con las personas ganadoras para indicarles el lugar y d\u00eda de la entrega del premio. Se invitar\u00e1 expresamente a dicho acto a distintos medios de comunicaci\u00f3n.<\/strong><\/p>\n<ol style=\"text-align: justify;\" start=\"8\">\n<li><strong>CESI\u00d3N DE DERECHOS<\/strong><\/li>\n<\/ol>\n<ul style=\"text-align: justify;\">\n<li>Se le har\u00e1 entrega al Gran Hotel del Coto 4* de copias de las 8 fotos mejores puntuadas por el jurado, para su archivo.<\/li>\n<li>Los autores de las fotograf\u00edas premiadas ceden al Ayuntamiento de Huelva: Las facultades de uso, difusi\u00f3n, distribuci\u00f3n, comunicaci\u00f3n p\u00fablica, exhibici\u00f3n y reproducci\u00f3n que respondan a fines promocionales o culturales, sin limitaci\u00f3n de \u00e1mbito temporal y territorial y sin someterlas a manipulaci\u00f3n ni alteraci\u00f3n, indicando siempre claramente el nombre del autor y t\u00edtulo de la obra. En consecuencia podr\u00e1 aparecer en cualquier tipo de soporte, editado, impreso o digital, vinculado con el Ayuntamiento de Huelva y la difusi\u00f3n de sus actividades, incluido Internet.<\/li>\n<li>La imagen, junto con el t\u00edtulo de la obra y nombre del autor\/a, ser\u00e1n publicados en Facebook y bolet\u00edn Info Ocio Huelva editado por la Concejal\u00eda de Turismo, igualmente ser\u00e1 remitido a los Medios de Comunicaci\u00f3n Locales procurando la m\u00e1xima difusi\u00f3n.<\/li>\n<li>La organizaci\u00f3n renuncia expresamente a cualquier derecho sobre las fotos NO PREMIADAS, procediendo al borrado de los archivos presentados\u00a0 una vez se haga p\u00fablico el fallo del jurado.<\/li>\n<\/ul>\n<p style=\"text-align: justify;\"><strong>\u00a0<\/strong><\/p>\n<p style=\"text-align: justify;\"><strong>\u00a0* La participaci\u00f3n en este concurso supone la aceptaci\u00f3n de estas bases en su totalidad.<\/strong><\/p>\n<p><strong>\u00a0<\/strong><\/p>\n","protected":false},"excerpt":{"rendered":"<p>Como viene siendo habitual desde hace a\u00f1os, nuestra Asociaci\u00f3n \u00abHuelva y sus Fot\u00f3grafos\u00bb colabora en la edici\u00f3n trimestral del concurso \u00abHuelva a trav\u00e9s de la fotograf\u00edas\u00bb. En esta ocasi\u00f3n la tem\u00e1tica lanzada para los meses de octubre, noviembre y diciembre (hasta el d\u00eda 4 de diciembre, ya que hay que montar la exposici\u00f3n) ha sido LOS OFICIOS DE HUELVA. En esta ocasi\u00f3n se suman a los premios diferentes empresas colaboradoras<\/p>\n<div class=\"belowpost\"><a class=\"btnmore\" href=\"https:\/\/www.huelvaysusfotografos.com\/?p=4426\">Seguir leyendo<\/a><\/div>\n","protected":false},"author":41,"featured_media":4428,"comment_status":"open","ping_status":"open","sticky":false,"template":"","format":"standard","meta":{"footnotes":"","_links_to":"","_links_to_target":""},"categories":[12],"tags":[],"class_list":["post-4426","post","type-post","status-publish","format-standard","has-post-thumbnail","hentry","category-concursos"],"_links":{"self":[{"href":"https:\/\/www.huelvaysusfotografos.com\/index.php?rest_route=\/wp\/v2\/posts\/4426","targetHints":{"allow":["GET"]}}],"collection":[{"href":"https:\/\/www.huelvaysusfotografos.com\/index.php?rest_route=\/wp\/v2\/posts"}],"about":[{"href":"https:\/\/www.huelvaysusfotografos.com\/index.php?rest_route=\/wp\/v2\/types\/post"}],"author":[{"embeddable":true,"href":"https:\/\/www.huelvaysusfotografos.com\/index.php?rest_route=\/wp\/v2\/users\/41"}],"replies":[{"embeddable":true,"href":"https:\/\/www.huelvaysusfotografos.com\/index.php?rest_route=%2Fwp%2Fv2%2Fcomments&post=4426"}],"version-history":[{"count":3,"href":"https:\/\/www.huelvaysusfotografos.com\/index.php?rest_route=\/wp\/v2\/posts\/4426\/revisions"}],"predecessor-version":[{"id":4431,"href":"https:\/\/www.huelvaysusfotografos.com\/index.php?rest_route=\/wp\/v2\/posts\/4426\/revisions\/4431"}],"wp:featuredmedia":[{"embeddable":true,"href":"https:\/\/www.huelvaysusfotografos.com\/index.php?rest_route=\/wp\/v2\/media\/4428"}],"wp:attachment":[{"href":"https:\/\/www.huelvaysusfotografos.com\/index.php?rest_route=%2Fwp%2Fv2%2Fmedia&parent=4426"}],"wp:term":[{"taxonomy":"category","embeddable":true,"href":"https:\/\/www.huelvaysusfotografos.com\/index.php?rest_route=%2Fwp%2Fv2%2Fcategories&post=4426"},{"taxonomy":"post_tag","embeddable":true,"href":"https:\/\/www.huelvaysusfotografos.com\/index.php?rest_route=%2Fwp%2Fv2%2Ftags&post=4426"}],"curies":[{"name":"wp","href":"https:\/\/api.w.org\/{rel}","templated":true}]}}