{"id":4416,"date":"2015-10-06T18:24:12","date_gmt":"2015-10-06T17:24:12","guid":{"rendered":"http:\/\/www.huelvaysusfotografos.com\/?p=4416"},"modified":"2015-10-06T18:26:59","modified_gmt":"2015-10-06T17:26:59","slug":"juana-martin-y-sus-aproximaciones","status":"publish","type":"post","link":"https:\/\/www.huelvaysusfotografos.com\/?p=4416","title":{"rendered":"Juana Mart\u00edn y sus aproximaciones"},"content":{"rendered":"<p style=\"text-align: justify;\">Es el segundo mes que hacemos uso de nuestra p\u00e1gina para dar a conocer, en este caso, la fot\u00f3grafa e imagen ganadora del concurso que el grupo \u00abHuelva y su Fot\u00f3grafos\u00bb, que el mes de septiembre se abri\u00f3 con la tem\u00e1tica\u00a0<span id=\"yui_3_16_0_1_1444149579188_5172\" class=\"topic-subject\">\u00ab\u00bfQu\u00e9 quiero que me acompa\u00f1e este oto\u00f1o?. La imagen ganadora ha sido la titulada \u00abLiquen\u00bb de Juana Mart\u00edn, parte del premio es\u00a0la\u00a0difusi\u00f3n mediante una peque\u00f1a entrevista en la p\u00e1gina web de la Asociaci\u00f3n Huelva y sus Fot\u00f3grafos. All\u00e1 vamos:<\/span><\/p>\n<p>&nbsp;<\/p>\n<p style=\"text-align: justify;\">Quien conoce a Juana, sabe que es una mujer polifac\u00e9tica y algo hiperactiva, y aunque se decanta por los retratos y autorretratos, otra de sus atenciones fotogr\u00e1ficas las centra en los detalles, como es la fotograf\u00eda Liquen. Algunas muestras de lo que decimos podemos apreciarlo en la im\u00e1genes que nos facilita para este art\u00edculo. Es como un juego, que trata de descubrir de la gran realidad que nos rodea, detalles de gran expresi\u00f3n pl\u00e1tica y visual.<\/p>\n<p style=\"text-align: justify;\"><a href=\"https:\/\/www.huelvaysusfotografos.com\/wp-content\/uploads\/2015\/10\/Madera.jpg\"><img loading=\"lazy\" decoding=\"async\" width=\"300\" height=\"225\" class=\"aligncenter size-medium wp-image-4421\" src=\"https:\/\/www.huelvaysusfotografos.com\/wp-content\/uploads\/2015\/10\/Madera-300x225.jpg\" alt=\"Madera\" srcset=\"https:\/\/www.huelvaysusfotografos.com\/wp-content\/uploads\/2015\/10\/Madera-300x225.jpg 300w, https:\/\/www.huelvaysusfotografos.com\/wp-content\/uploads\/2015\/10\/Madera-768x576.jpg 768w, https:\/\/www.huelvaysusfotografos.com\/wp-content\/uploads\/2015\/10\/Madera-160x120.jpg 160w, https:\/\/www.huelvaysusfotografos.com\/wp-content\/uploads\/2015\/10\/Madera.jpg 960w\" sizes=\"auto, (max-width: 300px) 100vw, 300px\" \/><\/a><\/p>\n<p style=\"text-align: center;\">Madera<a href=\"https:\/\/www.huelvaysusfotografos.com\/wp-content\/uploads\/2015\/10\/Metal.jpg\"><img loading=\"lazy\" decoding=\"async\" width=\"300\" height=\"200\" class=\"aligncenter size-medium wp-image-4422\" src=\"https:\/\/www.huelvaysusfotografos.com\/wp-content\/uploads\/2015\/10\/Metal-300x200.jpg\" alt=\"Para uso consulte con la fot\u00f3grafa (juana.martin@hotmail.com) \u00a9 2015. Todos los derechos reservados. Juana Mar\u00eda Mart\u00edn Infantes\" srcset=\"https:\/\/www.huelvaysusfotografos.com\/wp-content\/uploads\/2015\/10\/Metal-300x200.jpg 300w, https:\/\/www.huelvaysusfotografos.com\/wp-content\/uploads\/2015\/10\/Metal-1024x683.jpg 1024w, https:\/\/www.huelvaysusfotografos.com\/wp-content\/uploads\/2015\/10\/Metal-768x512.jpg 768w, https:\/\/www.huelvaysusfotografos.com\/wp-content\/uploads\/2015\/10\/Metal-1536x1024.jpg 1536w, https:\/\/www.huelvaysusfotografos.com\/wp-content\/uploads\/2015\/10\/Metal-2048x1366.jpg 2048w, https:\/\/www.huelvaysusfotografos.com\/wp-content\/uploads\/2015\/10\/Metal-120x80.jpg 120w\" sizes=\"auto, (max-width: 300px) 100vw, 300px\" \/><\/a><\/p>\n<p style=\"text-align: center;\">Metal<a href=\"https:\/\/www.huelvaysusfotografos.com\/wp-content\/uploads\/2015\/10\/Planta.jpg\"><img loading=\"lazy\" decoding=\"async\" width=\"225\" height=\"300\" class=\"aligncenter size-medium wp-image-4423\" src=\"https:\/\/www.huelvaysusfotografos.com\/wp-content\/uploads\/2015\/10\/Planta-225x300.jpg\" alt=\"Para uso consulte con la fot\u00f3grafa (juana.martin@hotmail.com) 2015\" srcset=\"https:\/\/www.huelvaysusfotografos.com\/wp-content\/uploads\/2015\/10\/Planta-225x300.jpg 225w, https:\/\/www.huelvaysusfotografos.com\/wp-content\/uploads\/2015\/10\/Planta-768x1024.jpg 768w, https:\/\/www.huelvaysusfotografos.com\/wp-content\/uploads\/2015\/10\/Planta-1152x1536.jpg 1152w, https:\/\/www.huelvaysusfotografos.com\/wp-content\/uploads\/2015\/10\/Planta-1536x2048.jpg 1536w, https:\/\/www.huelvaysusfotografos.com\/wp-content\/uploads\/2015\/10\/Planta.jpg 1772w\" sizes=\"auto, (max-width: 225px) 100vw, 225px\" \/><\/a><\/p>\n<p style=\"text-align: center;\">Vegetal<\/p>\n<p style=\"text-align: justify;\">De nuevo dar la enhorabuena a Juana por su trabajo, y animar a todos los socios y socias y amantes de la fotograf\u00eda a participar de nuestros concursos en Flickr.<\/p>\n","protected":false},"excerpt":{"rendered":"<p>Es el segundo mes que hacemos uso de nuestra p\u00e1gina para dar a conocer, en este caso, la fot\u00f3grafa e imagen ganadora del concurso que el grupo \u00abHuelva y su Fot\u00f3grafos\u00bb, que el mes de septiembre se abri\u00f3 con la tem\u00e1tica\u00a0\u00ab\u00bfQu\u00e9 quiero que me acompa\u00f1e este oto\u00f1o?. La imagen ganadora ha sido la titulada \u00abLiquen\u00bb de Juana Mart\u00edn, parte del premio es\u00a0la\u00a0difusi\u00f3n mediante una peque\u00f1a entrevista en la p\u00e1gina web<\/p>\n<div class=\"belowpost\"><a class=\"btnmore\" href=\"https:\/\/www.huelvaysusfotografos.com\/?p=4416\">Seguir leyendo<\/a><\/div>\n","protected":false},"author":41,"featured_media":4417,"comment_status":"open","ping_status":"open","sticky":false,"template":"","format":"standard","meta":{"footnotes":"","_links_to":"","_links_to_target":""},"categories":[3],"tags":[],"class_list":["post-4416","post","type-post","status-publish","format-standard","has-post-thumbnail","hentry","category-noticias"],"_links":{"self":[{"href":"https:\/\/www.huelvaysusfotografos.com\/index.php?rest_route=\/wp\/v2\/posts\/4416","targetHints":{"allow":["GET"]}}],"collection":[{"href":"https:\/\/www.huelvaysusfotografos.com\/index.php?rest_route=\/wp\/v2\/posts"}],"about":[{"href":"https:\/\/www.huelvaysusfotografos.com\/index.php?rest_route=\/wp\/v2\/types\/post"}],"author":[{"embeddable":true,"href":"https:\/\/www.huelvaysusfotografos.com\/index.php?rest_route=\/wp\/v2\/users\/41"}],"replies":[{"embeddable":true,"href":"https:\/\/www.huelvaysusfotografos.com\/index.php?rest_route=%2Fwp%2Fv2%2Fcomments&post=4416"}],"version-history":[{"count":5,"href":"https:\/\/www.huelvaysusfotografos.com\/index.php?rest_route=\/wp\/v2\/posts\/4416\/revisions"}],"predecessor-version":[{"id":4425,"href":"https:\/\/www.huelvaysusfotografos.com\/index.php?rest_route=\/wp\/v2\/posts\/4416\/revisions\/4425"}],"wp:featuredmedia":[{"embeddable":true,"href":"https:\/\/www.huelvaysusfotografos.com\/index.php?rest_route=\/wp\/v2\/media\/4417"}],"wp:attachment":[{"href":"https:\/\/www.huelvaysusfotografos.com\/index.php?rest_route=%2Fwp%2Fv2%2Fmedia&parent=4416"}],"wp:term":[{"taxonomy":"category","embeddable":true,"href":"https:\/\/www.huelvaysusfotografos.com\/index.php?rest_route=%2Fwp%2Fv2%2Fcategories&post=4416"},{"taxonomy":"post_tag","embeddable":true,"href":"https:\/\/www.huelvaysusfotografos.com\/index.php?rest_route=%2Fwp%2Fv2%2Ftags&post=4416"}],"curies":[{"name":"wp","href":"https:\/\/api.w.org\/{rel}","templated":true}]}}