{"id":4409,"date":"2015-10-06T17:31:57","date_gmt":"2015-10-06T16:31:57","guid":{"rendered":"http:\/\/www.huelvaysusfotografos.com\/?p=4409"},"modified":"2015-10-06T17:31:57","modified_gmt":"2015-10-06T16:31:57","slug":"tertulia-fotografica-el-8-de-octubre","status":"publish","type":"post","link":"https:\/\/www.huelvaysusfotografos.com\/?p=4409","title":{"rendered":"Tertulia Fotogr\u00e1fica el 8 de octubre"},"content":{"rendered":"<p><a href=\"https:\/\/www.huelvaysusfotografos.com\/wp-content\/uploads\/2015\/10\/Captura-de-pantalla-2015-10-06-a-las-18.01.12.png\"><img loading=\"lazy\" decoding=\"async\" width=\"216\" height=\"300\" class=\"aligncenter size-medium wp-image-4410\" src=\"https:\/\/www.huelvaysusfotografos.com\/wp-content\/uploads\/2015\/10\/Captura-de-pantalla-2015-10-06-a-las-18.01.12-216x300.png\" alt=\"Captura de pantalla 2015-10-06 a la(s) 18.01.12\" srcset=\"https:\/\/www.huelvaysusfotografos.com\/wp-content\/uploads\/2015\/10\/Captura-de-pantalla-2015-10-06-a-las-18.01.12-216x300.png 216w, https:\/\/www.huelvaysusfotografos.com\/wp-content\/uploads\/2015\/10\/Captura-de-pantalla-2015-10-06-a-las-18.01.12.png 672w\" sizes=\"auto, (max-width: 216px) 100vw, 216px\" \/><\/a><\/p>\n<p>&nbsp;<\/p>\n<p>Tras el periodo de verano retomamos nuestra actividad p\u00fablica&#8230; porque estamos cocinando muchas cosas!!. La pr\u00f3xima semana, el jueves \u00a08 de octubre tendremos una tertulia sin tertuliano concreto, los propios asistentes compartiremos nuestras preguntas, dudas, proyectos, ideas&#8230; y resolveremos entre todos. Es una buena oportunidad adem\u00e1s de que nos acerquemos m\u00e1s tanto socios\/as como interesados en la fotograf\u00eda en general. En definitiva, hablar de fotograf\u00eda en base a nuestros propios conocimientos y desconocimientos.<\/p>\n<p>No faltes, es un evento de entrada libre para aficionados y amantes de la foto.<\/p>\n<p>Ser\u00e1 a las 19:00 horas en el Estudio Fotogr\u00e1fico de nuestro compa\u00f1ero y socio Dulfi, en la calle Marina n\u00ba 19, de Huelva.<\/p>\n<p>Te esperamos!!<\/p>\n","protected":false},"excerpt":{"rendered":"<p>&nbsp; Tras el periodo de verano retomamos nuestra actividad p\u00fablica&#8230; porque estamos cocinando muchas cosas!!. La pr\u00f3xima semana, el jueves \u00a08 de octubre tendremos una tertulia sin tertuliano concreto, los propios asistentes compartiremos nuestras preguntas, dudas, proyectos, ideas&#8230; y resolveremos entre todos. Es una buena oportunidad adem\u00e1s de que nos acerquemos m\u00e1s tanto socios\/as como interesados en la fotograf\u00eda en general. En definitiva, hablar de fotograf\u00eda en base a nuestros<\/p>\n<div class=\"belowpost\"><a class=\"btnmore\" href=\"https:\/\/www.huelvaysusfotografos.com\/?p=4409\">Seguir leyendo<\/a><\/div>\n","protected":false},"author":41,"featured_media":4411,"comment_status":"open","ping_status":"open","sticky":false,"template":"","format":"standard","meta":{"footnotes":"","_links_to":"","_links_to_target":""},"categories":[32],"tags":[],"class_list":["post-4409","post","type-post","status-publish","format-standard","has-post-thumbnail","hentry","category-tertulias"],"_links":{"self":[{"href":"https:\/\/www.huelvaysusfotografos.com\/index.php?rest_route=\/wp\/v2\/posts\/4409","targetHints":{"allow":["GET"]}}],"collection":[{"href":"https:\/\/www.huelvaysusfotografos.com\/index.php?rest_route=\/wp\/v2\/posts"}],"about":[{"href":"https:\/\/www.huelvaysusfotografos.com\/index.php?rest_route=\/wp\/v2\/types\/post"}],"author":[{"embeddable":true,"href":"https:\/\/www.huelvaysusfotografos.com\/index.php?rest_route=\/wp\/v2\/users\/41"}],"replies":[{"embeddable":true,"href":"https:\/\/www.huelvaysusfotografos.com\/index.php?rest_route=%2Fwp%2Fv2%2Fcomments&post=4409"}],"version-history":[{"count":4,"href":"https:\/\/www.huelvaysusfotografos.com\/index.php?rest_route=\/wp\/v2\/posts\/4409\/revisions"}],"predecessor-version":[{"id":4415,"href":"https:\/\/www.huelvaysusfotografos.com\/index.php?rest_route=\/wp\/v2\/posts\/4409\/revisions\/4415"}],"wp:featuredmedia":[{"embeddable":true,"href":"https:\/\/www.huelvaysusfotografos.com\/index.php?rest_route=\/wp\/v2\/media\/4411"}],"wp:attachment":[{"href":"https:\/\/www.huelvaysusfotografos.com\/index.php?rest_route=%2Fwp%2Fv2%2Fmedia&parent=4409"}],"wp:term":[{"taxonomy":"category","embeddable":true,"href":"https:\/\/www.huelvaysusfotografos.com\/index.php?rest_route=%2Fwp%2Fv2%2Fcategories&post=4409"},{"taxonomy":"post_tag","embeddable":true,"href":"https:\/\/www.huelvaysusfotografos.com\/index.php?rest_route=%2Fwp%2Fv2%2Ftags&post=4409"}],"curies":[{"name":"wp","href":"https:\/\/api.w.org\/{rel}","templated":true}]}}