{"id":4395,"date":"2015-08-09T19:58:15","date_gmt":"2015-08-09T18:58:15","guid":{"rendered":"http:\/\/www.huelvaysusfotografos.com\/?p=4395"},"modified":"2015-08-09T19:59:29","modified_gmt":"2015-08-09T18:59:29","slug":"fran-borges-un-ayamontino-apasionado-por-la-fotografia","status":"publish","type":"post","link":"https:\/\/www.huelvaysusfotografos.com\/?p=4395","title":{"rendered":"Fran Borges, pasi\u00f3n por la fotograf\u00eda"},"content":{"rendered":"<p>Hoy os queremos hablar de un compa\u00f1ero, que ha sido ganador del Concurso Fickr del grupo \u00abHuelva y sus Fot\u00f3grafos\u00bb con la tem\u00e1tica \u00abEl calor del verano\u00bb con la foto que est\u00e1 en la cabecera \u00abJuegos de agua\u00bb. Enhorabuena por el trabajo!<\/p>\n<p style=\"text-align: justify;\">Se trata del ayamantino Francisco Javier Borges Fern\u00e1ndez, \u00a0Fran Borges para los amigos. Le hemos pedido que nos escriba un poco de su trayectoria en el campo de la fotograf\u00eda<\/p>\n<p style=\"text-align: justify;\">Mis inicios pues fueron a raiz del nacimiento de mi hijo Javier, pues no pare de hacerle fotos en sus 2 primeros a\u00f1os de vida, siempre con una peque\u00f1a c\u00e1mara compacta, pero como no encontraba lo que queria mostrar, di un\u00a0peque\u00f1o paso, y me hice con una c\u00e1mara tipo \u00abbridge\u00bb, ya fui consiguiendo cosas m\u00e1s decente, y asi prob\u00e9 con 3 c\u00e1maras\u00a0de este tipo, hasta que en 2008 di el paso a reflex, ya el mundo empezo a cambiar, retratos, paisajes, desenfoques, esto\u00a0empez\u00f3 a ser otra cosa.<\/p>\n<p style=\"text-align: justify;\">Y a d\u00eda de hoy pues trato de hacer m\u00e1s cosas, porque este mundo es casi infinito, intentar conocer la luz, tiempos\u00a0de exposicion, buscando tipos diferentes de composici\u00f3n, etc.\u00a0Y el tema de concursos me fascina, me motiva mucho, siempre intentando participar en todo lo que me guste y pueda,\u00a0ademas de conocer distintos tipos de estilos con gente muy variada.<\/p>\n<p style=\"text-align: justify;\">La verdad que referente no tengo mucho, si es verdad que me gusta mucho Capa, tengo un libro suyo, y tambi\u00e9n sigo a trav\u00e9s\u00a0de las redes y dem\u00e1s medios a Chema Madoz, me gusta mucho lo que con esa sencillez.\u00a0Pero realmente con quien empece en este mundillo, Jose Luis Silva, fot\u00f3grafo de muy pueblo, y que a trav\u00e9s de un\u00a0curso que hice con \u00e9l me encanto, y creo que aprendi bastante.\u00a0Tambi\u00e9n decir que tambi\u00e9n aprendo mucho con la gente cercana, por ejemplo con algunos de los integrantes de Huelva y sus Fot\u00f3grafos, FLIKR, sigo bastante las cosas que hacen (espio sus imagenes), y tambi\u00e9n en las salidas y paseos que suelo\u00a0hacer con la Asociaci\u00f3n ACAFA de Ayamonte, a la que pertenezco, y siempre se aprende del trabajo de uno y otro,\u00a0yo hago esto, y c\u00f3mo, y as\u00ed&#8230;<\/p>\n<p style=\"text-align: justify;\">En 2008, de forma online, Magazine Digital me selecciona 1 foto de las 30 finalistas, de entre mas de 3000 fotos, mi premio\u00a0un libro para imprimir de fotos, vaya puntazo.<\/p>\n<p>En 2009, en la Barriada de Canela, me presento por primera vez a un concurso, y zas 2\u00ba premio, sorpres\u00f3n, y partir de entonces\u00a0a veces con m\u00e1s suerte que en otras:<\/p>\n<p>&#8211; 2011: 1\u00ba y 2\u00ba Premio Romer\u00eda de Ayamonte<br \/>\n&#8211; 2010: 2\u00ba Premio, I Rally Fotogr\u00e1fico Ciudad de Isla Cristina<br \/>\n&#8211; 2011: 1\u00ba Premio,\u00a0 Asociaci\u00f3n Herrerias<br \/>\n&#8211; 1\u00ba Premio: III Certamen de Fotograf\u00eda Amigos del Museo Huelva<br \/>\n&#8211; 2012: 2\u00ba Romer\u00eda de Ayamonte<br \/>\n&#8211; 2012: Premio foto popular, Sierra de Aracena<br \/>\n&#8211; 2011: 4\u00baPremio concurso Odiel \u00abVive el verano\u00bb<br \/>\n&#8211; 2014:\u00a0Acc\u00e9sit\u00a0semana santa Huelva<br \/>\n&#8211; 2013:\u00a0Acc\u00e9sit\u00a0Foto Eurociudad deportiva Ayamonte<br \/>\n&#8211; 2013: 2\u00ba Premio Saca Yeguas Almonte<br \/>\n&#8211; 2013: 3\u00ba Premio Barriada Punta del Moral<br \/>\n&#8211; 2013: 1\u00ba Premio a la mejor foto con movil, \u201cII Concurso Fotogr\u00e1fico Virgen del Rosario\u00bb<\/p>\n<p>No se si me escapa alguno, aunque en estos 2 \u00daltimos a\u00f1os\u00a0 voy en caida libre, no acierto con las fotos para los concursos,\u00a0porque al final de lo que se trata es del buen gusto del jurado, y \u00abpa gusto colores\u00bb.<\/p>\n<p>Os dejamos algunas im\u00e1genes que son significativas en la trayectoria de Borges:<\/p>\n<p><a href=\"https:\/\/www.huelvaysusfotografos.com\/wp-content\/uploads\/2015\/08\/alaj.jpg\"><img loading=\"lazy\" decoding=\"async\" width=\"300\" height=\"201\" class=\"aligncenter size-medium wp-image-4399\" src=\"https:\/\/www.huelvaysusfotografos.com\/wp-content\/uploads\/2015\/08\/alaj-300x201.jpg\" alt=\"alaj\" srcset=\"https:\/\/www.huelvaysusfotografos.com\/wp-content\/uploads\/2015\/08\/alaj-300x201.jpg 300w, https:\/\/www.huelvaysusfotografos.com\/wp-content\/uploads\/2015\/08\/alaj-1024x685.jpg 1024w, https:\/\/www.huelvaysusfotografos.com\/wp-content\/uploads\/2015\/08\/alaj-768x514.jpg 768w, https:\/\/www.huelvaysusfotografos.com\/wp-content\/uploads\/2015\/08\/alaj-1536x1028.jpg 1536w, https:\/\/www.huelvaysusfotografos.com\/wp-content\/uploads\/2015\/08\/alaj-2048x1371.jpg 2048w, https:\/\/www.huelvaysusfotografos.com\/wp-content\/uploads\/2015\/08\/alaj-120x80.jpg 120w\" sizes=\"auto, (max-width: 300px) 100vw, 300px\" \/><\/a><\/p>\n<p style=\"text-align: center;\">Foto de Fran Borges, tomada en\u00a0\u00a0Al\u00e1jar<\/p>\n<p><a href=\"https:\/\/www.huelvaysusfotografos.com\/wp-content\/uploads\/2015\/08\/aracena.jpg\"><img loading=\"lazy\" decoding=\"async\" width=\"300\" height=\"200\" class=\"aligncenter size-medium wp-image-4400\" src=\"https:\/\/www.huelvaysusfotografos.com\/wp-content\/uploads\/2015\/08\/aracena-300x200.jpg\" alt=\"aracena\" srcset=\"https:\/\/www.huelvaysusfotografos.com\/wp-content\/uploads\/2015\/08\/aracena-300x200.jpg 300w, https:\/\/www.huelvaysusfotografos.com\/wp-content\/uploads\/2015\/08\/aracena-1024x683.jpg 1024w, https:\/\/www.huelvaysusfotografos.com\/wp-content\/uploads\/2015\/08\/aracena-768x512.jpg 768w, https:\/\/www.huelvaysusfotografos.com\/wp-content\/uploads\/2015\/08\/aracena-1536x1024.jpg 1536w, https:\/\/www.huelvaysusfotografos.com\/wp-content\/uploads\/2015\/08\/aracena-2048x1365.jpg 2048w, https:\/\/www.huelvaysusfotografos.com\/wp-content\/uploads\/2015\/08\/aracena-120x80.jpg 120w\" sizes=\"auto, (max-width: 300px) 100vw, 300px\" \/><\/a><\/p>\n<p style=\"text-align: center;\">Foto: Fran Borges, \u00abEl\u00a0anciano al solito\u00bb.<\/p>\n<p style=\"text-align: center;\">Tomada en una ma\u00f1ana fria de oto\u00f1o, de la sierra de\u00a0Aracena. <a href=\"https:\/\/www.huelvaysusfotografos.com\/wp-content\/uploads\/2015\/08\/romeria11.jpg\"><img loading=\"lazy\" decoding=\"async\" width=\"300\" height=\"202\" class=\"aligncenter size-medium wp-image-4401\" src=\"https:\/\/www.huelvaysusfotografos.com\/wp-content\/uploads\/2015\/08\/romeria11-300x202.jpg\" alt=\"romeria11\" srcset=\"https:\/\/www.huelvaysusfotografos.com\/wp-content\/uploads\/2015\/08\/romeria11-300x202.jpg 300w, https:\/\/www.huelvaysusfotografos.com\/wp-content\/uploads\/2015\/08\/romeria11-1024x688.jpg 1024w, https:\/\/www.huelvaysusfotografos.com\/wp-content\/uploads\/2015\/08\/romeria11-768x516.jpg 768w, https:\/\/www.huelvaysusfotografos.com\/wp-content\/uploads\/2015\/08\/romeria11-1536x1032.jpg 1536w, https:\/\/www.huelvaysusfotografos.com\/wp-content\/uploads\/2015\/08\/romeria11-2048x1376.jpg 2048w, https:\/\/www.huelvaysusfotografos.com\/wp-content\/uploads\/2015\/08\/romeria11-120x80.jpg 120w\" sizes=\"auto, (max-width: 300px) 100vw, 300px\" \/><\/a><\/p>\n<p style=\"text-align: center;\">Foto: Fran Borges. \u00abEl tamborilero\u00bb<\/p>\n<p style=\"text-align: center;\">Fue suprimer gran premio 2011, ya que\u00a0fueron 1\u00ba y 2\u00ba.<\/p>\n<p style=\"text-align: left;\">Muchas gracias Fran, por compartir tu tiempo, tus palabras y tus fotos.<\/p>\n","protected":false},"excerpt":{"rendered":"<p>Hoy os queremos hablar de un compa\u00f1ero, que ha sido ganador del Concurso Fickr del grupo \u00abHuelva y sus Fot\u00f3grafos\u00bb con la tem\u00e1tica \u00abEl calor del verano\u00bb con la foto que est\u00e1 en la cabecera \u00abJuegos de agua\u00bb. Enhorabuena por el trabajo! Se trata del ayamantino Francisco Javier Borges Fern\u00e1ndez, \u00a0Fran Borges para los amigos. Le hemos pedido que nos escriba un poco de su trayectoria en el campo de<\/p>\n<div class=\"belowpost\"><a class=\"btnmore\" href=\"https:\/\/www.huelvaysusfotografos.com\/?p=4395\">Seguir leyendo<\/a><\/div>\n","protected":false},"author":41,"featured_media":4402,"comment_status":"open","ping_status":"open","sticky":false,"template":"","format":"standard","meta":{"footnotes":"","_links_to":"","_links_to_target":""},"categories":[3],"tags":[],"class_list":["post-4395","post","type-post","status-publish","format-standard","has-post-thumbnail","hentry","category-noticias"],"_links":{"self":[{"href":"https:\/\/www.huelvaysusfotografos.com\/index.php?rest_route=\/wp\/v2\/posts\/4395","targetHints":{"allow":["GET"]}}],"collection":[{"href":"https:\/\/www.huelvaysusfotografos.com\/index.php?rest_route=\/wp\/v2\/posts"}],"about":[{"href":"https:\/\/www.huelvaysusfotografos.com\/index.php?rest_route=\/wp\/v2\/types\/post"}],"author":[{"embeddable":true,"href":"https:\/\/www.huelvaysusfotografos.com\/index.php?rest_route=\/wp\/v2\/users\/41"}],"replies":[{"embeddable":true,"href":"https:\/\/www.huelvaysusfotografos.com\/index.php?rest_route=%2Fwp%2Fv2%2Fcomments&post=4395"}],"version-history":[{"count":7,"href":"https:\/\/www.huelvaysusfotografos.com\/index.php?rest_route=\/wp\/v2\/posts\/4395\/revisions"}],"predecessor-version":[{"id":4406,"href":"https:\/\/www.huelvaysusfotografos.com\/index.php?rest_route=\/wp\/v2\/posts\/4395\/revisions\/4406"}],"wp:featuredmedia":[{"embeddable":true,"href":"https:\/\/www.huelvaysusfotografos.com\/index.php?rest_route=\/wp\/v2\/media\/4402"}],"wp:attachment":[{"href":"https:\/\/www.huelvaysusfotografos.com\/index.php?rest_route=%2Fwp%2Fv2%2Fmedia&parent=4395"}],"wp:term":[{"taxonomy":"category","embeddable":true,"href":"https:\/\/www.huelvaysusfotografos.com\/index.php?rest_route=%2Fwp%2Fv2%2Fcategories&post=4395"},{"taxonomy":"post_tag","embeddable":true,"href":"https:\/\/www.huelvaysusfotografos.com\/index.php?rest_route=%2Fwp%2Fv2%2Ftags&post=4395"}],"curies":[{"name":"wp","href":"https:\/\/api.w.org\/{rel}","templated":true}]}}