{"id":4375,"date":"2015-08-03T21:08:08","date_gmt":"2015-08-03T20:08:08","guid":{"rendered":"http:\/\/www.huelvaysusfotografos.com\/?p=4375"},"modified":"2015-08-03T21:08:08","modified_gmt":"2015-08-03T20:08:08","slug":"quedada-nocturna-en-tharsis","status":"publish","type":"post","link":"https:\/\/www.huelvaysusfotografos.com\/?p=4375","title":{"rendered":"QUEDADA NOCTURNA EN THARSIS"},"content":{"rendered":"<p>El pasado 25 de julio, Huelva y sus Fot\u00f3grafos organiz\u00f3 una Quedada entre el atardecer y la noche para fotografiar el entorno minero de Tharsis. Aunque ha sido un lugar visitado por nuestros socios de en varias ocasiones, a\u00fan hab\u00eda algunos que no lo hab\u00edan visitado, y coincidiendo con la \u00a0interesante propuesta de la\u00a0empresa \u00abA CIELO ABIERTO\u00bb que lleva varios a\u00f1os trabajando en la zona dando a conocer y poniendo en valor aquel maravilloso paisaje, se retoma una quedada fotogr\u00e1fica para participar de \u00e9l.<\/p>\n<p>Patricia Chapelo, es la persona visible de A CIELO ABIERTO, ella en su Facebook, comparte lo que podr\u00edamos denominar \u00abFotopoes\u00eda\u00bb, nosotros socios de HYSF le aportamos nuestra im\u00e1genes de Tharsis y ella le anexa un texto po\u00e9tico que siempre casan a la perfecci\u00f3n. Una bonita manera de trabajar por el patrimonio onubense minero. Os dejamos algunas im\u00e1genes que los compa\u00f1eros y compa\u00f1eras han tenido a bien mostrar y compartir.<\/p>\n<p><a href=\"https:\/\/www.huelvaysusfotografos.com\/wp-content\/uploads\/2015\/07\/Emilio-Romero-Tharsis.jpg\"><img loading=\"lazy\" decoding=\"async\" width=\"300\" height=\"199\" class=\"aligncenter size-medium wp-image-4377\" src=\"https:\/\/www.huelvaysusfotografos.com\/wp-content\/uploads\/2015\/07\/Emilio-Romero-Tharsis-300x199.jpg\" alt=\"Emilio Romero Tharsis\" srcset=\"https:\/\/www.huelvaysusfotografos.com\/wp-content\/uploads\/2015\/07\/Emilio-Romero-Tharsis-300x199.jpg 300w, https:\/\/www.huelvaysusfotografos.com\/wp-content\/uploads\/2015\/07\/Emilio-Romero-Tharsis-1024x678.jpg 1024w, https:\/\/www.huelvaysusfotografos.com\/wp-content\/uploads\/2015\/07\/Emilio-Romero-Tharsis-768x509.jpg 768w, https:\/\/www.huelvaysusfotografos.com\/wp-content\/uploads\/2015\/07\/Emilio-Romero-Tharsis-1536x1017.jpg 1536w, https:\/\/www.huelvaysusfotografos.com\/wp-content\/uploads\/2015\/07\/Emilio-Romero-Tharsis-120x80.jpg 120w, https:\/\/www.huelvaysusfotografos.com\/wp-content\/uploads\/2015\/07\/Emilio-Romero-Tharsis.jpg 2048w\" sizes=\"auto, (max-width: 300px) 100vw, 300px\" \/><\/a><\/p>\n<p style=\"text-align: center;\">Foto: Emilio Romero<\/p>\n<p style=\"text-align: center;\"><a href=\"https:\/\/www.huelvaysusfotografos.com\/wp-content\/uploads\/2015\/07\/Emilio-Romero-2.jpg\"><img loading=\"lazy\" decoding=\"async\" width=\"300\" height=\"199\" class=\"aligncenter size-medium wp-image-4380\" src=\"https:\/\/www.huelvaysusfotografos.com\/wp-content\/uploads\/2015\/07\/Emilio-Romero-2-300x199.jpg\" alt=\"Emilio Romero 2\" srcset=\"https:\/\/www.huelvaysusfotografos.com\/wp-content\/uploads\/2015\/07\/Emilio-Romero-2-300x199.jpg 300w, https:\/\/www.huelvaysusfotografos.com\/wp-content\/uploads\/2015\/07\/Emilio-Romero-2-1024x678.jpg 1024w, https:\/\/www.huelvaysusfotografos.com\/wp-content\/uploads\/2015\/07\/Emilio-Romero-2-768x509.jpg 768w, https:\/\/www.huelvaysusfotografos.com\/wp-content\/uploads\/2015\/07\/Emilio-Romero-2-120x80.jpg 120w, https:\/\/www.huelvaysusfotografos.com\/wp-content\/uploads\/2015\/07\/Emilio-Romero-2.jpg 1232w\" sizes=\"auto, (max-width: 300px) 100vw, 300px\" \/><\/a><\/p>\n<p style=\"text-align: center;\">\u00a0Foto: Emilio Romero<\/p>\n<p style=\"text-align: center;\"><a href=\"https:\/\/www.huelvaysusfotografos.com\/wp-content\/uploads\/2015\/07\/Manolo-Gonz\u00e1lez-Flores-2.jpg\"><img loading=\"lazy\" decoding=\"async\" width=\"300\" height=\"199\" class=\"aligncenter size-medium wp-image-4381\" src=\"https:\/\/www.huelvaysusfotografos.com\/wp-content\/uploads\/2015\/07\/Manolo-Gonz\u00e1lez-Flores-2-300x199.jpg\" alt=\"Manolo Gonz\u00e1lez Flores 2\" srcset=\"https:\/\/www.huelvaysusfotografos.com\/wp-content\/uploads\/2015\/07\/Manolo-Gonz\u00e1lez-Flores-2-300x199.jpg 300w, https:\/\/www.huelvaysusfotografos.com\/wp-content\/uploads\/2015\/07\/Manolo-Gonz\u00e1lez-Flores-2-768x509.jpg 768w, https:\/\/www.huelvaysusfotografos.com\/wp-content\/uploads\/2015\/07\/Manolo-Gonz\u00e1lez-Flores-2-120x80.jpg 120w, https:\/\/www.huelvaysusfotografos.com\/wp-content\/uploads\/2015\/07\/Manolo-Gonz\u00e1lez-Flores-2.jpg 960w\" sizes=\"auto, (max-width: 300px) 100vw, 300px\" \/><\/a><\/p>\n<p style=\"text-align: center;\">Foto: Manuel Gonz\u00e1lez Flores<\/p>\n<p style=\"text-align: center;\"><a href=\"https:\/\/www.huelvaysusfotografos.com\/wp-content\/uploads\/2015\/07\/Manuel-Gonz\u00e1lez-Flores.jpg\"><img loading=\"lazy\" decoding=\"async\" width=\"199\" height=\"300\" class=\"aligncenter size-medium wp-image-4382\" src=\"https:\/\/www.huelvaysusfotografos.com\/wp-content\/uploads\/2015\/07\/Manuel-Gonz\u00e1lez-Flores-199x300.jpg\" alt=\"Manuel Gonz\u00e1lez Flores\" srcset=\"https:\/\/www.huelvaysusfotografos.com\/wp-content\/uploads\/2015\/07\/Manuel-Gonz\u00e1lez-Flores-199x300.jpg 199w, https:\/\/www.huelvaysusfotografos.com\/wp-content\/uploads\/2015\/07\/Manuel-Gonz\u00e1lez-Flores.jpg 636w\" sizes=\"auto, (max-width: 199px) 100vw, 199px\" \/><\/a><\/p>\n<p style=\"text-align: center;\">Foto: Manuel Gonz\u00e1lez Flores<\/p>\n<p style=\"text-align: center;\"><a href=\"https:\/\/www.huelvaysusfotografos.com\/wp-content\/uploads\/2015\/07\/Mar\u00eda-Dolores-Blesa-2.jpg\"><img loading=\"lazy\" decoding=\"async\" width=\"300\" height=\"144\" class=\"aligncenter size-medium wp-image-4383\" src=\"https:\/\/www.huelvaysusfotografos.com\/wp-content\/uploads\/2015\/07\/Mar\u00eda-Dolores-Blesa-2-300x144.jpg\" alt=\"Mar\u00eda Dolores Blesa 2\" srcset=\"https:\/\/www.huelvaysusfotografos.com\/wp-content\/uploads\/2015\/07\/Mar\u00eda-Dolores-Blesa-2-300x144.jpg 300w, https:\/\/www.huelvaysusfotografos.com\/wp-content\/uploads\/2015\/07\/Mar\u00eda-Dolores-Blesa-2-1024x492.jpg 1024w, https:\/\/www.huelvaysusfotografos.com\/wp-content\/uploads\/2015\/07\/Mar\u00eda-Dolores-Blesa-2-768x369.jpg 768w, https:\/\/www.huelvaysusfotografos.com\/wp-content\/uploads\/2015\/07\/Mar\u00eda-Dolores-Blesa-2-1536x737.jpg 1536w, https:\/\/www.huelvaysusfotografos.com\/wp-content\/uploads\/2015\/07\/Mar\u00eda-Dolores-Blesa-2.jpg 2048w\" sizes=\"auto, (max-width: 300px) 100vw, 300px\" \/><\/a><\/p>\n<p style=\"text-align: center;\">Foto: Mar\u00eda Dolores Blesa<\/p>\n<p style=\"text-align: center;\"><a href=\"https:\/\/www.huelvaysusfotografos.com\/wp-content\/uploads\/2015\/07\/Mar\u00eda-Dolores-Blesa2.jpg\"><img loading=\"lazy\" decoding=\"async\" width=\"300\" height=\"200\" class=\"aligncenter size-medium wp-image-4384\" src=\"https:\/\/www.huelvaysusfotografos.com\/wp-content\/uploads\/2015\/07\/Mar\u00eda-Dolores-Blesa2-300x200.jpg\" alt=\"Mar\u00eda Dolores Blesa\" srcset=\"https:\/\/www.huelvaysusfotografos.com\/wp-content\/uploads\/2015\/07\/Mar\u00eda-Dolores-Blesa2-300x200.jpg 300w, https:\/\/www.huelvaysusfotografos.com\/wp-content\/uploads\/2015\/07\/Mar\u00eda-Dolores-Blesa2-1024x683.jpg 1024w, https:\/\/www.huelvaysusfotografos.com\/wp-content\/uploads\/2015\/07\/Mar\u00eda-Dolores-Blesa2-768x512.jpg 768w, https:\/\/www.huelvaysusfotografos.com\/wp-content\/uploads\/2015\/07\/Mar\u00eda-Dolores-Blesa2-1536x1025.jpg 1536w, https:\/\/www.huelvaysusfotografos.com\/wp-content\/uploads\/2015\/07\/Mar\u00eda-Dolores-Blesa2-120x80.jpg 120w, https:\/\/www.huelvaysusfotografos.com\/wp-content\/uploads\/2015\/07\/Mar\u00eda-Dolores-Blesa2.jpg 2048w\" sizes=\"auto, (max-width: 300px) 100vw, 300px\" \/><\/a><\/p>\n<p style=\"text-align: center;\">Foto: Mar\u00eda Dolores Blesa<\/p>\n<p style=\"text-align: center;\"><a href=\"https:\/\/www.huelvaysusfotografos.com\/wp-content\/uploads\/2015\/07\/Mat\u00edas-Brea-1.jpg\"><img loading=\"lazy\" decoding=\"async\" width=\"200\" height=\"300\" class=\"aligncenter size-medium wp-image-4387\" src=\"https:\/\/www.huelvaysusfotografos.com\/wp-content\/uploads\/2015\/07\/Mat\u00edas-Brea-1-200x300.jpg\" alt=\"Mat\u00edas Brea 1\" srcset=\"https:\/\/www.huelvaysusfotografos.com\/wp-content\/uploads\/2015\/07\/Mat\u00edas-Brea-1-200x300.jpg 200w, https:\/\/www.huelvaysusfotografos.com\/wp-content\/uploads\/2015\/07\/Mat\u00edas-Brea-1.jpg 660w\" sizes=\"auto, (max-width: 200px) 100vw, 200px\" \/><\/a><\/p>\n<p style=\"text-align: center;\">Foto: Mat\u00edas Brea<a href=\"https:\/\/www.huelvaysusfotografos.com\/wp-content\/uploads\/2015\/07\/Mat\u00edas-Brea-2jpg.jpg\"><img loading=\"lazy\" decoding=\"async\" width=\"300\" height=\"200\" class=\"aligncenter size-medium wp-image-4388\" src=\"https:\/\/www.huelvaysusfotografos.com\/wp-content\/uploads\/2015\/07\/Mat\u00edas-Brea-2jpg-300x200.jpg\" alt=\"Mat\u00edas Brea 2jpg\" srcset=\"https:\/\/www.huelvaysusfotografos.com\/wp-content\/uploads\/2015\/07\/Mat\u00edas-Brea-2jpg-300x200.jpg 300w, https:\/\/www.huelvaysusfotografos.com\/wp-content\/uploads\/2015\/07\/Mat\u00edas-Brea-2jpg-768x512.jpg 768w, https:\/\/www.huelvaysusfotografos.com\/wp-content\/uploads\/2015\/07\/Mat\u00edas-Brea-2jpg-120x80.jpg 120w, https:\/\/www.huelvaysusfotografos.com\/wp-content\/uploads\/2015\/07\/Mat\u00edas-Brea-2jpg.jpg 990w\" sizes=\"auto, (max-width: 300px) 100vw, 300px\" \/><\/a><\/p>\n<p style=\"text-align: center;\">Foto: Mat\u00edas Brea<\/p>\n<p style=\"text-align: center;\">\u00a0<a href=\"https:\/\/www.huelvaysusfotografos.com\/wp-content\/uploads\/2015\/07\/Claudio-Pomares-1.jpg\"><img loading=\"lazy\" decoding=\"async\" width=\"200\" height=\"300\" class=\"aligncenter size-medium wp-image-4392\" src=\"https:\/\/www.huelvaysusfotografos.com\/wp-content\/uploads\/2015\/07\/Claudio-Pomares-1-200x300.jpg\" alt=\"Claudio Pomares 1\" srcset=\"https:\/\/www.huelvaysusfotografos.com\/wp-content\/uploads\/2015\/07\/Claudio-Pomares-1-200x300.jpg 200w, https:\/\/www.huelvaysusfotografos.com\/wp-content\/uploads\/2015\/07\/Claudio-Pomares-1-683x1024.jpg 683w, https:\/\/www.huelvaysusfotografos.com\/wp-content\/uploads\/2015\/07\/Claudio-Pomares-1-768x1152.jpg 768w, https:\/\/www.huelvaysusfotografos.com\/wp-content\/uploads\/2015\/07\/Claudio-Pomares-1-1024x1536.jpg 1024w, https:\/\/www.huelvaysusfotografos.com\/wp-content\/uploads\/2015\/07\/Claudio-Pomares-1.jpg 1365w\" sizes=\"auto, (max-width: 200px) 100vw, 200px\" \/><\/a><\/p>\n<p style=\"text-align: center;\">Foto: Claudio Pomares<\/p>\n<p style=\"text-align: center;\"><a href=\"https:\/\/www.huelvaysusfotografos.com\/wp-content\/uploads\/2015\/07\/Claudio-Pomares-2.jpg\"><img loading=\"lazy\" decoding=\"async\" width=\"300\" height=\"200\" class=\"aligncenter size-medium wp-image-4393\" src=\"https:\/\/www.huelvaysusfotografos.com\/wp-content\/uploads\/2015\/07\/Claudio-Pomares-2-300x200.jpg\" alt=\"Claudio Pomares 2\" srcset=\"https:\/\/www.huelvaysusfotografos.com\/wp-content\/uploads\/2015\/07\/Claudio-Pomares-2-300x200.jpg 300w, https:\/\/www.huelvaysusfotografos.com\/wp-content\/uploads\/2015\/07\/Claudio-Pomares-2-1024x683.jpg 1024w, https:\/\/www.huelvaysusfotografos.com\/wp-content\/uploads\/2015\/07\/Claudio-Pomares-2-768x512.jpg 768w, https:\/\/www.huelvaysusfotografos.com\/wp-content\/uploads\/2015\/07\/Claudio-Pomares-2-1536x1024.jpg 1536w, https:\/\/www.huelvaysusfotografos.com\/wp-content\/uploads\/2015\/07\/Claudio-Pomares-2-120x80.jpg 120w, https:\/\/www.huelvaysusfotografos.com\/wp-content\/uploads\/2015\/07\/Claudio-Pomares-2.jpg 2048w\" sizes=\"auto, (max-width: 300px) 100vw, 300px\" \/><\/a><\/p>\n<p style=\"text-align: center;\">Foto: Claudio Pomares<\/p>\n","protected":false},"excerpt":{"rendered":"<p>El pasado 25 de julio, Huelva y sus Fot\u00f3grafos organiz\u00f3 una Quedada entre el atardecer y la noche para fotografiar el entorno minero de Tharsis. Aunque ha sido un lugar visitado por nuestros socios de en varias ocasiones, a\u00fan hab\u00eda algunos que no lo hab\u00edan visitado, y coincidiendo con la \u00a0interesante propuesta de la\u00a0empresa \u00abA CIELO ABIERTO\u00bb que lleva varios a\u00f1os trabajando en la zona dando a conocer y poniendo<\/p>\n<div class=\"belowpost\"><a class=\"btnmore\" href=\"https:\/\/www.huelvaysusfotografos.com\/?p=4375\">Seguir leyendo<\/a><\/div>\n","protected":false},"author":41,"featured_media":4376,"comment_status":"open","ping_status":"open","sticky":false,"template":"","format":"standard","meta":{"footnotes":"","_links_to":"","_links_to_target":""},"categories":[3],"tags":[],"class_list":["post-4375","post","type-post","status-publish","format-standard","has-post-thumbnail","hentry","category-noticias"],"_links":{"self":[{"href":"https:\/\/www.huelvaysusfotografos.com\/index.php?rest_route=\/wp\/v2\/posts\/4375","targetHints":{"allow":["GET"]}}],"collection":[{"href":"https:\/\/www.huelvaysusfotografos.com\/index.php?rest_route=\/wp\/v2\/posts"}],"about":[{"href":"https:\/\/www.huelvaysusfotografos.com\/index.php?rest_route=\/wp\/v2\/types\/post"}],"author":[{"embeddable":true,"href":"https:\/\/www.huelvaysusfotografos.com\/index.php?rest_route=\/wp\/v2\/users\/41"}],"replies":[{"embeddable":true,"href":"https:\/\/www.huelvaysusfotografos.com\/index.php?rest_route=%2Fwp%2Fv2%2Fcomments&post=4375"}],"version-history":[{"count":7,"href":"https:\/\/www.huelvaysusfotografos.com\/index.php?rest_route=\/wp\/v2\/posts\/4375\/revisions"}],"predecessor-version":[{"id":4394,"href":"https:\/\/www.huelvaysusfotografos.com\/index.php?rest_route=\/wp\/v2\/posts\/4375\/revisions\/4394"}],"wp:featuredmedia":[{"embeddable":true,"href":"https:\/\/www.huelvaysusfotografos.com\/index.php?rest_route=\/wp\/v2\/media\/4376"}],"wp:attachment":[{"href":"https:\/\/www.huelvaysusfotografos.com\/index.php?rest_route=%2Fwp%2Fv2%2Fmedia&parent=4375"}],"wp:term":[{"taxonomy":"category","embeddable":true,"href":"https:\/\/www.huelvaysusfotografos.com\/index.php?rest_route=%2Fwp%2Fv2%2Fcategories&post=4375"},{"taxonomy":"post_tag","embeddable":true,"href":"https:\/\/www.huelvaysusfotografos.com\/index.php?rest_route=%2Fwp%2Fv2%2Ftags&post=4375"}],"curies":[{"name":"wp","href":"https:\/\/api.w.org\/{rel}","templated":true}]}}