{"id":4371,"date":"2015-07-26T19:36:12","date_gmt":"2015-07-26T18:36:12","guid":{"rendered":"http:\/\/www.huelvaysusfotografos.com\/?p=4371"},"modified":"2015-07-26T19:41:44","modified_gmt":"2015-07-26T18:41:44","slug":"nuestro-socio-jm-brea-expone-en-1900-bar-huelva","status":"publish","type":"post","link":"https:\/\/www.huelvaysusfotografos.com\/?p=4371","title":{"rendered":"Nuestro socio JM Brea expone en 1900 Bar (Huelva)"},"content":{"rendered":"<p>&nbsp;<\/p>\n<p>Hace algunos d\u00edas Mat\u00edas Brea, socio de HYSF, inaugur\u00f3 esta on\u00edrica exposici\u00f3n en el conocido Bar 1900, situado en la Calle Garc\u00ed Fern\u00e1ndez de Huelva<\/p>\n<p>Bajo el t\u00edtulo \u00abGanas de Volar\u00bb, Brea muestra 8\u00a0fotograf\u00edas que fueron su \u00a0proyecto final del Ciclo Superior de Fotograf\u00eda Art\u00edstica\u00a0de la Escuela de Arte y Oficios Le\u00f3n Ortega de Huelva. La muestra estar\u00e1 hasta el 5 de agosto, por lo que, si a\u00fan no la has visitada, a\u00fan est\u00e1s a tiempo.<\/p>\n<p><a href=\"https:\/\/www.huelvaysusfotografos.com\/wp-content\/uploads\/2015\/07\/11728790_882675491804610_1341707476756736562_o1.jpg\"><img loading=\"lazy\" decoding=\"async\" width=\"212\" height=\"300\" class=\"aligncenter size-medium wp-image-4372\" src=\"https:\/\/www.huelvaysusfotografos.com\/wp-content\/uploads\/2015\/07\/11728790_882675491804610_1341707476756736562_o1-212x300.jpg\" alt=\"11728790_882675491804610_1341707476756736562_o\" srcset=\"https:\/\/www.huelvaysusfotografos.com\/wp-content\/uploads\/2015\/07\/11728790_882675491804610_1341707476756736562_o1-212x300.jpg 212w, https:\/\/www.huelvaysusfotografos.com\/wp-content\/uploads\/2015\/07\/11728790_882675491804610_1341707476756736562_o1-724x1024.jpg 724w, https:\/\/www.huelvaysusfotografos.com\/wp-content\/uploads\/2015\/07\/11728790_882675491804610_1341707476756736562_o1-768x1086.jpg 768w, https:\/\/www.huelvaysusfotografos.com\/wp-content\/uploads\/2015\/07\/11728790_882675491804610_1341707476756736562_o1-1086x1536.jpg 1086w, https:\/\/www.huelvaysusfotografos.com\/wp-content\/uploads\/2015\/07\/11728790_882675491804610_1341707476756736562_o1.jpg 1448w\" sizes=\"auto, (max-width: 212px) 100vw, 212px\" \/><\/a><\/p>\n<p>&nbsp;<\/p>\n<p>&nbsp;<\/p>\n<p>Para saber m\u00e1s:<a href=\"http:\/\/huelvabuenasnoticias.com\/2015\/07\/21\/matias-brea-indaga-en-el-sueno-humano-de-volar-en-una-exposicion-fotografica\/\">\u00a0http:\/\/huelvabuenasnoticias.com\/2015\/07\/21\/matias-brea-indaga-en-el-sueno-humano-de-volar-en-una-exposicion-fotografica\/\u00a0<\/a><\/p>\n","protected":false},"excerpt":{"rendered":"<p>&nbsp; Hace algunos d\u00edas Mat\u00edas Brea, socio de HYSF, inaugur\u00f3 esta on\u00edrica exposici\u00f3n en el conocido Bar 1900, situado en la Calle Garc\u00ed Fern\u00e1ndez de Huelva Bajo el t\u00edtulo \u00abGanas de Volar\u00bb, Brea muestra 8\u00a0fotograf\u00edas que fueron su \u00a0proyecto final del Ciclo Superior de Fotograf\u00eda Art\u00edstica\u00a0de la Escuela de Arte y Oficios Le\u00f3n Ortega de Huelva. La muestra estar\u00e1 hasta el 5 de agosto, por lo que, si a\u00fan no<\/p>\n<div class=\"belowpost\"><a class=\"btnmore\" href=\"https:\/\/www.huelvaysusfotografos.com\/?p=4371\">Seguir leyendo<\/a><\/div>\n","protected":false},"author":41,"featured_media":4374,"comment_status":"open","ping_status":"open","sticky":false,"template":"","format":"standard","meta":{"footnotes":"","_links_to":"","_links_to_target":""},"categories":[3],"tags":[],"class_list":["post-4371","post","type-post","status-publish","format-standard","has-post-thumbnail","hentry","category-noticias"],"_links":{"self":[{"href":"https:\/\/www.huelvaysusfotografos.com\/index.php?rest_route=\/wp\/v2\/posts\/4371","targetHints":{"allow":["GET"]}}],"collection":[{"href":"https:\/\/www.huelvaysusfotografos.com\/index.php?rest_route=\/wp\/v2\/posts"}],"about":[{"href":"https:\/\/www.huelvaysusfotografos.com\/index.php?rest_route=\/wp\/v2\/types\/post"}],"author":[{"embeddable":true,"href":"https:\/\/www.huelvaysusfotografos.com\/index.php?rest_route=\/wp\/v2\/users\/41"}],"replies":[{"embeddable":true,"href":"https:\/\/www.huelvaysusfotografos.com\/index.php?rest_route=%2Fwp%2Fv2%2Fcomments&post=4371"}],"version-history":[{"count":1,"href":"https:\/\/www.huelvaysusfotografos.com\/index.php?rest_route=\/wp\/v2\/posts\/4371\/revisions"}],"predecessor-version":[{"id":4373,"href":"https:\/\/www.huelvaysusfotografos.com\/index.php?rest_route=\/wp\/v2\/posts\/4371\/revisions\/4373"}],"wp:featuredmedia":[{"embeddable":true,"href":"https:\/\/www.huelvaysusfotografos.com\/index.php?rest_route=\/wp\/v2\/media\/4374"}],"wp:attachment":[{"href":"https:\/\/www.huelvaysusfotografos.com\/index.php?rest_route=%2Fwp%2Fv2%2Fmedia&parent=4371"}],"wp:term":[{"taxonomy":"category","embeddable":true,"href":"https:\/\/www.huelvaysusfotografos.com\/index.php?rest_route=%2Fwp%2Fv2%2Fcategories&post=4371"},{"taxonomy":"post_tag","embeddable":true,"href":"https:\/\/www.huelvaysusfotografos.com\/index.php?rest_route=%2Fwp%2Fv2%2Ftags&post=4371"}],"curies":[{"name":"wp","href":"https:\/\/api.w.org\/{rel}","templated":true}]}}