{"id":4327,"date":"2015-07-14T15:42:49","date_gmt":"2015-07-14T14:42:49","guid":{"rendered":"http:\/\/www.huelvaysusfotografos.com\/?p=4327"},"modified":"2015-07-15T15:24:00","modified_gmt":"2015-07-15T14:24:00","slug":"julio-y-la-fotografia","status":"publish","type":"post","link":"https:\/\/www.huelvaysusfotografos.com\/?p=4327","title":{"rendered":"Julio y la fotograf\u00eda"},"content":{"rendered":"<p>Os dejamos un recopilatorio de eventos fotogr\u00e1ficos pr\u00f3ximos:<\/p>\n<p>&nbsp;<\/p>\n<h1><a href=\"https:\/\/www.huelvaysusfotografos.com\/wp-content\/uploads\/2015\/07\/Julio-y-la-fotografia.jpg\"><br \/>\n<\/a>LIBROS<\/h1>\n<p>&#8211; D\u00eda 14 de julio a las 21:00h.\u00a0Presentaci\u00f3n y firma de ejemplares del nuevo libro de fotograf\u00edas de H\u00e9ctor Garrido:\u00a0FRACTALES, Anatom\u00eda \u00edntima de la marisma. Son una exposici\u00f3n de paisajes, que a vista de p\u00e1jaro, y a trav\u00e9s de estas p\u00e1ginas permiten admirar y sentir la hermosura de la marisma del Guadalquivir. Aqu\u00ed est\u00e1n las fotograf\u00edas que inspiraron la pel\u00edcula: La Isla M\u00ednima. Centro de Arte Harina de Otro Costa. C\/Bojeo de Trigueros.<\/p>\n<p><a href=\"https:\/\/www.huelvaysusfotografos.com\/wp-content\/uploads\/2015\/07\/11750604_841955262520394_5555145967305186677_n.jpg\"><img loading=\"lazy\" decoding=\"async\" width=\"300\" height=\"203\" class=\" size-medium wp-image-4333 aligncenter\" src=\"https:\/\/www.huelvaysusfotografos.com\/wp-content\/uploads\/2015\/07\/11750604_841955262520394_5555145967305186677_n-300x203.jpg\" alt=\"11750604_841955262520394_5555145967305186677_n\" srcset=\"https:\/\/www.huelvaysusfotografos.com\/wp-content\/uploads\/2015\/07\/11750604_841955262520394_5555145967305186677_n-300x203.jpg 300w, https:\/\/www.huelvaysusfotografos.com\/wp-content\/uploads\/2015\/07\/11750604_841955262520394_5555145967305186677_n-768x520.jpg 768w, https:\/\/www.huelvaysusfotografos.com\/wp-content\/uploads\/2015\/07\/11750604_841955262520394_5555145967305186677_n-120x80.jpg 120w, https:\/\/www.huelvaysusfotografos.com\/wp-content\/uploads\/2015\/07\/11750604_841955262520394_5555145967305186677_n.jpg 850w\" sizes=\"auto, (max-width: 300px) 100vw, 300px\" \/><\/a><\/p>\n<h1>CONCURSOS<\/h1>\n<p>&#8211; Hasta el 18 de julio (se amplia el plazo). ZooMmazag\u00f3n. Hotel Albaida Natura de Mazag\u00f3n. Informaci\u00f3n:\u00a0informacion@hotelalbaida.com<\/p>\n<p><a href=\"https:\/\/www.huelvaysusfotografos.com\/wp-content\/uploads\/2015\/07\/10928929_854356224620333_2881181479689231041_o.jpg\"><img loading=\"lazy\" decoding=\"async\" width=\"218\" height=\"300\" class=\" size-medium wp-image-4341 aligncenter\" src=\"https:\/\/www.huelvaysusfotografos.com\/wp-content\/uploads\/2015\/07\/10928929_854356224620333_2881181479689231041_o-218x300.jpg\" alt=\"10928929_854356224620333_2881181479689231041_o\" srcset=\"https:\/\/www.huelvaysusfotografos.com\/wp-content\/uploads\/2015\/07\/10928929_854356224620333_2881181479689231041_o-218x300.jpg 218w, https:\/\/www.huelvaysusfotografos.com\/wp-content\/uploads\/2015\/07\/10928929_854356224620333_2881181479689231041_o-743x1024.jpg 743w, https:\/\/www.huelvaysusfotografos.com\/wp-content\/uploads\/2015\/07\/10928929_854356224620333_2881181479689231041_o-768x1059.jpg 768w, https:\/\/www.huelvaysusfotografos.com\/wp-content\/uploads\/2015\/07\/10928929_854356224620333_2881181479689231041_o.jpg 779w\" sizes=\"auto, (max-width: 218px) 100vw, 218px\" \/><\/a><\/p>\n<p>&nbsp;<\/p>\n<p>&nbsp;<\/p>\n<p>&#8211; Hasta el 17 de julio. Concurso Saca de las Yeguas 2015. Informaci\u00f3n: <a href=\"http:\/\/www.do\u00f1anasue\u00f1a.com\/concurso\/\">www.donanasuena.com\/concurso<\/a><\/p>\n<p><a href=\"https:\/\/www.huelvaysusfotografos.com\/wp-content\/uploads\/2015\/07\/11393267_829126897170229_4395632224993053559_o.jpg\"><img loading=\"lazy\" decoding=\"async\" width=\"300\" height=\"193\" class=\"size-medium wp-image-4329 aligncenter\" src=\"https:\/\/www.huelvaysusfotografos.com\/wp-content\/uploads\/2015\/07\/11393267_829126897170229_4395632224993053559_o-300x193.jpg\" alt=\"11393267_829126897170229_4395632224993053559_o\" srcset=\"https:\/\/www.huelvaysusfotografos.com\/wp-content\/uploads\/2015\/07\/11393267_829126897170229_4395632224993053559_o-300x193.jpg 300w, https:\/\/www.huelvaysusfotografos.com\/wp-content\/uploads\/2015\/07\/11393267_829126897170229_4395632224993053559_o-1024x659.jpg 1024w, https:\/\/www.huelvaysusfotografos.com\/wp-content\/uploads\/2015\/07\/11393267_829126897170229_4395632224993053559_o-768x495.jpg 768w, https:\/\/www.huelvaysusfotografos.com\/wp-content\/uploads\/2015\/07\/11393267_829126897170229_4395632224993053559_o-1536x989.jpg 1536w, https:\/\/www.huelvaysusfotografos.com\/wp-content\/uploads\/2015\/07\/11393267_829126897170229_4395632224993053559_o.jpg 1781w\" sizes=\"auto, (max-width: 300px) 100vw, 300px\" \/><\/a><\/p>\n<p>&nbsp;<\/p>\n<p>&nbsp;<\/p>\n<p>&#8211; Hasta el 15 de julio. VI Certamen de Fotograf\u00eda Romer\u00eda de El Roc\u00edo 2015. Informaci\u00f3n:\u00a0<a href=\"http:\/\/www.hermandadmatrizrocio.org\/source\/2015\/Bases%202015%20VI%20Certamen%20Foto.pdf\">http:\/\/www.hermandadmatrizrocio.org\/source\/2015\/Bases%202015%20VI%20Certamen%20Foto.pd<\/a><a href=\"https:\/\/www.huelvaysusfotografos.com\/wp-content\/uploads\/2015\/07\/11088346_707880042673890_1804327218101428275_n.jpg\"><img loading=\"lazy\" decoding=\"async\" width=\"209\" height=\"300\" class=\" size-medium wp-image-4331 aligncenter\" src=\"https:\/\/www.huelvaysusfotografos.com\/wp-content\/uploads\/2015\/07\/11088346_707880042673890_1804327218101428275_n-209x300.jpg\" alt=\"11088346_707880042673890_1804327218101428275_n\" srcset=\"https:\/\/www.huelvaysusfotografos.com\/wp-content\/uploads\/2015\/07\/11088346_707880042673890_1804327218101428275_n-209x300.jpg 209w, https:\/\/www.huelvaysusfotografos.com\/wp-content\/uploads\/2015\/07\/11088346_707880042673890_1804327218101428275_n.jpg 502w\" sizes=\"auto, (max-width: 209px) 100vw, 209px\" \/><\/a><\/p>\n<p>&nbsp;<\/p>\n<p>&#8211; Hasta el 31 de agosto. III Convocatoria del Concurso Encuadre de Fundaci\u00f3n Atl\u00e1ntic Cooper. Informaci\u00f3n:\u00a0<a href=\"http:\/\/fundacion.atlantic-copper.com\/wp-content\/uploads\/2014\/03\/Bases-3\u00aa-edici\u00f3n-Concurso-Fotogr\u00e1fico-enCuadre.pdf\">http:\/\/fundacion.atlantic-copper.com\/wp-content\/uploads\/2014\/03\/Bases-3\u00aa-edici\u00f3n-Concurso-Fotogr\u00e1fico-enCuadre.pdf<\/a><\/p>\n<p><a href=\"https:\/\/www.huelvaysusfotografos.com\/wp-content\/uploads\/2015\/07\/Encuadre-cartel2015.jpg\"><img loading=\"lazy\" decoding=\"async\" width=\"212\" height=\"300\" class=\"aligncenter size-medium wp-image-4363\" src=\"https:\/\/www.huelvaysusfotografos.com\/wp-content\/uploads\/2015\/07\/Encuadre-cartel2015-212x300.jpg\" alt=\"Encuadre-cartel2015\" srcset=\"https:\/\/www.huelvaysusfotografos.com\/wp-content\/uploads\/2015\/07\/Encuadre-cartel2015-212x300.jpg 212w, https:\/\/www.huelvaysusfotografos.com\/wp-content\/uploads\/2015\/07\/Encuadre-cartel2015.jpg 481w\" sizes=\"auto, (max-width: 212px) 100vw, 212px\" \/><\/a><\/p>\n<p>&nbsp;<\/p>\n<p>&#8211; Hasta el\u00a030 de septiembre. 3\u00aa CONCURSO DE FOTOGRAF\u00cdA DEPORTIVA EUROCIUDAD DEL GUADIANA.\u00a0Pruebas a fotografiar:\u00a0D\u00eda 16 de agosto. XX Carrera Player.\u00a0D\u00eda 29 y 30 de agosto. XXXI Ascenso y Descenso a Vela R\u00edo Guadiana.D\u00eda 26 de septiembre. 22\u00aa Regata Internacional de Pirag\u00fcismo.\u00a0Informaci\u00f3n: <a href=\"mailto:pmd@ayamonte.es\">pmd@ayamonte.es<\/a> y <a href=\"http:\/\/www.turismodepoertivoayamonte.es\">www.turismodepoertivoayamonte.es<\/a><\/p>\n<p><a href=\"https:\/\/www.huelvaysusfotografos.com\/wp-content\/uploads\/2015\/07\/CARTEL_CONCURSO_FOTOGRAFICO.jpg\"><img loading=\"lazy\" decoding=\"async\" width=\"212\" height=\"300\" class=\"aligncenter size-medium wp-image-4359\" src=\"https:\/\/www.huelvaysusfotografos.com\/wp-content\/uploads\/2015\/07\/CARTEL_CONCURSO_FOTOGRAFICO-212x300.jpg\" alt=\"CARTEL_CONCURSO_FOTOGRAFICO\" srcset=\"https:\/\/www.huelvaysusfotografos.com\/wp-content\/uploads\/2015\/07\/CARTEL_CONCURSO_FOTOGRAFICO-212x300.jpg 212w, https:\/\/www.huelvaysusfotografos.com\/wp-content\/uploads\/2015\/07\/CARTEL_CONCURSO_FOTOGRAFICO-724x1024.jpg 724w, https:\/\/www.huelvaysusfotografos.com\/wp-content\/uploads\/2015\/07\/CARTEL_CONCURSO_FOTOGRAFICO-768x1086.jpg 768w, https:\/\/www.huelvaysusfotografos.com\/wp-content\/uploads\/2015\/07\/CARTEL_CONCURSO_FOTOGRAFICO-1086x1536.jpg 1086w, https:\/\/www.huelvaysusfotografos.com\/wp-content\/uploads\/2015\/07\/CARTEL_CONCURSO_FOTOGRAFICO-1448x2048.jpg 1448w, https:\/\/www.huelvaysusfotografos.com\/wp-content\/uploads\/2015\/07\/CARTEL_CONCURSO_FOTOGRAFICO-scaled.jpg 1810w\" sizes=\"auto, (max-width: 212px) 100vw, 212px\" \/><\/a><\/p>\n<p>&#8211; Del 1 de julio al 30 de septiembre. Huelva a trav\u00e9s de la fotograf\u00eda: Huelva y sus Fiestas. Informaci\u00f3n:\u00a0<a href=\"http:\/\/www.1arte.com\/showconcurso.php?estilo=5&amp;concurso=16278\">http:\/\/www.1arte.com\/showconcurso.php?estilo=5&amp;concurso=16278<\/a><\/p>\n<p><a href=\"https:\/\/www.huelvaysusfotografos.com\/wp-content\/uploads\/2015\/07\/11713924_978140985539266_862341555386893199_o.jpg\"><img loading=\"lazy\" decoding=\"async\" width=\"223\" height=\"300\" class=\"aligncenter size-medium wp-image-4357\" src=\"https:\/\/www.huelvaysusfotografos.com\/wp-content\/uploads\/2015\/07\/11713924_978140985539266_862341555386893199_o-223x300.jpg\" alt=\"11713924_978140985539266_862341555386893199_o\" srcset=\"https:\/\/www.huelvaysusfotografos.com\/wp-content\/uploads\/2015\/07\/11713924_978140985539266_862341555386893199_o-223x300.jpg 223w, https:\/\/www.huelvaysusfotografos.com\/wp-content\/uploads\/2015\/07\/11713924_978140985539266_862341555386893199_o.jpg 713w\" sizes=\"auto, (max-width: 223px) 100vw, 223px\" \/><\/a><\/p>\n<h1>EXPOSICIONES<\/h1>\n<p>&#8211; Del 16 de julio (inauguraci\u00f3n a las 21:30 h.) y hasta el 5 de agosto. Ganas de Volar, fotograf\u00edas de Mat\u00edas Brea. En Sala Bar 1900. C\/Garc\u00ed Fern\u00e1ndez 10. Huelva<\/p>\n<p style=\"text-align: left;\"><a href=\"https:\/\/www.huelvaysusfotografos.com\/wp-content\/uploads\/2015\/07\/11728790_882675491804610_1341707476756736562_o.jpg\"><img loading=\"lazy\" decoding=\"async\" width=\"212\" height=\"300\" class=\" size-medium wp-image-4330 aligncenter\" src=\"https:\/\/www.huelvaysusfotografos.com\/wp-content\/uploads\/2015\/07\/11728790_882675491804610_1341707476756736562_o-212x300.jpg\" alt=\"11728790_882675491804610_1341707476756736562_o\" srcset=\"https:\/\/www.huelvaysusfotografos.com\/wp-content\/uploads\/2015\/07\/11728790_882675491804610_1341707476756736562_o-212x300.jpg 212w, https:\/\/www.huelvaysusfotografos.com\/wp-content\/uploads\/2015\/07\/11728790_882675491804610_1341707476756736562_o-724x1024.jpg 724w, https:\/\/www.huelvaysusfotografos.com\/wp-content\/uploads\/2015\/07\/11728790_882675491804610_1341707476756736562_o-768x1086.jpg 768w, https:\/\/www.huelvaysusfotografos.com\/wp-content\/uploads\/2015\/07\/11728790_882675491804610_1341707476756736562_o-1086x1536.jpg 1086w, https:\/\/www.huelvaysusfotografos.com\/wp-content\/uploads\/2015\/07\/11728790_882675491804610_1341707476756736562_o.jpg 1448w\" sizes=\"auto, (max-width: 212px) 100vw, 212px\" \/><\/a><\/p>\n<p style=\"text-align: left;\">&#8211; Hasta el 17 de julio. Caminantes en blanco y negro. Fotograf\u00edas de Juan Carlos Ordo\u00f1ez y Javier P\u00e9rez. Biblioteca Municipal de Tharsis<\/p>\n<p style=\"text-align: left;\"><a href=\"https:\/\/www.huelvaysusfotografos.com\/wp-content\/uploads\/2015\/07\/11224377_900980013309157_7413747098910612000_n.jpg\"><img loading=\"lazy\" decoding=\"async\" width=\"212\" height=\"300\" class=\" size-medium wp-image-4338 aligncenter\" src=\"https:\/\/www.huelvaysusfotografos.com\/wp-content\/uploads\/2015\/07\/11224377_900980013309157_7413747098910612000_n-212x300.jpg\" alt=\"11224377_900980013309157_7413747098910612000_n\" srcset=\"https:\/\/www.huelvaysusfotografos.com\/wp-content\/uploads\/2015\/07\/11224377_900980013309157_7413747098910612000_n-212x300.jpg 212w, https:\/\/www.huelvaysusfotografos.com\/wp-content\/uploads\/2015\/07\/11224377_900980013309157_7413747098910612000_n.jpg 679w\" sizes=\"auto, (max-width: 212px) 100vw, 212px\" \/><\/a><\/p>\n<p style=\"text-align: left;\">&#8211; Todos los jueves de julio, a partir de las 23:00 h. Proyecciones de fotograf\u00edas. Alcavar\u00e1n Bar. C\/Jos\u00e9 P\u00e9rez Barroso 28. Ayamonte<\/p>\n<p><a href=\"https:\/\/www.huelvaysusfotografos.com\/wp-content\/uploads\/2015\/07\/11181322_894305087309983_4712823977721164131_n.jpg\"><img loading=\"lazy\" decoding=\"async\" width=\"209\" height=\"300\" class=\" size-medium wp-image-4339 aligncenter\" src=\"https:\/\/www.huelvaysusfotografos.com\/wp-content\/uploads\/2015\/07\/11181322_894305087309983_4712823977721164131_n-209x300.jpg\" alt=\"11181322_894305087309983_4712823977721164131_n\" srcset=\"https:\/\/www.huelvaysusfotografos.com\/wp-content\/uploads\/2015\/07\/11181322_894305087309983_4712823977721164131_n-209x300.jpg 209w, https:\/\/www.huelvaysusfotografos.com\/wp-content\/uploads\/2015\/07\/11181322_894305087309983_4712823977721164131_n.jpg 669w\" sizes=\"auto, (max-width: 209px) 100vw, 209px\" \/><\/a><\/p>\n<p>&nbsp;<\/p>\n<p>&nbsp;<\/p>\n<p style=\"text-align: left;\">&#8211; Hasta el 17 de julio. Expo\u00c1frica. Fotograf\u00edas del Congo (solidaria). Teatro Espa\u00f1a. La Palma del Condado<\/p>\n<p style=\"text-align: left;\"><a href=\"https:\/\/www.huelvaysusfotografos.com\/wp-content\/uploads\/2015\/07\/CarteLaPalmamail.jpg\"><img loading=\"lazy\" decoding=\"async\" width=\"212\" height=\"300\" class=\"aligncenter size-medium wp-image-4366\" src=\"https:\/\/www.huelvaysusfotografos.com\/wp-content\/uploads\/2015\/07\/CarteLaPalmamail-212x300.jpg\" alt=\"CarteLaPalmamail\" srcset=\"https:\/\/www.huelvaysusfotografos.com\/wp-content\/uploads\/2015\/07\/CarteLaPalmamail-212x300.jpg 212w, https:\/\/www.huelvaysusfotografos.com\/wp-content\/uploads\/2015\/07\/CarteLaPalmamail.jpg 481w\" sizes=\"auto, (max-width: 212px) 100vw, 212px\" \/><\/a><\/p>\n<p style=\"text-align: left;\">\n<p style=\"text-align: left;\">&#8211; Hasta el 31 de julio. La Memoria de Vuelta. Fotograf\u00edas de Manuel Carvajal. Campus Santa Mar\u00eda de La R\u00e1bida. Palos de la Frontera<\/p>\n<p style=\"text-align: left;\"><a href=\"https:\/\/www.huelvaysusfotografos.com\/wp-content\/uploads\/2015\/07\/memoria_foto.jpg\"><img loading=\"lazy\" decoding=\"async\" width=\"300\" height=\"203\" class=\"aligncenter size-medium wp-image-4361\" src=\"https:\/\/www.huelvaysusfotografos.com\/wp-content\/uploads\/2015\/07\/memoria_foto-300x203.jpg\" alt=\"memoria_foto\" srcset=\"https:\/\/www.huelvaysusfotografos.com\/wp-content\/uploads\/2015\/07\/memoria_foto-300x203.jpg 300w, https:\/\/www.huelvaysusfotografos.com\/wp-content\/uploads\/2015\/07\/memoria_foto-1024x694.jpg 1024w, https:\/\/www.huelvaysusfotografos.com\/wp-content\/uploads\/2015\/07\/memoria_foto-768x520.jpg 768w, https:\/\/www.huelvaysusfotografos.com\/wp-content\/uploads\/2015\/07\/memoria_foto-120x80.jpg 120w, https:\/\/www.huelvaysusfotografos.com\/wp-content\/uploads\/2015\/07\/memoria_foto.jpg 1104w\" sizes=\"auto, (max-width: 300px) 100vw, 300px\" \/><\/a><\/p>\n<p style=\"text-align: left;\">&#8211; Del 17 al 30 de julio. La ciudad respira y conserva su alma. Fotograf\u00edas de Luca Pernigo. Casa Grande. Ayamonte.<\/p>\n<p style=\"text-align: left;\"><a href=\"https:\/\/www.huelvaysusfotografos.com\/wp-content\/uploads\/2015\/07\/885758_10204413301839527_6511597772085368224_o.jpg\"><img loading=\"lazy\" decoding=\"async\" width=\"200\" height=\"300\" class=\"aligncenter size-medium wp-image-4344\" src=\"https:\/\/www.huelvaysusfotografos.com\/wp-content\/uploads\/2015\/07\/885758_10204413301839527_6511597772085368224_o-200x300.jpg\" alt=\"885758_10204413301839527_6511597772085368224_o\" srcset=\"https:\/\/www.huelvaysusfotografos.com\/wp-content\/uploads\/2015\/07\/885758_10204413301839527_6511597772085368224_o-200x300.jpg 200w, https:\/\/www.huelvaysusfotografos.com\/wp-content\/uploads\/2015\/07\/885758_10204413301839527_6511597772085368224_o-683x1024.jpg 683w, https:\/\/www.huelvaysusfotografos.com\/wp-content\/uploads\/2015\/07\/885758_10204413301839527_6511597772085368224_o-768x1152.jpg 768w, https:\/\/www.huelvaysusfotografos.com\/wp-content\/uploads\/2015\/07\/885758_10204413301839527_6511597772085368224_o-1024x1536.jpg 1024w, https:\/\/www.huelvaysusfotografos.com\/wp-content\/uploads\/2015\/07\/885758_10204413301839527_6511597772085368224_o.jpg 1365w\" sizes=\"auto, (max-width: 200px) 100vw, 200px\" \/><\/a><\/p>\n<p style=\"text-align: left;\">&#8211; Hasta el 31 de agosto. Fotograf\u00edas de Jorge Arriaza Hilinger. Kal\u00f3 (Espacio Cultural). El Portil<br \/>\n<a href=\"https:\/\/www.huelvaysusfotografos.com\/wp-content\/uploads\/2015\/07\/11241790_1163565247002656_4658452489820284661_n.jpg\"><img loading=\"lazy\" decoding=\"async\" width=\"260\" height=\"300\" class=\"aligncenter size-medium wp-image-4360\" src=\"https:\/\/www.huelvaysusfotografos.com\/wp-content\/uploads\/2015\/07\/11241790_1163565247002656_4658452489820284661_n-260x300.jpg\" alt=\"11241790_1163565247002656_4658452489820284661_n\" srcset=\"https:\/\/www.huelvaysusfotografos.com\/wp-content\/uploads\/2015\/07\/11241790_1163565247002656_4658452489820284661_n-260x300.jpg 260w, https:\/\/www.huelvaysusfotografos.com\/wp-content\/uploads\/2015\/07\/11241790_1163565247002656_4658452489820284661_n-768x886.jpg 768w, https:\/\/www.huelvaysusfotografos.com\/wp-content\/uploads\/2015\/07\/11241790_1163565247002656_4658452489820284661_n.jpg 832w\" sizes=\"auto, (max-width: 260px) 100vw, 260px\" \/><\/a><\/p>\n<h1 style=\"text-align: left;\">FORMACI\u00d3N<\/h1>\n<p style=\"text-align: left;\">&#8211; Del 17 de julio al 19 de agosto (lunes y mi\u00e9rcoles de 12:00 a 13:30 h.) Curso de iniciaci\u00f3n al retoque fotogr\u00e1fico. Centro Guadalinfo. Villablanca<\/p>\n<p><a href=\"https:\/\/www.huelvaysusfotografos.com\/wp-content\/uploads\/2015\/07\/11222559_871408622950374_6270501441084139550_o.jpg\"><img loading=\"lazy\" decoding=\"async\" width=\"300\" height=\"212\" class=\" size-medium wp-image-4336 aligncenter\" src=\"https:\/\/www.huelvaysusfotografos.com\/wp-content\/uploads\/2015\/07\/11222559_871408622950374_6270501441084139550_o-300x212.jpg\" alt=\"11222559_871408622950374_6270501441084139550_o\" srcset=\"https:\/\/www.huelvaysusfotografos.com\/wp-content\/uploads\/2015\/07\/11222559_871408622950374_6270501441084139550_o-300x212.jpg 300w, https:\/\/www.huelvaysusfotografos.com\/wp-content\/uploads\/2015\/07\/11222559_871408622950374_6270501441084139550_o-1024x724.jpg 1024w, https:\/\/www.huelvaysusfotografos.com\/wp-content\/uploads\/2015\/07\/11222559_871408622950374_6270501441084139550_o-768x543.jpg 768w, https:\/\/www.huelvaysusfotografos.com\/wp-content\/uploads\/2015\/07\/11222559_871408622950374_6270501441084139550_o-1536x1086.jpg 1536w, https:\/\/www.huelvaysusfotografos.com\/wp-content\/uploads\/2015\/07\/11222559_871408622950374_6270501441084139550_o.jpg 2048w\" sizes=\"auto, (max-width: 300px) 100vw, 300px\" \/><\/a><\/p>\n<p>&nbsp;<\/p>\n<p>&nbsp;<\/p>\n","protected":false},"excerpt":{"rendered":"<p>Os dejamos un recopilatorio de eventos fotogr\u00e1ficos pr\u00f3ximos: &nbsp; LIBROS &#8211; D\u00eda 14 de julio a las 21:00h.\u00a0Presentaci\u00f3n y firma de ejemplares del nuevo libro de fotograf\u00edas de H\u00e9ctor Garrido:\u00a0FRACTALES, Anatom\u00eda \u00edntima de la marisma. Son una exposici\u00f3n de paisajes, que a vista de p\u00e1jaro, y a trav\u00e9s de estas p\u00e1ginas permiten admirar y sentir la hermosura de la marisma del Guadalquivir. Aqu\u00ed est\u00e1n las fotograf\u00edas que inspiraron la pel\u00edcula:<\/p>\n<div class=\"belowpost\"><a class=\"btnmore\" href=\"https:\/\/www.huelvaysusfotografos.com\/?p=4327\">Seguir leyendo<\/a><\/div>\n","protected":false},"author":41,"featured_media":4349,"comment_status":"open","ping_status":"open","sticky":false,"template":"","format":"standard","meta":{"footnotes":"","_links_to":"","_links_to_target":""},"categories":[4],"tags":[],"class_list":["post-4327","post","type-post","status-publish","format-standard","has-post-thumbnail","hentry","category-actividades"],"_links":{"self":[{"href":"https:\/\/www.huelvaysusfotografos.com\/index.php?rest_route=\/wp\/v2\/posts\/4327","targetHints":{"allow":["GET"]}}],"collection":[{"href":"https:\/\/www.huelvaysusfotografos.com\/index.php?rest_route=\/wp\/v2\/posts"}],"about":[{"href":"https:\/\/www.huelvaysusfotografos.com\/index.php?rest_route=\/wp\/v2\/types\/post"}],"author":[{"embeddable":true,"href":"https:\/\/www.huelvaysusfotografos.com\/index.php?rest_route=\/wp\/v2\/users\/41"}],"replies":[{"embeddable":true,"href":"https:\/\/www.huelvaysusfotografos.com\/index.php?rest_route=%2Fwp%2Fv2%2Fcomments&post=4327"}],"version-history":[{"count":18,"href":"https:\/\/www.huelvaysusfotografos.com\/index.php?rest_route=\/wp\/v2\/posts\/4327\/revisions"}],"predecessor-version":[{"id":4367,"href":"https:\/\/www.huelvaysusfotografos.com\/index.php?rest_route=\/wp\/v2\/posts\/4327\/revisions\/4367"}],"wp:featuredmedia":[{"embeddable":true,"href":"https:\/\/www.huelvaysusfotografos.com\/index.php?rest_route=\/wp\/v2\/media\/4349"}],"wp:attachment":[{"href":"https:\/\/www.huelvaysusfotografos.com\/index.php?rest_route=%2Fwp%2Fv2%2Fmedia&parent=4327"}],"wp:term":[{"taxonomy":"category","embeddable":true,"href":"https:\/\/www.huelvaysusfotografos.com\/index.php?rest_route=%2Fwp%2Fv2%2Fcategories&post=4327"},{"taxonomy":"post_tag","embeddable":true,"href":"https:\/\/www.huelvaysusfotografos.com\/index.php?rest_route=%2Fwp%2Fv2%2Ftags&post=4327"}],"curies":[{"name":"wp","href":"https:\/\/api.w.org\/{rel}","templated":true}]}}