{"id":4289,"date":"2015-07-13T23:26:27","date_gmt":"2015-07-13T22:26:27","guid":{"rendered":"http:\/\/www.huelvaysusfotografos.com\/?p=4289"},"modified":"2015-07-14T20:42:50","modified_gmt":"2015-07-14T19:42:50","slug":"encuentro-en-el-puente-internacional-del-guadiana","status":"publish","type":"post","link":"https:\/\/www.huelvaysusfotografos.com\/?p=4289","title":{"rendered":"Encuentro en el Puente Internacional del Guadiana"},"content":{"rendered":"<p>El pasado 9 de julio tuvimos una magn\u00edfica tarde-noche con colegas aficionados a la fotograf\u00eda, donde participaron miembros de NAFA\u00a0Tavira, ACAFA de Ayamonte y de nuestra Asociaci\u00f3n HYSF.<\/p>\n<p style=\"text-align: justify;\">La idea original fue de <strong>Jos\u00e9 Rosa Gon\u00e7alves <\/strong>(miembro de NAFA Tavira )\u00a0y as\u00ed\u00a0nos lo contaba \u00e9l mismo: \u00ab<em>No es un evento oficial de la Asociaci\u00f3n NAFA, he tenido la idea y habl\u00e9 con los compa\u00f1eros de NAFA para que se sumaran los que pudieran venir y fuese\u00a0punto de partida para otros futuros encuentros\u00bb.\u00a0<\/em><\/p>\n<p style=\"text-align: justify;\">Al parecer Jos\u00e9 deseaba hacer la\u00a0fotograf\u00eda del Puente Internacional del Guadiana al atardecer hace tiempo &#8211; esto nos ha pasado a muchos- donde el puente fuera el elemento principal, pero siempre lo hab\u00eda aplazado por la pereza que supone ir solo; as\u00ed que habl\u00f3 con algunos aficionados los cuales acogieron con entusiasmo la idea y a partir de ah\u00ed, a trav\u00e9s de la difusi\u00f3n en las red social Facebook la idea pudo convertirse en realidad.<\/p>\n<p style=\"text-align: justify;\">Para esto los \u00abEventos\u00bb en Facebook, funcionan de maravilla, primero invitas a unos amigos, estos invitan a otros y as\u00ed sucesivamente formando una cadena comunicativa genial, <em>\u00abesa es la ventaja de las redes sociales\u00bb<\/em>, apunta Jos\u00e9 Rosa. Y as\u00ed lleg\u00f3 a ACAFA de Ayamonte, y nos lleg\u00f3 a \u00abHuelva y sus Fot\u00f3grafos\u00bb, que a su vez hicieron la invitaci\u00f3n extensible a sus respectivos asociados. Rosa nos confiesa que no esperaba \u00a0tanta gente, por lo que aprovecha el momento para agradecer a los Presidentes de ambos colectivos de Huelva su implicaci\u00f3n.<\/p>\n<p style=\"text-align: justify;\">Le preguntamos al organizador sobre qu\u00e9 destacar\u00eda de la jornada y estas son sus palabras: <em>\u00abEn mi opini\u00f3n destacar\u00eda dos cosas, por un lado y sin lugar a dudas la pasi\u00f3n que tenemos por la fotograf\u00eda, la ilusi\u00f3n que he visto en la cara de la gente con la grand\u00edsima puesta de sol, y las buen\u00edsimas fotos que hemos hecho; solo con eso he dado por bien el tiempo que hemos invertido. Por otro lado destacar\u00eda el enlace entre dos pueblos hermanos, Espa\u00f1a y Portugal, que a m\u00ed me toca mucho porque soy mitad de cada; tambi\u00e9n hacer nuevas amistades; compartir experiencias&#8230; todos tenemos ganas porque unos conocen lugares que otros no y eso es compartir la sabidur\u00eda con el fin de que\u00a0\u00a0las personas crezcan como fot\u00f3grafos y como seres humanos\u00bb.<\/em><\/p>\n<p style=\"text-align: justify;\">Nos adelanta que\u00a0este encuentro no es un caso\u00a0aislado\u00a0y\u00a0puede servir\u00a0de lanzadera para futuras quedadas, tanto es as\u00ed que\u00a0se est\u00e1 organizando para el D\u00eda Internacional de la Fotograf\u00eda, un encuentro de fot\u00f3grafos entre Huelva, Ayamonte, Tavira, Faro y Silves.<\/p>\n<p style=\"text-align: justify;\">Tambi\u00e9n hemos querido conocer la opini\u00f3n de <strong>Manuel Gonz\u00e1lez<\/strong>, Presidente de ACAFA (Asociaci\u00f3n Cultural Amigos de la Fotograf\u00eda de Ayamonte). Nos cuenta que\u00a0\u00ab<em>ha sido\u00a0una experiencia muy agradable e interesante<\/em>. <em>Agradable por la toma de contacto de las personas que all\u00ed asistimos e interasante por que siempre se aprende algo en este tipo de\u00a0encuentros\u00bb.<\/em><\/p>\n<p style=\"text-align: justify;\">Manuel\u00a0piensa que\u00a0evidentemente hay que repetir este tipo de actos, darle m\u00e1s difusi\u00f3n en diferentes medios y entre colectivos de afici\u00f3n, para\u00a0intentar darle m\u00e1s de relevancia\u00a0y as\u00ed\u00a0lograr una mayor participacion en los mismos. A\u00fan as\u00ed el encuentro ha reunido a casi una treintena de compa\u00f1eros y compa\u00f1eras, que no est\u00e1 mal para ser algo que parte de una persona, Jos\u00e9 Rosa.\u00a0Manuel Gonz\u00e1lez, nos\u00a0adelanta\u00a0que a finales de agosto, se est\u00e1 fraguando\u00a0una quedada \u00a0entre las tres asociaciones fotogr\u00e1ficas, de la que se dar\u00e1 noticia\u00a0pr\u00f3ximamente.<\/p>\n<p style=\"text-align: justify;\">ACAFA destaca la cordialidad que ha tenido\u00a0lugar\u00a0durante el encuentro entre aficionados, ya que aunque algunos compa\u00f1eros se conoc\u00edan, la mayoria era la primera vez que coincid\u00edan. \u00a0Por otro lado constata que <em>\u00abla fotograf\u00eda no fronteras ni idiomas<\/em>\u00bb pues el mundo de la imagen es un lenguaje universal.<\/p>\n<p style=\"text-align: justify;\">Y tambi\u00e9n dese\u00e1bamos saber las impresiones que el Presidente de la \u00abAsociaci\u00f3n Huelva y sus Fot\u00f3grafos\u00bb.\u00a0<strong>Pedro J. Ruiz-Constantino P\u00e9rez<\/strong>, ha comentado\u00a0al respecto que,\u00a0<em>\u00abha sido una suerte poder compartir unas horas con los compa\u00f1eros de Ayamonte y de Tavira. Cierto que algunos ya nos conoc\u00edamos y cierto que algunos hemos fotografiado m\u00e1s de una vez el Puente Internacional del Guadiana, pero hab\u00eda compa\u00f1eros y compa\u00f1eras que ten\u00edan ese deseo hace tiempo y se pudo hacer realidad el pasado jueves\u00bb. \u00a0<\/em>Pedro puntualiza, que el echo de haberse reunido tres asociaciones ha sido muy oportuno ya que este tipo de quedadas y m\u00e1s en verano, al menos en \u00abHuelva y sus Fot\u00f3grafos\u00bb, \u00a0no tiene demasiada participaci\u00f3n. Resalta que estos 3\u00a0pueblos vecinos, cuentan con ricos entornos paisaj\u00edsticos muy propicios para ser fotografiados y que seguro continuaremos con estos lazos.\u00a0La experiencia de fotografiar un\u00a0atardecer ya es impresionante, y si adem\u00e1s viene acompa\u00f1ada por una buena compa\u00f1\u00eda y sinton\u00eda mejor a\u00fan.<\/p>\n<p style=\"text-align: justify;\">Pedro asegura que <em>\u00abya en otras ocasiones hemos coincidido miembros de las tres asociaciones, recuerdo el Paseo Fotogr\u00e1fico por Ayamonte har\u00e1 uno o dos a\u00f1os, donde finaliz\u00f3 la jornada en el M\u00f3dulo de la Barriada de Canela con un intercambio gastron\u00f3mico delicioso\u00bb. <\/em>Valora positivamente el papel que tienen hoy en d\u00eda las redes sociales, medio a trav\u00e9s de las cuales<em> \u00abnos enteramos de esta quedada y se pudo compartir con nuestros socios en nuestro Grupo de Facebook\u00bb. \u00a0Facebook a<\/em>dem\u00e1s es el medio principal donde todos hemos subido los resultados fotogr\u00e1ficos, que curiosamente y a pasar de haber estado en el mismo entorno reducido, es decir bajo el Puente, han sido tomas muy variadas, seg\u00fan el punto de vista, encuadre y momento de luz que cada uno ha querido rescatar.<\/p>\n<p style=\"text-align: justify;\">Al igual que los dem\u00e1s entrevistados, Pedro considera que este tipo de reuniones deben continuar y que Huelva y sus Fot\u00f3grafos se sumar\u00e1 a futuros encuentros como los que hay pensados en agosto.<\/p>\n<p style=\"text-align: justify;\">Para finalizar os dejamos algunas de las fotograf\u00edas que han tenido a bien compartir fot\u00f3grafos de las tres asociaciones, bien del puente o del entorno (haz click en la foto para ver mejor):<\/p>\n<p style=\"text-align: center;\"><a href=\"https:\/\/www.huelvaysusfotografos.com\/wp-content\/uploads\/2015\/07\/Carlos-Alberto-Vieira-I.I.jpg\"><img loading=\"lazy\" decoding=\"async\" width=\"300\" height=\"190\" class=\"aligncenter size-medium wp-image-4299\" src=\"https:\/\/www.huelvaysusfotografos.com\/wp-content\/uploads\/2015\/07\/Carlos-Alberto-Vieira-I.I-300x190.jpg\" alt=\"Carlos Alberto Vieira I.I\" srcset=\"https:\/\/www.huelvaysusfotografos.com\/wp-content\/uploads\/2015\/07\/Carlos-Alberto-Vieira-I.I-300x190.jpg 300w, https:\/\/www.huelvaysusfotografos.com\/wp-content\/uploads\/2015\/07\/Carlos-Alberto-Vieira-I.I-1024x650.jpg 1024w, https:\/\/www.huelvaysusfotografos.com\/wp-content\/uploads\/2015\/07\/Carlos-Alberto-Vieira-I.I-768x487.jpg 768w, https:\/\/www.huelvaysusfotografos.com\/wp-content\/uploads\/2015\/07\/Carlos-Alberto-Vieira-I.I-1536x974.jpg 1536w, https:\/\/www.huelvaysusfotografos.com\/wp-content\/uploads\/2015\/07\/Carlos-Alberto-Vieira-I.I.jpg 2048w\" sizes=\"auto, (max-width: 300px) 100vw, 300px\" \/><\/a>Carlos Alberto Vieira<\/p>\n<p style=\"text-align: center;\"><a href=\"https:\/\/www.huelvaysusfotografos.com\/wp-content\/uploads\/2015\/07\/Floripes-Maria-Andrez.-Gon\u00e7alve-II.jpg\"><img loading=\"lazy\" decoding=\"async\" width=\"300\" height=\"200\" class=\"size-medium wp-image-4304 aligncenter\" src=\"https:\/\/www.huelvaysusfotografos.com\/wp-content\/uploads\/2015\/07\/Floripes-Maria-Andrez.-Gon\u00e7alve-II-300x200.jpg\" alt=\"Floripes Maria Andrez. Gon\u00e7alve II\" srcset=\"https:\/\/www.huelvaysusfotografos.com\/wp-content\/uploads\/2015\/07\/Floripes-Maria-Andrez.-Gon\u00e7alve-II-300x200.jpg 300w, https:\/\/www.huelvaysusfotografos.com\/wp-content\/uploads\/2015\/07\/Floripes-Maria-Andrez.-Gon\u00e7alve-II-1024x683.jpg 1024w, https:\/\/www.huelvaysusfotografos.com\/wp-content\/uploads\/2015\/07\/Floripes-Maria-Andrez.-Gon\u00e7alve-II-768x512.jpg 768w, https:\/\/www.huelvaysusfotografos.com\/wp-content\/uploads\/2015\/07\/Floripes-Maria-Andrez.-Gon\u00e7alve-II-1536x1024.jpg 1536w, https:\/\/www.huelvaysusfotografos.com\/wp-content\/uploads\/2015\/07\/Floripes-Maria-Andrez.-Gon\u00e7alve-II-120x80.jpg 120w, https:\/\/www.huelvaysusfotografos.com\/wp-content\/uploads\/2015\/07\/Floripes-Maria-Andrez.-Gon\u00e7alve-II.jpg 2048w\" sizes=\"auto, (max-width: 300px) 100vw, 300px\" \/><\/a>Floripes Mar\u00eda Andrez Gon\u00e7alves<\/p>\n<p style=\"text-align: center;\"><a href=\"https:\/\/www.huelvaysusfotografos.com\/wp-content\/uploads\/2015\/07\/Philip-Jonhson.jpg\"><img loading=\"lazy\" decoding=\"async\" width=\"225\" height=\"300\" class=\"aligncenter size-medium wp-image-4315\" src=\"https:\/\/www.huelvaysusfotografos.com\/wp-content\/uploads\/2015\/07\/Philip-Jonhson-225x300.jpg\" alt=\"Philip Jonhson\" srcset=\"https:\/\/www.huelvaysusfotografos.com\/wp-content\/uploads\/2015\/07\/Philip-Jonhson-225x300.jpg 225w, https:\/\/www.huelvaysusfotografos.com\/wp-content\/uploads\/2015\/07\/Philip-Jonhson.jpg 720w\" sizes=\"auto, (max-width: 225px) 100vw, 225px\" \/><\/a>Philip Johnson<\/p>\n<p style=\"text-align: center;\"><a href=\"https:\/\/www.huelvaysusfotografos.com\/wp-content\/uploads\/2015\/07\/Yin-Johnson.jpg\"><img loading=\"lazy\" decoding=\"async\" width=\"300\" height=\"169\" class=\"aligncenter size-medium wp-image-4316\" src=\"https:\/\/www.huelvaysusfotografos.com\/wp-content\/uploads\/2015\/07\/Yin-Johnson-300x169.jpg\" alt=\"Yin Johnson\" srcset=\"https:\/\/www.huelvaysusfotografos.com\/wp-content\/uploads\/2015\/07\/Yin-Johnson-300x169.jpg 300w, https:\/\/www.huelvaysusfotografos.com\/wp-content\/uploads\/2015\/07\/Yin-Johnson-768x432.jpg 768w, https:\/\/www.huelvaysusfotografos.com\/wp-content\/uploads\/2015\/07\/Yin-Johnson-620x350.jpg 620w, https:\/\/www.huelvaysusfotografos.com\/wp-content\/uploads\/2015\/07\/Yin-Johnson.jpg 960w\" sizes=\"auto, (max-width: 300px) 100vw, 300px\" \/><\/a>Yin Jonhson<\/p>\n<p style=\"text-align: center;\"><a href=\"https:\/\/www.huelvaysusfotografos.com\/wp-content\/uploads\/2015\/07\/Krishea-Hickman.jpg\"><img loading=\"lazy\" decoding=\"async\" width=\"300\" height=\"200\" class=\"aligncenter size-medium wp-image-4354\" src=\"https:\/\/www.huelvaysusfotografos.com\/wp-content\/uploads\/2015\/07\/Krishea-Hickman-300x200.jpg\" alt=\"Krishea Hickman\" srcset=\"https:\/\/www.huelvaysusfotografos.com\/wp-content\/uploads\/2015\/07\/Krishea-Hickman-300x200.jpg 300w, https:\/\/www.huelvaysusfotografos.com\/wp-content\/uploads\/2015\/07\/Krishea-Hickman-768x512.jpg 768w, https:\/\/www.huelvaysusfotografos.com\/wp-content\/uploads\/2015\/07\/Krishea-Hickman-120x80.jpg 120w, https:\/\/www.huelvaysusfotografos.com\/wp-content\/uploads\/2015\/07\/Krishea-Hickman.jpg 900w\" sizes=\"auto, (max-width: 300px) 100vw, 300px\" \/><\/a><\/p>\n<p style=\"text-align: center;\">Krishea Hickman<\/p>\n<p style=\"text-align: center;\"><a href=\"https:\/\/www.huelvaysusfotografos.com\/wp-content\/uploads\/2015\/07\/Jes\u00fas-Barroso-Ca\u00f1ada-II.jpg\"><img loading=\"lazy\" decoding=\"async\" width=\"300\" height=\"199\" class=\"aligncenter size-medium wp-image-4305\" src=\"https:\/\/www.huelvaysusfotografos.com\/wp-content\/uploads\/2015\/07\/Jes\u00fas-Barroso-Ca\u00f1ada-II-300x199.jpg\" alt=\"Jes\u00fas Barroso Ca\u00f1ada II\" srcset=\"https:\/\/www.huelvaysusfotografos.com\/wp-content\/uploads\/2015\/07\/Jes\u00fas-Barroso-Ca\u00f1ada-II-300x199.jpg 300w, https:\/\/www.huelvaysusfotografos.com\/wp-content\/uploads\/2015\/07\/Jes\u00fas-Barroso-Ca\u00f1ada-II-1024x678.jpg 1024w, https:\/\/www.huelvaysusfotografos.com\/wp-content\/uploads\/2015\/07\/Jes\u00fas-Barroso-Ca\u00f1ada-II-768x509.jpg 768w, https:\/\/www.huelvaysusfotografos.com\/wp-content\/uploads\/2015\/07\/Jes\u00fas-Barroso-Ca\u00f1ada-II-1536x1017.jpg 1536w, https:\/\/www.huelvaysusfotografos.com\/wp-content\/uploads\/2015\/07\/Jes\u00fas-Barroso-Ca\u00f1ada-II-120x80.jpg 120w, https:\/\/www.huelvaysusfotografos.com\/wp-content\/uploads\/2015\/07\/Jes\u00fas-Barroso-Ca\u00f1ada-II.jpg 2048w\" sizes=\"auto, (max-width: 300px) 100vw, 300px\" \/><\/a>Jes\u00fas Barroso Ca\u00f1ada<\/p>\n<p style=\"text-align: center;\"><a href=\"https:\/\/www.huelvaysusfotografos.com\/wp-content\/uploads\/2015\/07\/Jos\u00e9-Mar\u00eda-Estevez-Romero.jpg\"><img loading=\"lazy\" decoding=\"async\" width=\"300\" height=\"225\" class=\"aligncenter size-medium wp-image-4319\" src=\"https:\/\/www.huelvaysusfotografos.com\/wp-content\/uploads\/2015\/07\/Jos\u00e9-Mar\u00eda-Estevez-Romero-300x225.jpg\" alt=\"Jos\u00e9 Mar\u00eda Estevez Romero\" srcset=\"https:\/\/www.huelvaysusfotografos.com\/wp-content\/uploads\/2015\/07\/Jos\u00e9-Mar\u00eda-Estevez-Romero-300x225.jpg 300w, https:\/\/www.huelvaysusfotografos.com\/wp-content\/uploads\/2015\/07\/Jos\u00e9-Mar\u00eda-Estevez-Romero-1024x768.jpg 1024w, https:\/\/www.huelvaysusfotografos.com\/wp-content\/uploads\/2015\/07\/Jos\u00e9-Mar\u00eda-Estevez-Romero-768x576.jpg 768w, https:\/\/www.huelvaysusfotografos.com\/wp-content\/uploads\/2015\/07\/Jos\u00e9-Mar\u00eda-Estevez-Romero-1536x1152.jpg 1536w, https:\/\/www.huelvaysusfotografos.com\/wp-content\/uploads\/2015\/07\/Jos\u00e9-Mar\u00eda-Estevez-Romero-160x120.jpg 160w, https:\/\/www.huelvaysusfotografos.com\/wp-content\/uploads\/2015\/07\/Jos\u00e9-Mar\u00eda-Estevez-Romero.jpg 2048w\" sizes=\"auto, (max-width: 300px) 100vw, 300px\" \/><\/a>Jos\u00e9 Mar\u00eda Estevez Romero<\/p>\n<p style=\"text-align: center;\"><a href=\"https:\/\/www.huelvaysusfotografos.com\/wp-content\/uploads\/2015\/07\/Manuel-Gonz\u00e1lez.jpg\"><img loading=\"lazy\" decoding=\"async\" width=\"200\" height=\"300\" class=\"aligncenter size-medium wp-image-4320\" src=\"https:\/\/www.huelvaysusfotografos.com\/wp-content\/uploads\/2015\/07\/Manuel-Gonz\u00e1lez-200x300.jpg\" alt=\"Manuel Gonz\u00e1lez\" srcset=\"https:\/\/www.huelvaysusfotografos.com\/wp-content\/uploads\/2015\/07\/Manuel-Gonz\u00e1lez-200x300.jpg 200w, https:\/\/www.huelvaysusfotografos.com\/wp-content\/uploads\/2015\/07\/Manuel-Gonz\u00e1lez-683x1024.jpg 683w, https:\/\/www.huelvaysusfotografos.com\/wp-content\/uploads\/2015\/07\/Manuel-Gonz\u00e1lez-768x1152.jpg 768w, https:\/\/www.huelvaysusfotografos.com\/wp-content\/uploads\/2015\/07\/Manuel-Gonz\u00e1lez-1024x1536.jpg 1024w, https:\/\/www.huelvaysusfotografos.com\/wp-content\/uploads\/2015\/07\/Manuel-Gonz\u00e1lez.jpg 1365w\" sizes=\"auto, (max-width: 200px) 100vw, 200px\" \/><\/a>Manuel Gonz\u00e1lez<\/p>\n<p style=\"text-align: center;\"><a href=\"https:\/\/www.huelvaysusfotografos.com\/wp-content\/uploads\/2015\/07\/Carmelo-V\u00e1rquez.jpg\"><img loading=\"lazy\" decoding=\"async\" width=\"201\" height=\"300\" class=\"aligncenter size-medium wp-image-4300\" src=\"https:\/\/www.huelvaysusfotografos.com\/wp-content\/uploads\/2015\/07\/Carmelo-V\u00e1rquez-201x300.jpg\" alt=\"Carmelo V\u00e1rquez\" srcset=\"https:\/\/www.huelvaysusfotografos.com\/wp-content\/uploads\/2015\/07\/Carmelo-V\u00e1rquez-201x300.jpg 201w, https:\/\/www.huelvaysusfotografos.com\/wp-content\/uploads\/2015\/07\/Carmelo-V\u00e1rquez-686x1024.jpg 686w, https:\/\/www.huelvaysusfotografos.com\/wp-content\/uploads\/2015\/07\/Carmelo-V\u00e1rquez-768x1147.jpg 768w, https:\/\/www.huelvaysusfotografos.com\/wp-content\/uploads\/2015\/07\/Carmelo-V\u00e1rquez-1028x1536.jpg 1028w, https:\/\/www.huelvaysusfotografos.com\/wp-content\/uploads\/2015\/07\/Carmelo-V\u00e1rquez.jpg 1371w\" sizes=\"auto, (max-width: 201px) 100vw, 201px\" \/><\/a>Carmelo V\u00e1zquez<a href=\"https:\/\/www.huelvaysusfotografos.com\/wp-content\/uploads\/2015\/07\/Carmen-Torres-Ch.jpg\"><br \/>\n<\/a><\/p>\n<p style=\"text-align: center;\"><a href=\"https:\/\/www.huelvaysusfotografos.com\/wp-content\/uploads\/2015\/07\/Carmen-Torres-Chaguaceda-2.jpg\"><img loading=\"lazy\" decoding=\"async\" width=\"300\" height=\"200\" class=\"aligncenter size-medium wp-image-4317\" src=\"https:\/\/www.huelvaysusfotografos.com\/wp-content\/uploads\/2015\/07\/Carmen-Torres-Chaguaceda-2-300x200.jpg\" alt=\"Carmen Torres Chaguaceda 2\" srcset=\"https:\/\/www.huelvaysusfotografos.com\/wp-content\/uploads\/2015\/07\/Carmen-Torres-Chaguaceda-2-300x200.jpg 300w, https:\/\/www.huelvaysusfotografos.com\/wp-content\/uploads\/2015\/07\/Carmen-Torres-Chaguaceda-2-1024x683.jpg 1024w, https:\/\/www.huelvaysusfotografos.com\/wp-content\/uploads\/2015\/07\/Carmen-Torres-Chaguaceda-2-768x512.jpg 768w, https:\/\/www.huelvaysusfotografos.com\/wp-content\/uploads\/2015\/07\/Carmen-Torres-Chaguaceda-2-1536x1024.jpg 1536w, https:\/\/www.huelvaysusfotografos.com\/wp-content\/uploads\/2015\/07\/Carmen-Torres-Chaguaceda-2-120x80.jpg 120w, https:\/\/www.huelvaysusfotografos.com\/wp-content\/uploads\/2015\/07\/Carmen-Torres-Chaguaceda-2.jpg 1920w\" sizes=\"auto, (max-width: 300px) 100vw, 300px\" \/><\/a>Carmen Torres Chaguaceda<\/p>\n<p style=\"text-align: center;\"><a href=\"https:\/\/www.huelvaysusfotografos.com\/wp-content\/uploads\/2015\/07\/Cayetana-Cumbreras.jpg\"><img loading=\"lazy\" decoding=\"async\" width=\"300\" height=\"169\" class=\"aligncenter size-medium wp-image-4302\" src=\"https:\/\/www.huelvaysusfotografos.com\/wp-content\/uploads\/2015\/07\/Cayetana-Cumbreras-300x169.jpg\" alt=\"Cayetana Cumbreras\" srcset=\"https:\/\/www.huelvaysusfotografos.com\/wp-content\/uploads\/2015\/07\/Cayetana-Cumbreras-300x169.jpg 300w, https:\/\/www.huelvaysusfotografos.com\/wp-content\/uploads\/2015\/07\/Cayetana-Cumbreras-768x432.jpg 768w, https:\/\/www.huelvaysusfotografos.com\/wp-content\/uploads\/2015\/07\/Cayetana-Cumbreras-620x350.jpg 620w, https:\/\/www.huelvaysusfotografos.com\/wp-content\/uploads\/2015\/07\/Cayetana-Cumbreras.jpg 960w\" sizes=\"auto, (max-width: 300px) 100vw, 300px\" \/><\/a>Cayetana Cumbreras<\/p>\n<p style=\"text-align: center;\"><a href=\"https:\/\/www.huelvaysusfotografos.com\/wp-content\/uploads\/2015\/07\/Cecilia-Gilabert-II.jpg\"><img loading=\"lazy\" decoding=\"async\" width=\"300\" height=\"200\" class=\"aligncenter size-medium wp-image-4303\" src=\"https:\/\/www.huelvaysusfotografos.com\/wp-content\/uploads\/2015\/07\/Cecilia-Gilabert-II-300x200.jpg\" alt=\"Cecilia Gilabert II\" srcset=\"https:\/\/www.huelvaysusfotografos.com\/wp-content\/uploads\/2015\/07\/Cecilia-Gilabert-II-300x200.jpg 300w, https:\/\/www.huelvaysusfotografos.com\/wp-content\/uploads\/2015\/07\/Cecilia-Gilabert-II-768x512.jpg 768w, https:\/\/www.huelvaysusfotografos.com\/wp-content\/uploads\/2015\/07\/Cecilia-Gilabert-II-120x80.jpg 120w, https:\/\/www.huelvaysusfotografos.com\/wp-content\/uploads\/2015\/07\/Cecilia-Gilabert-II.jpg 800w\" sizes=\"auto, (max-width: 300px) 100vw, 300px\" \/><\/a>Cecilia Gilabert<\/p>\n<p style=\"text-align: center;\"><a href=\"https:\/\/www.huelvaysusfotografos.com\/wp-content\/uploads\/2015\/07\/Jose-Gon\u00e7alves-Photography.jpg\"><img loading=\"lazy\" decoding=\"async\" width=\"300\" height=\"200\" class=\"aligncenter size-medium wp-image-4306\" src=\"https:\/\/www.huelvaysusfotografos.com\/wp-content\/uploads\/2015\/07\/Jose-Gon\u00e7alves-Photography-300x200.jpg\" alt=\"Jose Gon\u00e7alves Photography\" srcset=\"https:\/\/www.huelvaysusfotografos.com\/wp-content\/uploads\/2015\/07\/Jose-Gon\u00e7alves-Photography-300x200.jpg 300w, https:\/\/www.huelvaysusfotografos.com\/wp-content\/uploads\/2015\/07\/Jose-Gon\u00e7alves-Photography-1024x683.jpg 1024w, https:\/\/www.huelvaysusfotografos.com\/wp-content\/uploads\/2015\/07\/Jose-Gon\u00e7alves-Photography-768x512.jpg 768w, https:\/\/www.huelvaysusfotografos.com\/wp-content\/uploads\/2015\/07\/Jose-Gon\u00e7alves-Photography-1536x1024.jpg 1536w, https:\/\/www.huelvaysusfotografos.com\/wp-content\/uploads\/2015\/07\/Jose-Gon\u00e7alves-Photography-120x80.jpg 120w, https:\/\/www.huelvaysusfotografos.com\/wp-content\/uploads\/2015\/07\/Jose-Gon\u00e7alves-Photography.jpg 2048w\" sizes=\"auto, (max-width: 300px) 100vw, 300px\" \/><\/a>Jos\u00e9 Gon\u00e7alves<\/p>\n<p style=\"text-align: center;\"><a href=\"https:\/\/www.huelvaysusfotografos.com\/wp-content\/uploads\/2015\/07\/Jos\u00e9-Manuel-Palma-3-Gon\u00e7alves.jpg\"><img loading=\"lazy\" decoding=\"async\" width=\"300\" height=\"200\" class=\"aligncenter size-medium wp-image-4307\" src=\"https:\/\/www.huelvaysusfotografos.com\/wp-content\/uploads\/2015\/07\/Jos\u00e9-Manuel-Palma-3-Gon\u00e7alves-300x200.jpg\" alt=\"Jos\u00e9 Manuel Palma 3 Gon\u00e7alves\" srcset=\"https:\/\/www.huelvaysusfotografos.com\/wp-content\/uploads\/2015\/07\/Jos\u00e9-Manuel-Palma-3-Gon\u00e7alves-300x200.jpg 300w, https:\/\/www.huelvaysusfotografos.com\/wp-content\/uploads\/2015\/07\/Jos\u00e9-Manuel-Palma-3-Gon\u00e7alves-1024x684.jpg 1024w, https:\/\/www.huelvaysusfotografos.com\/wp-content\/uploads\/2015\/07\/Jos\u00e9-Manuel-Palma-3-Gon\u00e7alves-768x513.jpg 768w, https:\/\/www.huelvaysusfotografos.com\/wp-content\/uploads\/2015\/07\/Jos\u00e9-Manuel-Palma-3-Gon\u00e7alves-1536x1025.jpg 1536w, https:\/\/www.huelvaysusfotografos.com\/wp-content\/uploads\/2015\/07\/Jos\u00e9-Manuel-Palma-3-Gon\u00e7alves-120x80.jpg 120w, https:\/\/www.huelvaysusfotografos.com\/wp-content\/uploads\/2015\/07\/Jos\u00e9-Manuel-Palma-3-Gon\u00e7alves.jpg 2048w\" sizes=\"auto, (max-width: 300px) 100vw, 300px\" \/><\/a>Jos\u00e9 Manuel Palma Gon\u00e7alves<\/p>\n<p style=\"text-align: center;\"><a href=\"https:\/\/www.huelvaysusfotografos.com\/wp-content\/uploads\/2015\/07\/JUANA-Puente-Internacional-del-Guadiana-I.jpg\"><img loading=\"lazy\" decoding=\"async\" width=\"300\" height=\"200\" class=\"aligncenter size-medium wp-image-4308\" src=\"https:\/\/www.huelvaysusfotografos.com\/wp-content\/uploads\/2015\/07\/JUANA-Puente-Internacional-del-Guadiana-I-300x200.jpg\" alt=\"Para uso consulte con la fot\u00f3grafa (juana.martin@hotmail.com) \u00a9 2015 Todos los derechos reservados. Juana Mar\u00eda Mart\u00edn Infantes\" srcset=\"https:\/\/www.huelvaysusfotografos.com\/wp-content\/uploads\/2015\/07\/JUANA-Puente-Internacional-del-Guadiana-I-300x200.jpg 300w, https:\/\/www.huelvaysusfotografos.com\/wp-content\/uploads\/2015\/07\/JUANA-Puente-Internacional-del-Guadiana-I-1024x683.jpg 1024w, https:\/\/www.huelvaysusfotografos.com\/wp-content\/uploads\/2015\/07\/JUANA-Puente-Internacional-del-Guadiana-I-768x512.jpg 768w, https:\/\/www.huelvaysusfotografos.com\/wp-content\/uploads\/2015\/07\/JUANA-Puente-Internacional-del-Guadiana-I-1536x1024.jpg 1536w, https:\/\/www.huelvaysusfotografos.com\/wp-content\/uploads\/2015\/07\/JUANA-Puente-Internacional-del-Guadiana-I-2048x1365.jpg 2048w, https:\/\/www.huelvaysusfotografos.com\/wp-content\/uploads\/2015\/07\/JUANA-Puente-Internacional-del-Guadiana-I-120x80.jpg 120w\" sizes=\"auto, (max-width: 300px) 100vw, 300px\" \/><\/a>Juana Mart\u00edn<\/p>\n<p style=\"text-align: center;\"><a href=\"https:\/\/www.huelvaysusfotografos.com\/wp-content\/uploads\/2015\/07\/Lina-Madeira-I.jpg\"><img loading=\"lazy\" decoding=\"async\" width=\"300\" height=\"200\" class=\"aligncenter size-medium wp-image-4309\" src=\"https:\/\/www.huelvaysusfotografos.com\/wp-content\/uploads\/2015\/07\/Lina-Madeira-I-300x200.jpg\" alt=\"Lina Madeira I\" srcset=\"https:\/\/www.huelvaysusfotografos.com\/wp-content\/uploads\/2015\/07\/Lina-Madeira-I-300x200.jpg 300w, https:\/\/www.huelvaysusfotografos.com\/wp-content\/uploads\/2015\/07\/Lina-Madeira-I-1024x683.jpg 1024w, https:\/\/www.huelvaysusfotografos.com\/wp-content\/uploads\/2015\/07\/Lina-Madeira-I-768x512.jpg 768w, https:\/\/www.huelvaysusfotografos.com\/wp-content\/uploads\/2015\/07\/Lina-Madeira-I-1536x1024.jpg 1536w, https:\/\/www.huelvaysusfotografos.com\/wp-content\/uploads\/2015\/07\/Lina-Madeira-I-120x80.jpg 120w, https:\/\/www.huelvaysusfotografos.com\/wp-content\/uploads\/2015\/07\/Lina-Madeira-I.jpg 2048w\" sizes=\"auto, (max-width: 300px) 100vw, 300px\" \/><\/a>Lina Madeira<\/p>\n<p style=\"text-align: center;\"><a href=\"https:\/\/www.huelvaysusfotografos.com\/wp-content\/uploads\/2015\/07\/Mar\u00eda-Dolores-Blesa1.jpg\"><img loading=\"lazy\" decoding=\"async\" width=\"300\" height=\"200\" class=\"aligncenter size-medium wp-image-4312\" src=\"https:\/\/www.huelvaysusfotografos.com\/wp-content\/uploads\/2015\/07\/Mar\u00eda-Dolores-Blesa1-300x200.jpg\" alt=\"Mar\u00eda Dolores Blesa\" srcset=\"https:\/\/www.huelvaysusfotografos.com\/wp-content\/uploads\/2015\/07\/Mar\u00eda-Dolores-Blesa1-300x200.jpg 300w, https:\/\/www.huelvaysusfotografos.com\/wp-content\/uploads\/2015\/07\/Mar\u00eda-Dolores-Blesa1-1024x683.jpg 1024w, https:\/\/www.huelvaysusfotografos.com\/wp-content\/uploads\/2015\/07\/Mar\u00eda-Dolores-Blesa1-768x512.jpg 768w, https:\/\/www.huelvaysusfotografos.com\/wp-content\/uploads\/2015\/07\/Mar\u00eda-Dolores-Blesa1-1536x1024.jpg 1536w, https:\/\/www.huelvaysusfotografos.com\/wp-content\/uploads\/2015\/07\/Mar\u00eda-Dolores-Blesa1-120x80.jpg 120w, https:\/\/www.huelvaysusfotografos.com\/wp-content\/uploads\/2015\/07\/Mar\u00eda-Dolores-Blesa1.jpg 2048w\" sizes=\"auto, (max-width: 300px) 100vw, 300px\" \/><\/a>Mar\u00eda Dolores Blesa<\/p>\n<p style=\"text-align: center;\"><a href=\"https:\/\/www.huelvaysusfotografos.com\/wp-content\/uploads\/2015\/07\/Mar\u00eda-Dolores-Blesa.jpg\"><br \/>\n<\/a> <a href=\"https:\/\/www.huelvaysusfotografos.com\/wp-content\/uploads\/2015\/07\/Pedro-J.-Ruiz-Constantino.jpg\"><img loading=\"lazy\" decoding=\"async\" width=\"300\" height=\"225\" class=\"aligncenter size-medium wp-image-4311\" src=\"https:\/\/www.huelvaysusfotografos.com\/wp-content\/uploads\/2015\/07\/Pedro-J.-Ruiz-Constantino-300x225.jpg\" alt=\"Pedro J. Ruiz Constantino\" srcset=\"https:\/\/www.huelvaysusfotografos.com\/wp-content\/uploads\/2015\/07\/Pedro-J.-Ruiz-Constantino-300x225.jpg 300w, https:\/\/www.huelvaysusfotografos.com\/wp-content\/uploads\/2015\/07\/Pedro-J.-Ruiz-Constantino-768x576.jpg 768w, https:\/\/www.huelvaysusfotografos.com\/wp-content\/uploads\/2015\/07\/Pedro-J.-Ruiz-Constantino-160x120.jpg 160w, https:\/\/www.huelvaysusfotografos.com\/wp-content\/uploads\/2015\/07\/Pedro-J.-Ruiz-Constantino.jpg 800w\" sizes=\"auto, (max-width: 300px) 100vw, 300px\" \/><\/a>Pedro J. Ruiz Constantino P\u00e9rez<\/p>\n<p style=\"text-align: justify;\">Adem\u00e1s os dejamos un video que ha realizado Juana Mart\u00edn de aquella tarde:<\/p>\n<p><iframe loading=\"lazy\" title=\"Encuentro Fotogra\u0301fico Puente Internacional Guadiana\" width=\"680\" height=\"383\" src=\"https:\/\/www.youtube.com\/embed\/9wCA1Xk_LBU?feature=oembed\" frameborder=\"0\" allow=\"accelerometer; autoplay; clipboard-write; encrypted-media; gyroscope; picture-in-picture; web-share\" referrerpolicy=\"strict-origin-when-cross-origin\" allowfullscreen><\/iframe><\/p>\n<p>Esperamos todos impacientes el pr\u00f3ximo encuentro&#8230;<\/p>\n","protected":false},"excerpt":{"rendered":"<p>El pasado 9 de julio tuvimos una magn\u00edfica tarde-noche con colegas aficionados a la fotograf\u00eda, donde participaron miembros de NAFA\u00a0Tavira, ACAFA de Ayamonte y de nuestra Asociaci\u00f3n HYSF. La idea original fue de Jos\u00e9 Rosa Gon\u00e7alves (miembro de NAFA Tavira )\u00a0y as\u00ed\u00a0nos lo contaba \u00e9l mismo: \u00abNo es un evento oficial de la Asociaci\u00f3n NAFA, he tenido la idea y habl\u00e9 con los compa\u00f1eros de NAFA para que se sumaran<\/p>\n<div class=\"belowpost\"><a class=\"btnmore\" href=\"https:\/\/www.huelvaysusfotografos.com\/?p=4289\">Seguir leyendo<\/a><\/div>\n","protected":false},"author":41,"featured_media":4290,"comment_status":"open","ping_status":"open","sticky":false,"template":"","format":"standard","meta":{"footnotes":"","_links_to":"","_links_to_target":""},"categories":[3],"tags":[],"class_list":["post-4289","post","type-post","status-publish","format-standard","has-post-thumbnail","hentry","category-noticias"],"_links":{"self":[{"href":"https:\/\/www.huelvaysusfotografos.com\/index.php?rest_route=\/wp\/v2\/posts\/4289","targetHints":{"allow":["GET"]}}],"collection":[{"href":"https:\/\/www.huelvaysusfotografos.com\/index.php?rest_route=\/wp\/v2\/posts"}],"about":[{"href":"https:\/\/www.huelvaysusfotografos.com\/index.php?rest_route=\/wp\/v2\/types\/post"}],"author":[{"embeddable":true,"href":"https:\/\/www.huelvaysusfotografos.com\/index.php?rest_route=\/wp\/v2\/users\/41"}],"replies":[{"embeddable":true,"href":"https:\/\/www.huelvaysusfotografos.com\/index.php?rest_route=%2Fwp%2Fv2%2Fcomments&post=4289"}],"version-history":[{"count":18,"href":"https:\/\/www.huelvaysusfotografos.com\/index.php?rest_route=\/wp\/v2\/posts\/4289\/revisions"}],"predecessor-version":[{"id":4355,"href":"https:\/\/www.huelvaysusfotografos.com\/index.php?rest_route=\/wp\/v2\/posts\/4289\/revisions\/4355"}],"wp:featuredmedia":[{"embeddable":true,"href":"https:\/\/www.huelvaysusfotografos.com\/index.php?rest_route=\/wp\/v2\/media\/4290"}],"wp:attachment":[{"href":"https:\/\/www.huelvaysusfotografos.com\/index.php?rest_route=%2Fwp%2Fv2%2Fmedia&parent=4289"}],"wp:term":[{"taxonomy":"category","embeddable":true,"href":"https:\/\/www.huelvaysusfotografos.com\/index.php?rest_route=%2Fwp%2Fv2%2Fcategories&post=4289"},{"taxonomy":"post_tag","embeddable":true,"href":"https:\/\/www.huelvaysusfotografos.com\/index.php?rest_route=%2Fwp%2Fv2%2Ftags&post=4289"}],"curies":[{"name":"wp","href":"https:\/\/api.w.org\/{rel}","templated":true}]}}