{"id":4273,"date":"2015-07-07T20:51:54","date_gmt":"2015-07-07T19:51:54","guid":{"rendered":"http:\/\/www.huelvaysusfotografos.com\/?p=4273"},"modified":"2015-07-07T20:52:31","modified_gmt":"2015-07-07T19:52:31","slug":"fallado-el-concurso-huelva-y-su-paisajes-naturales","status":"publish","type":"post","link":"https:\/\/www.huelvaysusfotografos.com\/?p=4273","title":{"rendered":"Fallado el Concurso Huelva y su Paisajes Naturales"},"content":{"rendered":"<p style=\"text-align: justify;\">Desde hace algunos a\u00f1os venimos colaborando con la Concejal\u00eda de Turismo del Ayuntamiento de Huelva en el Concurso HUELVA A TRAV\u00c9S DE LA FOTOGRAF\u00cdA. Gratamente este 2015 se dio un paso m\u00e1s y se abri\u00f3 a la provincia las tem\u00e1ticas a trabajar, esto ha beneficiado cuantitativa y cualitativamente al concurso. En la edici\u00f3n de abril, mayo y junio (segundo trimestre del a\u00f1o) se han presentado 44 fot\u00f3grafos\/as, tanto aficionados como profesionales, y se ha contado con un total de 117 im\u00e1genes.<\/p>\n<p style=\"text-align: justify;\">El pasado lunes 6 de junio se fall\u00f3 el concurso y qued\u00f3 de esta manera, seg\u00fan el ACTA que nos pas\u00f3 la organizaci\u00f3n:<\/p>\n<p style=\"text-align: justify;\"><strong>ACTA DEL FALLO DEL JURADO<\/strong><\/p>\n<p style=\"text-align: justify;\">El 6 de julio de 2015, a las 11.00 h. en el Centro de Visitantes \u201cHuelva, Puerta del Atl\u00e1ntico\u201d, se re\u00fane el Jurado que fallar\u00e1 el Co<span class=\"text_exposed_show\">ncurso de fotograf\u00edas \u201cHUELVA A TRAV\u00c9S DE LA FOTOGRAF\u00cdA: HUELVA Y SUS PAISAJES NATURALES\u201d, organizado por la Concejal\u00eda de Turismo del Ayuntamiento de Huelva en colaboraci\u00f3n con la Asociacion Huelva y sus Fot\u00f3grafos; el Ministerio de Educaci\u00f3n, Cultura y Deporte \u201cPromoci\u00f3ndelArte\u201d; el Centro Andaluz de Fotograf\u00eda, y las empresas Aires Africanos, Ser Odiel, Flechamar y Hotel Mart\u00edn Alonso Pinz\u00f3n; y el Patrocinio de Elena S. Balonga- Fotograf\u00eda. Dicho jurado ha estado compuesto por Cecilia Gilabert, (Fot\u00f3grafa Art\u00edstica), Pedro Delgado (Fot\u00f3grafo Profesional), y Juana M\u00aa Mart\u00edn Infantes (Dinamizadora de la Concejal\u00eda de Turismo del Ayuntamiento de Huelva).\u00a0<\/span><\/p>\n<div class=\"text_exposed_show\">\n<p style=\"text-align: justify;\">A dicho concurso se han presentado 44 participantes. Una vez valoradas las fotograf\u00edas presentadas seg\u00fan las bases, se ha fallado el concurso siendo el resultado de ganadores\/as el siguiente:<\/p>\n<p style=\"text-align: justify;\">&#8211; El Primer premio corresponde a F\u00e9lix V\u00e9lez P\u00e9rez con la imagen titulada \u201cEl Barranco de los Fugitivos\u201d, Valverde del Camino<br \/>\n&#8211; El Segundo premio corresponde a Adela C\u00e1rdenas G\u00f3mez con la imagen titulada \u201cPlacidez\u201d, Corrales, Aljaraque<br \/>\n&#8211; El Tercer premio corresponde a Enrique Jos\u00e9 Toscano Mena con la imagen titulada \u201cChorros de Seda\u201d, Santa Ana la Real<\/p>\n<p style=\"text-align: justify;\">La organizaci\u00f3n, y tal como se apunta en las bases del concurso, se pondr\u00e1 en contacto con los\/as premiados\/as para indicarle d\u00eda y lugar de la entrega de su premio.\u00a0Enhorabuena a todos los participantes y en particular a los\/as ganadores\/as.<\/p>\n<\/div>\n<p>Estas son la im\u00e1genes premiadas<\/p>\n<p>&nbsp;<\/p>\n<p style=\"text-align: center;\"><a href=\"https:\/\/www.huelvaysusfotografos.com\/wp-content\/uploads\/2015\/07\/10403241_928380137218135_2099439222614219033_n.jpg\"><br \/>\n<\/a> <a href=\"https:\/\/www.huelvaysusfotografos.com\/wp-content\/uploads\/2015\/07\/11692646_928380130551469_8170505502851643976_n.jpg\"><img loading=\"lazy\" decoding=\"async\" width=\"225\" height=\"300\" class=\"aligncenter size-medium wp-image-4276\" src=\"https:\/\/www.huelvaysusfotografos.com\/wp-content\/uploads\/2015\/07\/11692646_928380130551469_8170505502851643976_n-225x300.jpg\" alt=\"11692646_928380130551469_8170505502851643976_n\" srcset=\"https:\/\/www.huelvaysusfotografos.com\/wp-content\/uploads\/2015\/07\/11692646_928380130551469_8170505502851643976_n-225x300.jpg 225w, https:\/\/www.huelvaysusfotografos.com\/wp-content\/uploads\/2015\/07\/11692646_928380130551469_8170505502851643976_n.jpg 638w\" sizes=\"auto, (max-width: 225px) 100vw, 225px\" \/><\/a>1\u00ba PREMIO. Foto de F\u00e9lix V\u00e9lez P\u00e9rez, con el t\u00edtulo \u00abEl Barranco de los Fugitivos\u00bb, tomada en Valverde del Camino<\/p>\n<p style=\"text-align: center;\"><img loading=\"lazy\" decoding=\"async\" width=\"300\" height=\"225\" class=\"aligncenter size-medium wp-image-4277\" src=\"https:\/\/www.huelvaysusfotografos.com\/wp-content\/uploads\/2015\/07\/11698993_928380127218136_2296548341336368359_o-300x225.jpg\" alt=\"11698993_928380127218136_2296548341336368359_o\" srcset=\"https:\/\/www.huelvaysusfotografos.com\/wp-content\/uploads\/2015\/07\/11698993_928380127218136_2296548341336368359_o-300x225.jpg 300w, https:\/\/www.huelvaysusfotografos.com\/wp-content\/uploads\/2015\/07\/11698993_928380127218136_2296548341336368359_o-768x575.jpg 768w, https:\/\/www.huelvaysusfotografos.com\/wp-content\/uploads\/2015\/07\/11698993_928380127218136_2296548341336368359_o-160x120.jpg 160w, https:\/\/www.huelvaysusfotografos.com\/wp-content\/uploads\/2015\/07\/11698993_928380127218136_2296548341336368359_o.jpg 993w\" sizes=\"auto, (max-width: 300px) 100vw, 300px\" \/>2\u00ba PREMIO. Foto de Adela C\u00e1rdenas G\u00f3mez, con el t\u00edtulo \u00abPlacidez\u00bb, tomada en Corrales<\/p>\n<p style=\"text-align: center;\"><a href=\"https:\/\/www.huelvaysusfotografos.com\/wp-content\/uploads\/2015\/07\/10403241_928380137218135_2099439222614219033_n.jpg\"><img loading=\"lazy\" decoding=\"async\" width=\"199\" height=\"300\" class=\"aligncenter size-medium wp-image-4275\" src=\"https:\/\/www.huelvaysusfotografos.com\/wp-content\/uploads\/2015\/07\/10403241_928380137218135_2099439222614219033_n-199x300.jpg\" alt=\"10403241_928380137218135_2099439222614219033_n\" srcset=\"https:\/\/www.huelvaysusfotografos.com\/wp-content\/uploads\/2015\/07\/10403241_928380137218135_2099439222614219033_n-199x300.jpg 199w, https:\/\/www.huelvaysusfotografos.com\/wp-content\/uploads\/2015\/07\/10403241_928380137218135_2099439222614219033_n.jpg 563w\" sizes=\"auto, (max-width: 199px) 100vw, 199px\" \/><\/a><\/p>\n<p style=\"text-align: center;\">3\u00ba PREMIO. Foto de Enrique Jos\u00e9 Toscano Mena, con el t\u00edtulo \u00abChorros de seda\u00bb, tomada en Santa Ana La Real<\/p>\n","protected":false},"excerpt":{"rendered":"<p>Desde hace algunos a\u00f1os venimos colaborando con la Concejal\u00eda de Turismo del Ayuntamiento de Huelva en el Concurso HUELVA A TRAV\u00c9S DE LA FOTOGRAF\u00cdA. Gratamente este 2015 se dio un paso m\u00e1s y se abri\u00f3 a la provincia las tem\u00e1ticas a trabajar, esto ha beneficiado cuantitativa y cualitativamente al concurso. En la edici\u00f3n de abril, mayo y junio (segundo trimestre del a\u00f1o) se han presentado 44 fot\u00f3grafos\/as, tanto aficionados como<\/p>\n<div class=\"belowpost\"><a class=\"btnmore\" href=\"https:\/\/www.huelvaysusfotografos.com\/?p=4273\">Seguir leyendo<\/a><\/div>\n","protected":false},"author":41,"featured_media":4279,"comment_status":"open","ping_status":"open","sticky":false,"template":"","format":"standard","meta":{"footnotes":"","_links_to":"","_links_to_target":""},"categories":[3],"tags":[],"class_list":["post-4273","post","type-post","status-publish","format-standard","has-post-thumbnail","hentry","category-noticias"],"_links":{"self":[{"href":"https:\/\/www.huelvaysusfotografos.com\/index.php?rest_route=\/wp\/v2\/posts\/4273","targetHints":{"allow":["GET"]}}],"collection":[{"href":"https:\/\/www.huelvaysusfotografos.com\/index.php?rest_route=\/wp\/v2\/posts"}],"about":[{"href":"https:\/\/www.huelvaysusfotografos.com\/index.php?rest_route=\/wp\/v2\/types\/post"}],"author":[{"embeddable":true,"href":"https:\/\/www.huelvaysusfotografos.com\/index.php?rest_route=\/wp\/v2\/users\/41"}],"replies":[{"embeddable":true,"href":"https:\/\/www.huelvaysusfotografos.com\/index.php?rest_route=%2Fwp%2Fv2%2Fcomments&post=4273"}],"version-history":[{"count":6,"href":"https:\/\/www.huelvaysusfotografos.com\/index.php?rest_route=\/wp\/v2\/posts\/4273\/revisions"}],"predecessor-version":[{"id":4281,"href":"https:\/\/www.huelvaysusfotografos.com\/index.php?rest_route=\/wp\/v2\/posts\/4273\/revisions\/4281"}],"wp:featuredmedia":[{"embeddable":true,"href":"https:\/\/www.huelvaysusfotografos.com\/index.php?rest_route=\/wp\/v2\/media\/4279"}],"wp:attachment":[{"href":"https:\/\/www.huelvaysusfotografos.com\/index.php?rest_route=%2Fwp%2Fv2%2Fmedia&parent=4273"}],"wp:term":[{"taxonomy":"category","embeddable":true,"href":"https:\/\/www.huelvaysusfotografos.com\/index.php?rest_route=%2Fwp%2Fv2%2Fcategories&post=4273"},{"taxonomy":"post_tag","embeddable":true,"href":"https:\/\/www.huelvaysusfotografos.com\/index.php?rest_route=%2Fwp%2Fv2%2Ftags&post=4273"}],"curies":[{"name":"wp","href":"https:\/\/api.w.org\/{rel}","templated":true}]}}