{"id":4256,"date":"2015-05-15T18:54:47","date_gmt":"2015-05-15T17:54:47","guid":{"rendered":"http:\/\/www.huelvaysusfotografos.com\/?p=4256"},"modified":"2017-03-20T14:12:26","modified_gmt":"2017-03-20T13:12:26","slug":"entrega-de-premios-del-concurso-maternidad","status":"publish","type":"post","link":"https:\/\/www.huelvaysusfotografos.com\/?p=4256","title":{"rendered":"Entrega de Premios del Concurso MATERNIDAD"},"content":{"rendered":"<p>&nbsp;<\/p>\n<p>Por fin pudimos hacer entrega de los premios a los ganadores del concurso fotogr\u00e1fico organizado por nuestra Asociaci\u00f3n para los socios y socias. Bajo la tem\u00e1tica MATERNIDAD y para celebrar el d\u00eda de la madre, propusimos esta idea y se proclamaron ganadores Juan Infante con el 1\u00ba Premio; Mar Revilla con el 2\u00ba Premio y Claudio Pomares con el 3\u00ba Premio.<\/p>\n<p>Dar las gracias a todos los participantes y animarlos para las propias ediciones. Enhorabuena a los premiados.<\/p>\n<p><a href=\"https:\/\/www.huelvaysusfotografos.com\/wp-content\/uploads\/2015\/05\/PREMIO-Claudio.jpg\"><img loading=\"lazy\" decoding=\"async\" width=\"300\" height=\"200\" class=\"aligncenter size-medium wp-image-4258\" src=\"https:\/\/www.huelvaysusfotografos.com\/wp-content\/uploads\/2015\/05\/PREMIO-Juan-300x200.jpg\" alt=\"PREMIO Juan\" srcset=\"https:\/\/www.huelvaysusfotografos.com\/wp-content\/uploads\/2015\/05\/PREMIO-Juan-300x200.jpg 300w, https:\/\/www.huelvaysusfotografos.com\/wp-content\/uploads\/2015\/05\/PREMIO-Juan-1024x683.jpg 1024w, https:\/\/www.huelvaysusfotografos.com\/wp-content\/uploads\/2015\/05\/PREMIO-Juan-768x512.jpg 768w, https:\/\/www.huelvaysusfotografos.com\/wp-content\/uploads\/2015\/05\/PREMIO-Juan-1536x1024.jpg 1536w, https:\/\/www.huelvaysusfotografos.com\/wp-content\/uploads\/2015\/05\/PREMIO-Juan-2048x1365.jpg 2048w, https:\/\/www.huelvaysusfotografos.com\/wp-content\/uploads\/2015\/05\/PREMIO-Juan-120x80.jpg 120w\" sizes=\"auto, (max-width: 300px) 100vw, 300px\" \/><\/a><\/p>\n<p style=\"text-align: center;\">Juana Mart\u00edn hace entrega del \u00ablote Canon\u00bb, diploma<\/p>\n<p style=\"text-align: center;\">y copia fotogr\u00e1fica (\u00e9sta gentileza de Dulfi Photograpy)<a href=\"https:\/\/www.huelvaysusfotografos.com\/wp-content\/uploads\/2015\/05\/PREMIO-Juan.jpg\"><br \/>\n<\/a> <a href=\"https:\/\/www.huelvaysusfotografos.com\/wp-content\/uploads\/2015\/05\/PREMIO-mar.jpg\"><img loading=\"lazy\" decoding=\"async\" width=\"300\" height=\"200\" class=\"aligncenter size-medium wp-image-4259\" src=\"https:\/\/www.huelvaysusfotografos.com\/wp-content\/uploads\/2015\/05\/PREMIO-mar-300x200.jpg\" alt=\"PREMIO mar\" srcset=\"https:\/\/www.huelvaysusfotografos.com\/wp-content\/uploads\/2015\/05\/PREMIO-mar-300x200.jpg 300w, https:\/\/www.huelvaysusfotografos.com\/wp-content\/uploads\/2015\/05\/PREMIO-mar-1024x682.jpg 1024w, https:\/\/www.huelvaysusfotografos.com\/wp-content\/uploads\/2015\/05\/PREMIO-mar-768x512.jpg 768w, https:\/\/www.huelvaysusfotografos.com\/wp-content\/uploads\/2015\/05\/PREMIO-mar-120x80.jpg 120w, https:\/\/www.huelvaysusfotografos.com\/wp-content\/uploads\/2015\/05\/PREMIO-mar.jpg 1276w\" sizes=\"auto, (max-width: 300px) 100vw, 300px\" \/><\/a><\/p>\n<p style=\"text-align: center;\">Pedro J. Ruiz-Constantino entrega a Mar su \u00ablote Turismo Huelva la Luz\u00bb<\/p>\n<p style=\"text-align: center;\">(Diputaci\u00f3n de Huelva), diploma y\u00a0copia fotogr\u00e1fica (\u00e9sta gentileza de Dulfi Photograpy)<\/p>\n<p><img loading=\"lazy\" decoding=\"async\" width=\"300\" height=\"200\" class=\"aligncenter size-medium wp-image-4257\" src=\"https:\/\/www.huelvaysusfotografos.com\/wp-content\/uploads\/2015\/05\/PREMIO-Claudio-300x200.jpg\" alt=\"PREMIO Claudio\" srcset=\"https:\/\/www.huelvaysusfotografos.com\/wp-content\/uploads\/2015\/05\/PREMIO-Claudio-300x200.jpg 300w, https:\/\/www.huelvaysusfotografos.com\/wp-content\/uploads\/2015\/05\/PREMIO-Claudio-1024x682.jpg 1024w, https:\/\/www.huelvaysusfotografos.com\/wp-content\/uploads\/2015\/05\/PREMIO-Claudio-768x512.jpg 768w, https:\/\/www.huelvaysusfotografos.com\/wp-content\/uploads\/2015\/05\/PREMIO-Claudio-120x80.jpg 120w, https:\/\/www.huelvaysusfotografos.com\/wp-content\/uploads\/2015\/05\/PREMIO-Claudio.jpg 1276w\" sizes=\"auto, (max-width: 300px) 100vw, 300px\" \/><\/p>\n<p style=\"text-align: center;\">Clauido recoge de la mano de Pedro su diploma y regalos del premio.<\/p>\n","protected":false},"excerpt":{"rendered":"<p>&nbsp; Por fin pudimos hacer entrega de los premios a los ganadores del concurso fotogr\u00e1fico organizado por nuestra Asociaci\u00f3n para los socios y socias. Bajo la tem\u00e1tica MATERNIDAD y para celebrar el d\u00eda de la madre, propusimos esta idea y se proclamaron ganadores Juan Infante con el 1\u00ba Premio; Mar Revilla con el 2\u00ba Premio y Claudio Pomares con el 3\u00ba Premio. Dar las gracias a todos los participantes y<\/p>\n<div class=\"belowpost\"><a class=\"btnmore\" href=\"https:\/\/www.huelvaysusfotografos.com\/?p=4256\">Seguir leyendo<\/a><\/div>\n","protected":false},"author":41,"featured_media":4261,"comment_status":"open","ping_status":"open","sticky":false,"template":"","format":"standard","meta":{"footnotes":"","_links_to":"","_links_to_target":""},"categories":[53],"tags":[],"class_list":["post-4256","post","type-post","status-publish","format-standard","has-post-thumbnail","hentry","category-premios"],"_links":{"self":[{"href":"https:\/\/www.huelvaysusfotografos.com\/index.php?rest_route=\/wp\/v2\/posts\/4256","targetHints":{"allow":["GET"]}}],"collection":[{"href":"https:\/\/www.huelvaysusfotografos.com\/index.php?rest_route=\/wp\/v2\/posts"}],"about":[{"href":"https:\/\/www.huelvaysusfotografos.com\/index.php?rest_route=\/wp\/v2\/types\/post"}],"author":[{"embeddable":true,"href":"https:\/\/www.huelvaysusfotografos.com\/index.php?rest_route=\/wp\/v2\/users\/41"}],"replies":[{"embeddable":true,"href":"https:\/\/www.huelvaysusfotografos.com\/index.php?rest_route=%2Fwp%2Fv2%2Fcomments&post=4256"}],"version-history":[{"count":2,"href":"https:\/\/www.huelvaysusfotografos.com\/index.php?rest_route=\/wp\/v2\/posts\/4256\/revisions"}],"predecessor-version":[{"id":4262,"href":"https:\/\/www.huelvaysusfotografos.com\/index.php?rest_route=\/wp\/v2\/posts\/4256\/revisions\/4262"}],"wp:featuredmedia":[{"embeddable":true,"href":"https:\/\/www.huelvaysusfotografos.com\/index.php?rest_route=\/wp\/v2\/media\/4261"}],"wp:attachment":[{"href":"https:\/\/www.huelvaysusfotografos.com\/index.php?rest_route=%2Fwp%2Fv2%2Fmedia&parent=4256"}],"wp:term":[{"taxonomy":"category","embeddable":true,"href":"https:\/\/www.huelvaysusfotografos.com\/index.php?rest_route=%2Fwp%2Fv2%2Fcategories&post=4256"},{"taxonomy":"post_tag","embeddable":true,"href":"https:\/\/www.huelvaysusfotografos.com\/index.php?rest_route=%2Fwp%2Fv2%2Ftags&post=4256"}],"curies":[{"name":"wp","href":"https:\/\/api.w.org\/{rel}","templated":true}]}}