{"id":4252,"date":"2015-05-04T21:28:36","date_gmt":"2015-05-04T20:28:36","guid":{"rendered":"http:\/\/www.huelvaysusfotografos.com\/?p=4252"},"modified":"2015-05-04T21:28:36","modified_gmt":"2015-05-04T20:28:36","slug":"una-tarde-con-cesar-gil","status":"publish","type":"post","link":"https:\/\/www.huelvaysusfotografos.com\/?p=4252","title":{"rendered":"Una tarde con C\u00e9sar Gil"},"content":{"rendered":"<p style=\"text-align: justify;\">Este jueves 7 de mayo a las 19:00 horas, tendremos a C\u00e9sar Gil con nosotros en el Estudio Dulfi Photografy de la Calle Marina de Huelva. No faltes, la entrada es libre y podr\u00e1s aprender de su trabajo fotogr\u00e1fico. Te esperamos!!<\/p>\n<p style=\"text-align: justify;\"><a href=\"https:\/\/www.huelvaysusfotografos.com\/wp-content\/uploads\/2015\/05\/Una-tarde-con-C\u00e9sar-Gil-1.jpg\"><img loading=\"lazy\" decoding=\"async\" width=\"300\" height=\"150\" class=\"aligncenter size-medium wp-image-4253\" src=\"https:\/\/www.huelvaysusfotografos.com\/wp-content\/uploads\/2015\/05\/Una-tarde-con-C\u00e9sar-Gil-1-300x150.jpg\" alt=\"Una tarde con C\u00e9sar Gil 1\" srcset=\"https:\/\/www.huelvaysusfotografos.com\/wp-content\/uploads\/2015\/05\/Una-tarde-con-C\u00e9sar-Gil-1-300x150.jpg 300w, https:\/\/www.huelvaysusfotografos.com\/wp-content\/uploads\/2015\/05\/Una-tarde-con-C\u00e9sar-Gil-1-1024x512.jpg 1024w, https:\/\/www.huelvaysusfotografos.com\/wp-content\/uploads\/2015\/05\/Una-tarde-con-C\u00e9sar-Gil-1-768x384.jpg 768w, https:\/\/www.huelvaysusfotografos.com\/wp-content\/uploads\/2015\/05\/Una-tarde-con-C\u00e9sar-Gil-1-1536x768.jpg 1536w, https:\/\/www.huelvaysusfotografos.com\/wp-content\/uploads\/2015\/05\/Una-tarde-con-C\u00e9sar-Gil-1-2048x1024.jpg 2048w\" sizes=\"auto, (max-width: 300px) 100vw, 300px\" \/><\/a><\/p>\n<p style=\"text-align: justify;\">\n","protected":false},"excerpt":{"rendered":"<p>Este jueves 7 de mayo a las 19:00 horas, tendremos a C\u00e9sar Gil con nosotros en el Estudio Dulfi Photografy de la Calle Marina de Huelva. No faltes, la entrada es libre y podr\u00e1s aprender de su trabajo fotogr\u00e1fico. Te esperamos!!<\/p>\n","protected":false},"author":41,"featured_media":4254,"comment_status":"open","ping_status":"open","sticky":false,"template":"","format":"standard","meta":{"footnotes":"","_links_to":"","_links_to_target":""},"categories":[3],"tags":[],"class_list":["post-4252","post","type-post","status-publish","format-standard","has-post-thumbnail","hentry","category-noticias"],"_links":{"self":[{"href":"https:\/\/www.huelvaysusfotografos.com\/index.php?rest_route=\/wp\/v2\/posts\/4252","targetHints":{"allow":["GET"]}}],"collection":[{"href":"https:\/\/www.huelvaysusfotografos.com\/index.php?rest_route=\/wp\/v2\/posts"}],"about":[{"href":"https:\/\/www.huelvaysusfotografos.com\/index.php?rest_route=\/wp\/v2\/types\/post"}],"author":[{"embeddable":true,"href":"https:\/\/www.huelvaysusfotografos.com\/index.php?rest_route=\/wp\/v2\/users\/41"}],"replies":[{"embeddable":true,"href":"https:\/\/www.huelvaysusfotografos.com\/index.php?rest_route=%2Fwp%2Fv2%2Fcomments&post=4252"}],"version-history":[{"count":1,"href":"https:\/\/www.huelvaysusfotografos.com\/index.php?rest_route=\/wp\/v2\/posts\/4252\/revisions"}],"predecessor-version":[{"id":4255,"href":"https:\/\/www.huelvaysusfotografos.com\/index.php?rest_route=\/wp\/v2\/posts\/4252\/revisions\/4255"}],"wp:featuredmedia":[{"embeddable":true,"href":"https:\/\/www.huelvaysusfotografos.com\/index.php?rest_route=\/wp\/v2\/media\/4254"}],"wp:attachment":[{"href":"https:\/\/www.huelvaysusfotografos.com\/index.php?rest_route=%2Fwp%2Fv2%2Fmedia&parent=4252"}],"wp:term":[{"taxonomy":"category","embeddable":true,"href":"https:\/\/www.huelvaysusfotografos.com\/index.php?rest_route=%2Fwp%2Fv2%2Fcategories&post=4252"},{"taxonomy":"post_tag","embeddable":true,"href":"https:\/\/www.huelvaysusfotografos.com\/index.php?rest_route=%2Fwp%2Fv2%2Ftags&post=4252"}],"curies":[{"name":"wp","href":"https:\/\/api.w.org\/{rel}","templated":true}]}}