{"id":4233,"date":"2015-04-09T16:42:42","date_gmt":"2015-04-09T15:42:42","guid":{"rendered":"http:\/\/www.huelvaysusfotografos.com\/?p=4233"},"modified":"2015-07-26T19:16:52","modified_gmt":"2015-07-26T18:16:52","slug":"celebraremos-el-dia-de-la-madre-con-las-imagenes","status":"publish","type":"post","link":"https:\/\/www.huelvaysusfotografos.com\/?p=4233","title":{"rendered":"Celebraremos el D\u00eda de la Madre con las im\u00e1genes"},"content":{"rendered":"<p>&nbsp;<\/p>\n<p>Hemos preparado este concurso para nuestros socios y socias, con la intenci\u00f3n de celebrar el D\u00eda de la Madre el pr\u00f3ximo 3 de mayo. Para ello se ha pedido interpretar la maternidad por medio de fotograf\u00edas.\u00a0A los que no se\u00e1is socios\/as os mostraremos el resultado de esta iniciativa a primeros de mayo coincidiendo con este d\u00eda tan especial<br \/>\n<a href=\"https:\/\/www.huelvaysusfotografos.com\/wp-content\/uploads\/2015\/04\/Cartel-concurso-Maternidad-2.jpg\"><img loading=\"lazy\" decoding=\"async\" width=\"217\" height=\"300\" class=\"aligncenter size-medium wp-image-4234\" src=\"https:\/\/www.huelvaysusfotografos.com\/wp-content\/uploads\/2015\/04\/Cartel-concurso-Maternidad-2-217x300.jpg\" alt=\"Cartel concurso Maternidad 2\" srcset=\"https:\/\/www.huelvaysusfotografos.com\/wp-content\/uploads\/2015\/04\/Cartel-concurso-Maternidad-2-217x300.jpg 217w, https:\/\/www.huelvaysusfotografos.com\/wp-content\/uploads\/2015\/04\/Cartel-concurso-Maternidad-2-742x1024.jpg 742w, https:\/\/www.huelvaysusfotografos.com\/wp-content\/uploads\/2015\/04\/Cartel-concurso-Maternidad-2-768x1060.jpg 768w, https:\/\/www.huelvaysusfotografos.com\/wp-content\/uploads\/2015\/04\/Cartel-concurso-Maternidad-2-1113x1536.jpg 1113w, https:\/\/www.huelvaysusfotografos.com\/wp-content\/uploads\/2015\/04\/Cartel-concurso-Maternidad-2-1484x2048.jpg 1484w, https:\/\/www.huelvaysusfotografos.com\/wp-content\/uploads\/2015\/04\/Cartel-concurso-Maternidad-2-scaled.jpg 1855w\" sizes=\"auto, (max-width: 217px) 100vw, 217px\" \/><\/a><\/p>\n","protected":false},"excerpt":{"rendered":"<p>&nbsp; Hemos preparado este concurso para nuestros socios y socias, con la intenci\u00f3n de celebrar el D\u00eda de la Madre el pr\u00f3ximo 3 de mayo. Para ello se ha pedido interpretar la maternidad por medio de fotograf\u00edas.\u00a0A los que no se\u00e1is socios\/as os mostraremos el resultado de esta iniciativa a primeros de mayo coincidiendo con este d\u00eda tan especial<\/p>\n","protected":false},"author":41,"featured_media":4236,"comment_status":"open","ping_status":"open","sticky":false,"template":"","format":"standard","meta":{"footnotes":"","_links_to":"","_links_to_target":""},"categories":[4,12],"tags":[],"class_list":["post-4233","post","type-post","status-publish","format-standard","has-post-thumbnail","hentry","category-actividades","category-concursos"],"_links":{"self":[{"href":"https:\/\/www.huelvaysusfotografos.com\/index.php?rest_route=\/wp\/v2\/posts\/4233","targetHints":{"allow":["GET"]}}],"collection":[{"href":"https:\/\/www.huelvaysusfotografos.com\/index.php?rest_route=\/wp\/v2\/posts"}],"about":[{"href":"https:\/\/www.huelvaysusfotografos.com\/index.php?rest_route=\/wp\/v2\/types\/post"}],"author":[{"embeddable":true,"href":"https:\/\/www.huelvaysusfotografos.com\/index.php?rest_route=\/wp\/v2\/users\/41"}],"replies":[{"embeddable":true,"href":"https:\/\/www.huelvaysusfotografos.com\/index.php?rest_route=%2Fwp%2Fv2%2Fcomments&post=4233"}],"version-history":[{"count":1,"href":"https:\/\/www.huelvaysusfotografos.com\/index.php?rest_route=\/wp\/v2\/posts\/4233\/revisions"}],"predecessor-version":[{"id":4235,"href":"https:\/\/www.huelvaysusfotografos.com\/index.php?rest_route=\/wp\/v2\/posts\/4233\/revisions\/4235"}],"wp:featuredmedia":[{"embeddable":true,"href":"https:\/\/www.huelvaysusfotografos.com\/index.php?rest_route=\/wp\/v2\/media\/4236"}],"wp:attachment":[{"href":"https:\/\/www.huelvaysusfotografos.com\/index.php?rest_route=%2Fwp%2Fv2%2Fmedia&parent=4233"}],"wp:term":[{"taxonomy":"category","embeddable":true,"href":"https:\/\/www.huelvaysusfotografos.com\/index.php?rest_route=%2Fwp%2Fv2%2Fcategories&post=4233"},{"taxonomy":"post_tag","embeddable":true,"href":"https:\/\/www.huelvaysusfotografos.com\/index.php?rest_route=%2Fwp%2Fv2%2Ftags&post=4233"}],"curies":[{"name":"wp","href":"https:\/\/api.w.org\/{rel}","templated":true}]}}