{"id":4224,"date":"2015-04-08T22:07:44","date_gmt":"2015-04-08T21:07:44","guid":{"rendered":"http:\/\/www.huelvaysusfotografos.com\/?p=4224"},"modified":"2015-04-08T22:08:19","modified_gmt":"2015-04-08T21:08:19","slug":"fallo-del-concurso-huelva-y-su-patrimonio-industrial-minero","status":"publish","type":"post","link":"https:\/\/www.huelvaysusfotografos.com\/?p=4224","title":{"rendered":"Fallo del concurso HUELVA Y SU PATRIMONIO INDUSTRIAL MINERO"},"content":{"rendered":"<p>Hoy en las redes sociales no ha llegado la noticia:<\/p>\n<p style=\"text-align: justify;\">El 8 de abril de 2014, a las 9.30 h. en el Centro de Visitantes \u201cHuelva, Puerta del Atl\u00e1ntico\u201d, se re\u00fane el Jurado que fallar\u00e1 el Concurso de fotograf\u00edas \u201cHUELVA A TRAV\u00c9S DE LA FOTOGRAF\u00cdA: HUELVA Y SU PATRIMONIO INDUSTRIAL MINERO\u201d, organizado por la Concejal\u00eda de Turismo del Ayuntamiento de Huelva en colaboraci\u00f3n con FieldworkRiotinto, Migraciones Servicios Tur\u00edsticos y Aires Africanos; y el Patrocinio de Elena S. Balonga- Fotograf\u00eda. Dicho jurado h<span class=\"text_exposed_show\">a estado compuesto por Pedro Delgado (Fot\u00f3grafo Profesional), Emilio Romero (Profesor de la UHU, aficionado a la fotograf\u00eda y Experto en Patrimonio) y Juana M\u00aa Mart\u00edn Infantes (Dinamizadora de la Concejal\u00eda de Turismo del Ayuntamiento de Huelva).\u00a0<\/span><\/p>\n<div class=\"text_exposed_show\">\n<p style=\"text-align: justify;\">A dicho concurso se han presentado 23 participantes. Una vez valoradas las fotograf\u00edas presentadas seg\u00fan las bases, se ha fallado el concurso siendo el resultado de ganadores el siguiente:<\/p>\n<\/div>\n<ul>\n<li>PRIMER PREMIO , a la imagen titulada \u00abSurtidor en minas de Tharsis\u00bb (Huelva), de Pedro J. Ruiz- Constantino P\u00e9rez<\/li>\n<\/ul>\n<p><img loading=\"lazy\" decoding=\"async\" width=\"300\" height=\"225\" class=\"aligncenter size-medium wp-image-4226\" src=\"https:\/\/www.huelvaysusfotografos.com\/wp-content\/uploads\/2015\/04\/11046891_884488631607286_7897163738856725328_o-300x225.jpg\" alt=\"11046891_884488631607286_7897163738856725328_o\" srcset=\"https:\/\/www.huelvaysusfotografos.com\/wp-content\/uploads\/2015\/04\/11046891_884488631607286_7897163738856725328_o-300x225.jpg 300w, https:\/\/www.huelvaysusfotografos.com\/wp-content\/uploads\/2015\/04\/11046891_884488631607286_7897163738856725328_o-1024x768.jpg 1024w, https:\/\/www.huelvaysusfotografos.com\/wp-content\/uploads\/2015\/04\/11046891_884488631607286_7897163738856725328_o-768x576.jpg 768w, https:\/\/www.huelvaysusfotografos.com\/wp-content\/uploads\/2015\/04\/11046891_884488631607286_7897163738856725328_o-160x120.jpg 160w, https:\/\/www.huelvaysusfotografos.com\/wp-content\/uploads\/2015\/04\/11046891_884488631607286_7897163738856725328_o.jpg 1034w\" sizes=\"auto, (max-width: 300px) 100vw, 300px\" \/><\/p>\n<ul>\n<li>SEGUNDO PREMIO, a la imagen titulada \u00abVagones del mineral\u00bb (Minas de Riotinto, Huelva), de Flor N\u00fa\u00f1ez Nieto<\/li>\n<\/ul>\n<p><a href=\"https:\/\/www.huelvaysusfotografos.com\/wp-content\/uploads\/2015\/04\/10448558_884488628273953_1511093703610359796_o.jpg\"><img loading=\"lazy\" decoding=\"async\" width=\"300\" height=\"200\" class=\"aligncenter size-medium wp-image-4225\" src=\"https:\/\/www.huelvaysusfotografos.com\/wp-content\/uploads\/2015\/04\/10448558_884488628273953_1511093703610359796_o-300x200.jpg\" alt=\"10448558_884488628273953_1511093703610359796_o\" srcset=\"https:\/\/www.huelvaysusfotografos.com\/wp-content\/uploads\/2015\/04\/10448558_884488628273953_1511093703610359796_o-300x200.jpg 300w, https:\/\/www.huelvaysusfotografos.com\/wp-content\/uploads\/2015\/04\/10448558_884488628273953_1511093703610359796_o-1024x682.jpg 1024w, https:\/\/www.huelvaysusfotografos.com\/wp-content\/uploads\/2015\/04\/10448558_884488628273953_1511093703610359796_o-768x512.jpg 768w, https:\/\/www.huelvaysusfotografos.com\/wp-content\/uploads\/2015\/04\/10448558_884488628273953_1511093703610359796_o-120x80.jpg 120w, https:\/\/www.huelvaysusfotografos.com\/wp-content\/uploads\/2015\/04\/10448558_884488628273953_1511093703610359796_o.jpg 1181w\" sizes=\"auto, (max-width: 300px) 100vw, 300px\" \/><\/a><\/p>\n<ul>\n<li>ERCER PREMIO, a la imagen titulada \u00abMaquinas del tiempo\u00bb (Minas de Riotinto, Huelva), de Manuel Silva G\u00f3mez<\/li>\n<\/ul>\n<p style=\"text-align: center;\"><a href=\"https:\/\/www.huelvaysusfotografos.com\/wp-content\/uploads\/2015\/04\/11102849_884488641607285_8251569669211732875_o.jpg\"><img loading=\"lazy\" decoding=\"async\" width=\"300\" height=\"225\" class=\"aligncenter size-medium wp-image-4227\" src=\"https:\/\/www.huelvaysusfotografos.com\/wp-content\/uploads\/2015\/04\/11102849_884488641607285_8251569669211732875_o-300x225.jpg\" alt=\"11102849_884488641607285_8251569669211732875_o\" srcset=\"https:\/\/www.huelvaysusfotografos.com\/wp-content\/uploads\/2015\/04\/11102849_884488641607285_8251569669211732875_o-300x225.jpg 300w, https:\/\/www.huelvaysusfotografos.com\/wp-content\/uploads\/2015\/04\/11102849_884488641607285_8251569669211732875_o-1024x768.jpg 1024w, https:\/\/www.huelvaysusfotografos.com\/wp-content\/uploads\/2015\/04\/11102849_884488641607285_8251569669211732875_o-768x576.jpg 768w, https:\/\/www.huelvaysusfotografos.com\/wp-content\/uploads\/2015\/04\/11102849_884488641607285_8251569669211732875_o-160x120.jpg 160w, https:\/\/www.huelvaysusfotografos.com\/wp-content\/uploads\/2015\/04\/11102849_884488641607285_8251569669211732875_o.jpg 1034w\" sizes=\"auto, (max-width: 300px) 100vw, 300px\" \/><\/a><\/p>\n","protected":false},"excerpt":{"rendered":"<p>Hoy en las redes sociales no ha llegado la noticia: El 8 de abril de 2014, a las 9.30 h. en el Centro de Visitantes \u201cHuelva, Puerta del Atl\u00e1ntico\u201d, se re\u00fane el Jurado que fallar\u00e1 el Concurso de fotograf\u00edas \u201cHUELVA A TRAV\u00c9S DE LA FOTOGRAF\u00cdA: HUELVA Y SU PATRIMONIO INDUSTRIAL MINERO\u201d, organizado por la Concejal\u00eda de Turismo del Ayuntamiento de Huelva en colaboraci\u00f3n con FieldworkRiotinto, Migraciones Servicios Tur\u00edsticos y Aires<\/p>\n<div class=\"belowpost\"><a class=\"btnmore\" href=\"https:\/\/www.huelvaysusfotografos.com\/?p=4224\">Seguir leyendo<\/a><\/div>\n","protected":false},"author":41,"featured_media":4176,"comment_status":"open","ping_status":"open","sticky":false,"template":"","format":"standard","meta":{"footnotes":"","_links_to":"","_links_to_target":""},"categories":[12],"tags":[],"class_list":["post-4224","post","type-post","status-publish","format-standard","has-post-thumbnail","hentry","category-concursos"],"_links":{"self":[{"href":"https:\/\/www.huelvaysusfotografos.com\/index.php?rest_route=\/wp\/v2\/posts\/4224","targetHints":{"allow":["GET"]}}],"collection":[{"href":"https:\/\/www.huelvaysusfotografos.com\/index.php?rest_route=\/wp\/v2\/posts"}],"about":[{"href":"https:\/\/www.huelvaysusfotografos.com\/index.php?rest_route=\/wp\/v2\/types\/post"}],"author":[{"embeddable":true,"href":"https:\/\/www.huelvaysusfotografos.com\/index.php?rest_route=\/wp\/v2\/users\/41"}],"replies":[{"embeddable":true,"href":"https:\/\/www.huelvaysusfotografos.com\/index.php?rest_route=%2Fwp%2Fv2%2Fcomments&post=4224"}],"version-history":[{"count":3,"href":"https:\/\/www.huelvaysusfotografos.com\/index.php?rest_route=\/wp\/v2\/posts\/4224\/revisions"}],"predecessor-version":[{"id":4230,"href":"https:\/\/www.huelvaysusfotografos.com\/index.php?rest_route=\/wp\/v2\/posts\/4224\/revisions\/4230"}],"wp:featuredmedia":[{"embeddable":true,"href":"https:\/\/www.huelvaysusfotografos.com\/index.php?rest_route=\/wp\/v2\/media\/4176"}],"wp:attachment":[{"href":"https:\/\/www.huelvaysusfotografos.com\/index.php?rest_route=%2Fwp%2Fv2%2Fmedia&parent=4224"}],"wp:term":[{"taxonomy":"category","embeddable":true,"href":"https:\/\/www.huelvaysusfotografos.com\/index.php?rest_route=%2Fwp%2Fv2%2Fcategories&post=4224"},{"taxonomy":"post_tag","embeddable":true,"href":"https:\/\/www.huelvaysusfotografos.com\/index.php?rest_route=%2Fwp%2Fv2%2Ftags&post=4224"}],"curies":[{"name":"wp","href":"https:\/\/api.w.org\/{rel}","templated":true}]}}