{"id":4213,"date":"2015-04-08T21:56:13","date_gmt":"2015-04-08T20:56:13","guid":{"rendered":"http:\/\/www.huelvaysusfotografos.com\/?p=4213"},"modified":"2015-04-08T21:56:13","modified_gmt":"2015-04-08T20:56:13","slug":"colaboramos-en-el-concurso-huelva-y-sus-paisajes-naturales","status":"publish","type":"post","link":"https:\/\/www.huelvaysusfotografos.com\/?p=4213","title":{"rendered":"Colaboramos en el concurso HUELVA Y SUS PAISAJES NATURALES"},"content":{"rendered":"<p style=\"text-align: justify;\">Desde hace tiempo venimos colaborando con la Concejal\u00eda de Turismo en este concurso, en esta ocasi\u00f3n la tem\u00e1tica es \u00abHuelva y sus paisajes naturales\u00bb. Ten\u00e9is 3 meses para entregar las fotos v\u00eda mail, hasta el 30 de junio, sin cuota de inscripci\u00f3n. Leed bien las bases sobre todo lo referido a la tem\u00e1tica, son paisajes naturales o aquellos en los que la intervenci\u00f3n del hombre ha sido m\u00ednima o nula; tambi\u00e9n leed los requisitos de MB, dimensiones de entrega y datos necesarios.<\/p>\n<p>&nbsp;<\/p>\n<p>Si no veis bien haced clic sobre la imagen que se ve mejor. En todo caso pod\u00e9is pedir a turismo2@huelva.es.<a href=\"https:\/\/www.huelvaysusfotografos.com\/wp-content\/uploads\/2015\/04\/Punta-Umbr\u00eda-8.jpg\"><br \/>\n<\/a><\/p>\n<p><a href=\"https:\/\/www.huelvaysusfotografos.com\/wp-content\/uploads\/2015\/04\/Captura-de-pantalla-2015-04-01-a-las-18.47.05.png\"><img loading=\"lazy\" decoding=\"async\" width=\"221\" height=\"300\" class=\"aligncenter size-medium wp-image-4214\" src=\"https:\/\/www.huelvaysusfotografos.com\/wp-content\/uploads\/2015\/04\/Captura-de-pantalla-2015-04-01-a-las-18.47.05-221x300.png\" alt=\"Captura de pantalla 2015-04-01 a la(s) 18.47.05\" srcset=\"https:\/\/www.huelvaysusfotografos.com\/wp-content\/uploads\/2015\/04\/Captura-de-pantalla-2015-04-01-a-las-18.47.05-221x300.png 221w, https:\/\/www.huelvaysusfotografos.com\/wp-content\/uploads\/2015\/04\/Captura-de-pantalla-2015-04-01-a-las-18.47.05.png 686w\" sizes=\"auto, (max-width: 221px) 100vw, 221px\" \/><\/a><\/p>\n<p><a href=\"https:\/\/www.huelvaysusfotografos.com\/wp-content\/uploads\/2015\/04\/Captura-de-pantalla-2015-04-01-a-las-18.48.05.png\"><img loading=\"lazy\" decoding=\"async\" width=\"246\" height=\"300\" class=\"aligncenter size-medium wp-image-4215\" src=\"https:\/\/www.huelvaysusfotografos.com\/wp-content\/uploads\/2015\/04\/Captura-de-pantalla-2015-04-01-a-las-18.48.05-246x300.png\" alt=\"Captura de pantalla 2015-04-01 a la(s) 18.48.05\" srcset=\"https:\/\/www.huelvaysusfotografos.com\/wp-content\/uploads\/2015\/04\/Captura-de-pantalla-2015-04-01-a-las-18.48.05-246x300.png 246w, https:\/\/www.huelvaysusfotografos.com\/wp-content\/uploads\/2015\/04\/Captura-de-pantalla-2015-04-01-a-las-18.48.05.png 689w\" sizes=\"auto, (max-width: 246px) 100vw, 246px\" \/><\/a><\/p>\n<p>&nbsp;<\/p>\n<p style=\"text-align: justify;\">Agradecemos la colaboraci\u00f3n en los premios del Centro Andaluz de la Fotograf\u00eda, del Ministerio de Cultura (Promoci\u00f3n del Arte), de SerOdiel, Aires Africanos y Flechamar. Y el patrocinio de nuestra amiga y socia Elena S\u00e1nchez Balonga-Fotograf\u00eda, que gracias a su aportaci\u00f3n ser\u00e1 posible la exposici\u00f3n final en diciembre de 2015.<\/p>\n<p>Esperamos vuestras fotos!<\/p>\n","protected":false},"excerpt":{"rendered":"<p>Desde hace tiempo venimos colaborando con la Concejal\u00eda de Turismo en este concurso, en esta ocasi\u00f3n la tem\u00e1tica es \u00abHuelva y sus paisajes naturales\u00bb. Ten\u00e9is 3 meses para entregar las fotos v\u00eda mail, hasta el 30 de junio, sin cuota de inscripci\u00f3n. Leed bien las bases sobre todo lo referido a la tem\u00e1tica, son paisajes naturales o aquellos en los que la intervenci\u00f3n del hombre ha sido m\u00ednima o nula;<\/p>\n<div class=\"belowpost\"><a class=\"btnmore\" href=\"https:\/\/www.huelvaysusfotografos.com\/?p=4213\">Seguir leyendo<\/a><\/div>\n","protected":false},"author":41,"featured_media":4216,"comment_status":"open","ping_status":"open","sticky":false,"template":"","format":"standard","meta":{"footnotes":"","_links_to":"","_links_to_target":""},"categories":[12],"tags":[],"class_list":["post-4213","post","type-post","status-publish","format-standard","has-post-thumbnail","hentry","category-concursos"],"_links":{"self":[{"href":"https:\/\/www.huelvaysusfotografos.com\/index.php?rest_route=\/wp\/v2\/posts\/4213","targetHints":{"allow":["GET"]}}],"collection":[{"href":"https:\/\/www.huelvaysusfotografos.com\/index.php?rest_route=\/wp\/v2\/posts"}],"about":[{"href":"https:\/\/www.huelvaysusfotografos.com\/index.php?rest_route=\/wp\/v2\/types\/post"}],"author":[{"embeddable":true,"href":"https:\/\/www.huelvaysusfotografos.com\/index.php?rest_route=\/wp\/v2\/users\/41"}],"replies":[{"embeddable":true,"href":"https:\/\/www.huelvaysusfotografos.com\/index.php?rest_route=%2Fwp%2Fv2%2Fcomments&post=4213"}],"version-history":[{"count":2,"href":"https:\/\/www.huelvaysusfotografos.com\/index.php?rest_route=\/wp\/v2\/posts\/4213\/revisions"}],"predecessor-version":[{"id":4218,"href":"https:\/\/www.huelvaysusfotografos.com\/index.php?rest_route=\/wp\/v2\/posts\/4213\/revisions\/4218"}],"wp:featuredmedia":[{"embeddable":true,"href":"https:\/\/www.huelvaysusfotografos.com\/index.php?rest_route=\/wp\/v2\/media\/4216"}],"wp:attachment":[{"href":"https:\/\/www.huelvaysusfotografos.com\/index.php?rest_route=%2Fwp%2Fv2%2Fmedia&parent=4213"}],"wp:term":[{"taxonomy":"category","embeddable":true,"href":"https:\/\/www.huelvaysusfotografos.com\/index.php?rest_route=%2Fwp%2Fv2%2Fcategories&post=4213"},{"taxonomy":"post_tag","embeddable":true,"href":"https:\/\/www.huelvaysusfotografos.com\/index.php?rest_route=%2Fwp%2Fv2%2Ftags&post=4213"}],"curies":[{"name":"wp","href":"https:\/\/api.w.org\/{rel}","templated":true}]}}