{"id":4169,"date":"2015-03-04T19:24:47","date_gmt":"2015-03-04T18:24:47","guid":{"rendered":"http:\/\/www.huelvaysusfotografos.com\/?p=4169"},"modified":"2015-03-04T19:58:59","modified_gmt":"2015-03-04T18:58:59","slug":"concursos-a-la-vista","status":"publish","type":"post","link":"https:\/\/www.huelvaysusfotografos.com\/?p=4169","title":{"rendered":"CONCURSOS A LA VISTA!!!"},"content":{"rendered":"<p>Recogiendo algunas propuestas de nuestros socios, vamos a ir recopilando algunos concursos pr\u00f3ximos&#8230;. luego informarnos de que hab\u00e9is sido premiados, que ser\u00e1 una gran alegr\u00eda:<\/p>\n<p>&nbsp;<\/p>\n<h1>CONCURSO FOTOGR\u00c1FICO \u00abSOMBRAS\u00bb<\/h1>\n<p>Hasta el 8 de marzo<\/p>\n<p>&nbsp;<\/p>\n<p>Bases:\u00a0<a href=\"https:\/\/www.flickr.com\/groups\/huelva_y_sus_fotografos\/discuss\/72157648789143654\/\">https:\/\/www.flickr.com\/groups\/huelva_y_sus_fotografos\/discuss\/72157648789143654\/<\/a>)<\/p>\n<p><a href=\"https:\/\/www.huelvaysusfotografos.com\/wp-content\/uploads\/2015\/03\/Captura-de-pantalla-2015-03-03-a-las-20.23.59.png\"><img loading=\"lazy\" decoding=\"async\" width=\"300\" height=\"141\" class=\"aligncenter size-medium wp-image-4186\" src=\"https:\/\/www.huelvaysusfotografos.com\/wp-content\/uploads\/2015\/03\/Captura-de-pantalla-2015-03-03-a-las-20.23.59-300x141.png\" alt=\"Captura de pantalla 2015-03-03 a la(s) 20.23.59\" srcset=\"https:\/\/www.huelvaysusfotografos.com\/wp-content\/uploads\/2015\/03\/Captura-de-pantalla-2015-03-03-a-las-20.23.59-300x141.png 300w, https:\/\/www.huelvaysusfotografos.com\/wp-content\/uploads\/2015\/03\/Captura-de-pantalla-2015-03-03-a-las-20.23.59.png 517w\" sizes=\"auto, (max-width: 300px) 100vw, 300px\" \/><\/a><\/p>\n<h1>CONCURSO FOTOGR\u00c1FICO DIGITAL MEDIEVAL<\/h1>\n<p>Organiza: Palos de la Frontera<\/p>\n<p>Plazo de inscripci\u00f3n 13 marzo aprox<\/p>\n<p>Desarrollo durante la feria<\/p>\n<p>Informaci\u00f3n<span style=\"color: #000000;\">:\u00a0<\/span><span style=\"color: #ffffff;\"><span style=\"color: #000000;\">Tlf. 959 350 100 &#8211; Email<\/span>\u00a0<\/span><a href=\"mailto:sac@palosfrontera.com\">sac@palosfrontera.com<\/a><\/p>\n<p><a href=\"https:\/\/www.huelvaysusfotografos.com\/wp-content\/uploads\/2015\/03\/Captura-de-pantalla-2015-03-04-a-las-19.38.06.png\"><img loading=\"lazy\" decoding=\"async\" width=\"300\" height=\"187\" class=\"aligncenter size-medium wp-image-4196\" src=\"https:\/\/www.huelvaysusfotografos.com\/wp-content\/uploads\/2015\/03\/Captura-de-pantalla-2015-03-04-a-las-19.38.06-300x187.png\" alt=\"Captura de pantalla 2015-03-04 a la(s) 19.38.06\" srcset=\"https:\/\/www.huelvaysusfotografos.com\/wp-content\/uploads\/2015\/03\/Captura-de-pantalla-2015-03-04-a-las-19.38.06-300x187.png 300w, https:\/\/www.huelvaysusfotografos.com\/wp-content\/uploads\/2015\/03\/Captura-de-pantalla-2015-03-04-a-las-19.38.06-768x479.png 768w, https:\/\/www.huelvaysusfotografos.com\/wp-content\/uploads\/2015\/03\/Captura-de-pantalla-2015-03-04-a-las-19.38.06.png 953w\" sizes=\"auto, (max-width: 300px) 100vw, 300px\" \/><\/a><\/p>\n<h1>XI CONCURSO DE FOTOGRAF\u00cdA DE NATURALEZA CIUTAt\u00a0DE VILA-REAL<\/h1>\n<p>Hasta el 15 de marzo<\/p>\n<p>Bases:\u00a0<a href=\"http:\/\/www.vila-real.es\/portal\/RecursosWeb\/DOCUMENTOS\/1\/0_17980_1.pdf\">http:\/\/www.vila-real.es\/portal\/RecursosWeb\/DOCUMENTOS\/1\/0_17980_1.pdf\u00a0<\/a><\/p>\n<p><a href=\"https:\/\/www.huelvaysusfotografos.com\/wp-content\/uploads\/2015\/03\/1507257_756447231111392_4212662201594504152_o.jpg\"><img loading=\"lazy\" decoding=\"async\" width=\"203\" height=\"300\" class=\"aligncenter size-full wp-image-4185\" src=\"https:\/\/www.huelvaysusfotografos.com\/wp-content\/uploads\/2015\/03\/1507257_756447231111392_4212662201594504152_o.jpg\" alt=\"1507257_756447231111392_4212662201594504152_o\" \/><\/a><\/p>\n<p>&nbsp;<\/p>\n<h1><span style=\"color: #141823;\">CONCURSO FOTOGR\u00c1FICO \u00a0<\/span>VILLA DE HINOJOS<\/h1>\n<p>D\u00eda 15 de marzo<\/p>\n<p>S<span style=\"color: #141823;\">obre Hinojos y su t\u00e9rmino natural<\/span><\/p>\n<p>Bases:\u00a0<a href=\"http:\/\/www.condadonoticias.com\/index.php\/cultura\/3917-bases-del-concurso-fotografico-villa-de-hinojos\">http:\/\/www.condadonoticias.com\/index.php\/cultura\/3917-bases-del-concurso-fotografico-villa-de-hinojos<\/a><\/p>\n<p><a href=\"https:\/\/www.huelvaysusfotografos.com\/wp-content\/uploads\/2015\/03\/10991368_10206237835647519_6257739655861267383_n.jpg\"><img loading=\"lazy\" decoding=\"async\" width=\"300\" height=\"212\" class=\"aligncenter size-medium wp-image-4179\" src=\"https:\/\/www.huelvaysusfotografos.com\/wp-content\/uploads\/2015\/03\/10991368_10206237835647519_6257739655861267383_n-300x212.jpg\" alt=\"10991368_10206237835647519_6257739655861267383_n\" srcset=\"https:\/\/www.huelvaysusfotografos.com\/wp-content\/uploads\/2015\/03\/10991368_10206237835647519_6257739655861267383_n-300x212.jpg 300w, https:\/\/www.huelvaysusfotografos.com\/wp-content\/uploads\/2015\/03\/10991368_10206237835647519_6257739655861267383_n-768x543.jpg 768w, https:\/\/www.huelvaysusfotografos.com\/wp-content\/uploads\/2015\/03\/10991368_10206237835647519_6257739655861267383_n.jpg 900w\" sizes=\"auto, (max-width: 300px) 100vw, 300px\" \/><\/a><\/p>\n<h1><span style=\"color: #000000;\">I CONCURSO INTERNACIONAL DE FOTOGRAF\u00cdA ALICANTE<\/span><\/h1>\n<p>Hasta el d\u00eda 15 de marzo<\/p>\n<p>Informaci\u00f3n:\u00a0<a href=\"http:\/\/www.alicante.es\/redir.php?apartado=cultura&amp;pagina=noticia.php?codigo=2226&amp;titulo=Noticias%20-%20Patronato%20Municipal%20de%20Cultura%20\/%20Ayuntamiento%20de%20Alicante\">http:\/\/www.alicante.es\/redir.php?apartado=cultura&amp;pagina=noticia.php?codigo=2226&amp;titulo=Noticias%20-%20Patronato%20Municipal%20de%20Cultura%20\/%20Ayuntamiento%20de%20Alicante<\/a><\/p>\n<p>&nbsp;<\/p>\n<p><a href=\"https:\/\/www.huelvaysusfotografos.com\/wp-content\/uploads\/2015\/03\/concurso-fotgrafia-digital.jpg\"><img loading=\"lazy\" decoding=\"async\" class=\"aligncenter wp-image-4174 size-medium\" src=\"https:\/\/www.huelvaysusfotografos.com\/wp-content\/uploads\/2015\/03\/concurso-fotgrafia-digital-300x280.jpg\" alt=\"concurso-fotgrafia-digital\" width=\"300\" height=\"280\" srcset=\"https:\/\/www.huelvaysusfotografos.com\/wp-content\/uploads\/2015\/03\/concurso-fotgrafia-digital-300x280.jpg 300w, https:\/\/www.huelvaysusfotografos.com\/wp-content\/uploads\/2015\/03\/concurso-fotgrafia-digital.jpg 321w\" sizes=\"auto, (max-width: 300px) 100vw, 300px\" \/><\/a><\/p>\n<h1>CONCURSO FOTO\u00a0SIN FRONTERAS<\/h1>\n<p>Hasta el 16 de marzo<\/p>\n<p>Env\u00eda tu fotograf\u00eda a secaf@alliancefrancaise.es<br \/>\nInformaciones:<a href=\"http:\/\/www.alliancefrancaise.es\/es\/concurso-de-fotografia-2015\/-como-participar-\/59\">\u00a0http:\/\/www.alliancefrancaise.es\/es\/concurso-de-fotografia-2015\/-como-participar-\/59<\/a><\/p>\n<p><a href=\"https:\/\/www.huelvaysusfotografos.com\/wp-content\/uploads\/2015\/03\/1781574_859314957450804_6345321851805655334_o.jpg\"><img decoding=\"async\" class=\"aligncenter size-medium wp-image-4172\" src=\"https:\/\/www.huelvaysusfotografos.com\/wp-content\/uploads\/2015\/03\/1781574_859314957450804_6345321851805655334_o-251x300.jpg\" alt=\"1781574_859314957450804_6345321851805655334_o\" \/><\/a><\/p>\n<h1>45 CONCURSO NACIONAL DE FOTOGRAF\u00cdA LORA DEL R\u00cdO 2015<\/h1>\n<p>Hasta el 20 de marzo<\/p>\n<p>Informaci\u00f3n:\u00a0<a href=\"file:\/\/\/Users\/Juana\/Downloads\/TODOBases_ConcursosLora_del_Rio2015.pdf\">file:\/\/\/Users\/Juana\/Downloads\/TODOBases_ConcursosLora_del_Rio2015.pdf <\/a>\u00a0(pag 6)<\/p>\n<p>&nbsp;<\/p>\n<p><a href=\"https:\/\/www.huelvaysusfotografos.com\/wp-content\/uploads\/2015\/03\/Captura-de-pantalla-2015-03-04-a-las-19.45.15.png\"><img loading=\"lazy\" decoding=\"async\" width=\"300\" height=\"70\" class=\"aligncenter size-medium wp-image-4197\" src=\"https:\/\/www.huelvaysusfotografos.com\/wp-content\/uploads\/2015\/03\/Captura-de-pantalla-2015-03-04-a-las-19.45.15-300x70.png\" alt=\"Captura de pantalla 2015-03-04 a la(s) 19.45.15\" srcset=\"https:\/\/www.huelvaysusfotografos.com\/wp-content\/uploads\/2015\/03\/Captura-de-pantalla-2015-03-04-a-las-19.45.15-300x70.png 300w, https:\/\/www.huelvaysusfotografos.com\/wp-content\/uploads\/2015\/03\/Captura-de-pantalla-2015-03-04-a-las-19.45.15-768x180.png 768w, https:\/\/www.huelvaysusfotografos.com\/wp-content\/uploads\/2015\/03\/Captura-de-pantalla-2015-03-04-a-las-19.45.15.png 890w\" sizes=\"auto, (max-width: 300px) 100vw, 300px\" \/><\/a><\/p>\n<h1>IV CONCURSO DE FOTOGRAF\u00cdA AMBIENTAS ARAMBA<\/h1>\n<p>Hasta el 25 de marzo<\/p>\n<p>Informaci\u00f3n:\u00a0<a href=\"http:\/\/aramba.es\/concursos\/iv-concurso-de-fotografia-ambiental-aramba\/\">http:\/\/aramba.es\/concursos\/iv-concurso-de-fotografia-ambiental-aramba\/\u00a0<\/a><\/p>\n<p><a href=\"https:\/\/www.huelvaysusfotografos.com\/wp-content\/uploads\/2015\/03\/IV-Concurso-Foto-Aramba.jpg\"><img loading=\"lazy\" decoding=\"async\" width=\"204\" height=\"288\" class=\"aligncenter size-full wp-image-4198\" src=\"https:\/\/www.huelvaysusfotografos.com\/wp-content\/uploads\/2015\/03\/IV-Concurso-Foto-Aramba.jpg\" alt=\"IV Concurso Foto Aramba\" \/><\/a><\/p>\n<h1>HUELVA Y SU PATRIMONIO INDUSTRIAL MINERO<\/h1>\n<p>Hasta el 31 de marzo<\/p>\n<p>Pide bases completas a turismo2@huelva.es<\/p>\n<p>Organiza: Concejal\u00eda de Turismo del Ayuntamiento de Huelva<\/p>\n<p><a href=\"https:\/\/www.huelvaysusfotografos.com\/wp-content\/uploads\/2015\/03\/10991570_797394503649839_7608380450166266471_o.jpg\"><img loading=\"lazy\" decoding=\"async\" width=\"200\" height=\"300\" class=\"aligncenter size-medium wp-image-4176\" src=\"https:\/\/www.huelvaysusfotografos.com\/wp-content\/uploads\/2015\/03\/10991570_797394503649839_7608380450166266471_o-200x300.jpg\" alt=\"10991570_797394503649839_7608380450166266471_o\" srcset=\"https:\/\/www.huelvaysusfotografos.com\/wp-content\/uploads\/2015\/03\/10991570_797394503649839_7608380450166266471_o-200x300.jpg 200w, https:\/\/www.huelvaysusfotografos.com\/wp-content\/uploads\/2015\/03\/10991570_797394503649839_7608380450166266471_o-683x1024.jpg 683w, https:\/\/www.huelvaysusfotografos.com\/wp-content\/uploads\/2015\/03\/10991570_797394503649839_7608380450166266471_o-768x1151.jpg 768w, https:\/\/www.huelvaysusfotografos.com\/wp-content\/uploads\/2015\/03\/10991570_797394503649839_7608380450166266471_o-1025x1536.jpg 1025w, https:\/\/www.huelvaysusfotografos.com\/wp-content\/uploads\/2015\/03\/10991570_797394503649839_7608380450166266471_o.jpg 1366w\" sizes=\"auto, (max-width: 200px) 100vw, 200px\" \/><\/a><\/p>\n<p>&nbsp;<\/p>\n<h1>XX PREMIOS FUNDACI\u00d3N AENA 2015. FOTOGRAF\u00cdA<\/h1>\n<p>Del 16 al\u00a0\u00a031 de marzo<\/p>\n<p>Bases:<a href=\"%20http:\/\/fundacionaena.com\/wp-content\/uploads\/Bases.pdf\">\u00a0http:\/\/fundacionaena.com\/wp-content\/uploads\/Bases.pdf<\/a> (pag 4)<\/p>\n<p><a href=\"https:\/\/www.huelvaysusfotografos.com\/wp-content\/uploads\/2015\/03\/aena-e1425299643875.jpg\"><img loading=\"lazy\" decoding=\"async\" width=\"212\" height=\"300\" class=\"aligncenter size-medium wp-image-4177\" src=\"https:\/\/www.huelvaysusfotografos.com\/wp-content\/uploads\/2015\/03\/aena-e1425299643875-212x300.jpg\" alt=\"aena-e1425299643875\" srcset=\"https:\/\/www.huelvaysusfotografos.com\/wp-content\/uploads\/2015\/03\/aena-e1425299643875-212x300.jpg 212w, https:\/\/www.huelvaysusfotografos.com\/wp-content\/uploads\/2015\/03\/aena-e1425299643875.jpg 389w\" sizes=\"auto, (max-width: 212px) 100vw, 212px\" \/><\/a><\/p>\n<h1>XV CONCURSO FOTOGRAF\u00cdA DE ARQUITECTURA CONTEMPOR\u00c1NEA<\/h1>\n<p>Hasta el 30 de abril<\/p>\n<p>Organiza: Colegio Oficial de Arquitectos<\/p>\n<p>Informaci\u00f3n:\u00a0<a href=\"http:\/\/www.1arte.com\/showconcurso.php?estilo=&amp;concurso=15336#.VPdRf1qaFD0\">http:\/\/www.1arte.com\/showconcurso.php?estilo=&amp;concurso=15336#.VPdRf1qaFD0\u00a0<\/a><\/p>\n<h1><a href=\"https:\/\/www.huelvaysusfotografos.com\/wp-content\/uploads\/2015\/03\/arquitectos-huelva-e1329129711189.jpg\"><img loading=\"lazy\" decoding=\"async\" width=\"300\" height=\"165\" class=\"aligncenter size-medium wp-image-4195\" src=\"https:\/\/www.huelvaysusfotografos.com\/wp-content\/uploads\/2015\/03\/arquitectos-huelva-e1329129711189-300x165.jpg\" alt=\"arquitectos-huelva-e1329129711189\" srcset=\"https:\/\/www.huelvaysusfotografos.com\/wp-content\/uploads\/2015\/03\/arquitectos-huelva-e1329129711189-300x165.jpg 300w, https:\/\/www.huelvaysusfotografos.com\/wp-content\/uploads\/2015\/03\/arquitectos-huelva-e1329129711189.jpg 400w\" sizes=\"auto, (max-width: 300px) 100vw, 300px\" \/><\/a><\/h1>\n<h1>III CONCURSO FOTOGR\u00c1FICO INTERNACIONAL C\u00c1CERES DE FOTO<\/h1>\n<p>Hasta el 30 de abril<\/p>\n<p>Informaci\u00f3n:\u00a0<a href=\"http:\/\/extrefoto.com\/wp-content\/uploads\/2015\/01\/III-CONCURSO-C\u00c1CERES-DE-FOTO-definitiva-espa\u00f1ol.pdf\">http:\/\/extrefoto.com\/wp-content\/uploads\/2015\/01\/III-CONCURSO-C\u00c1CERES-DE-FOTO-definitiva-espa\u00f1ol.pdf<\/a><\/p>\n<p><a href=\"https:\/\/www.huelvaysusfotografos.com\/wp-content\/uploads\/2015\/03\/III-Concurso-Caceres-de-Foto-2015-web.jpg\"><img loading=\"lazy\" decoding=\"async\" width=\"215\" height=\"300\" class=\"aligncenter size-full wp-image-4200\" src=\"https:\/\/www.huelvaysusfotografos.com\/wp-content\/uploads\/2015\/03\/III-Concurso-Caceres-de-Foto-2015-web.jpg\" alt=\"III-Concurso-Caceres-de-Foto-2015-web\" \/><\/a><\/p>\n<h1>2\u00ba CONCURSO FOTOGR\u00c1FICO \u00abEL PATRIMONIO HIST\u00d3RICO DE MINAS DE HERRER\u00cdAS\u00bb<\/h1>\n<p>Hasta el 2 de mayo<\/p>\n<p>Bases:\u00a0<a href=\"http:\/\/www.asociacionherrerias.com\/es\/50-aniversario\/actividades\/concurso-de-fotograf%C3%ADa.html\">http:\/\/www.asociacionherrerias.com\/es\/50-aniversario\/actividades\/concurso-de-fotograf%C3%ADa.html<\/a><\/p>\n<p><a href=\"https:\/\/www.huelvaysusfotografos.com\/wp-content\/uploads\/2015\/03\/Concurso-Fotografico.jpg\"><img loading=\"lazy\" decoding=\"async\" width=\"212\" height=\"300\" class=\"aligncenter size-medium wp-image-4187\" src=\"https:\/\/www.huelvaysusfotografos.com\/wp-content\/uploads\/2015\/03\/Concurso-Fotografico-212x300.jpg\" alt=\"Concurso Fotografico\" srcset=\"https:\/\/www.huelvaysusfotografos.com\/wp-content\/uploads\/2015\/03\/Concurso-Fotografico-212x300.jpg 212w, https:\/\/www.huelvaysusfotografos.com\/wp-content\/uploads\/2015\/03\/Concurso-Fotografico.jpg 340w\" sizes=\"auto, (max-width: 212px) 100vw, 212px\" \/><\/a><\/p>\n<h1>5\u00ba CONCURSO FOTOGR\u00c1FICO AGUA\u00a0<span style=\"color: #141823;\">Y AGRICULTURA DE LA FRESA<\/span><\/h1>\n<p>Hasta el 4 de mayo<\/p>\n<p>Informaci\u00f3n:<a href=\"http:\/\/www.concursosdefotografia.com\/concursos\/5o-concurso-de-fotografia-de-la-comunidad-de-regantes-palos-de-la-frontera\/\">\u00a0http:\/\/www.concursosdefotografia.com\/concursos\/5o-concurso-de-fotografia-de-la-comunidad-de-regantes-palos-de-la-frontera\/<\/a><\/p>\n<p><strong><a href=\"https:\/\/www.huelvaysusfotografos.com\/wp-content\/uploads\/2015\/03\/10460395_796044760451480_4408560011536195043_n.jpg\"><img loading=\"lazy\" decoding=\"async\" width=\"300\" height=\"211\" class=\"aligncenter size-medium wp-image-4181\" src=\"https:\/\/www.huelvaysusfotografos.com\/wp-content\/uploads\/2015\/03\/10460395_796044760451480_4408560011536195043_n-300x211.jpg\" alt=\"10460395_796044760451480_4408560011536195043_n\" srcset=\"https:\/\/www.huelvaysusfotografos.com\/wp-content\/uploads\/2015\/03\/10460395_796044760451480_4408560011536195043_n-300x211.jpg 300w, https:\/\/www.huelvaysusfotografos.com\/wp-content\/uploads\/2015\/03\/10460395_796044760451480_4408560011536195043_n.jpg 480w\" sizes=\"auto, (max-width: 300px) 100vw, 300px\" \/><\/a><\/strong><\/p>\n<p>&nbsp;<\/p>\n<p style=\"text-align: center;\">Clickea en la foto para ver<\/p>\n<p>&nbsp;<\/p>\n<h1><span style=\"color: #141823;\">VI CERTAMEN FOTOGRAF\u00cdA ROMER\u00cdA DEL ROC\u00cdO\u00a0<\/span><\/h1>\n<p>Hasta el 15 de julio<\/p>\n<p>Bases:\u00a0<a href=\"http:\/\/www.hermandadmatrizrocio.org\/source\/2015\/Bases%202015%20VI%20Certamen%20Foto.pdf\">http:\/\/www.hermandadmatrizrocio.org\/source\/2015\/Bases%202015%20VI%20Certamen%20Foto.pdf<\/a><\/p>\n<p><a href=\"https:\/\/www.huelvaysusfotografos.com\/wp-content\/uploads\/2015\/03\/concurso-fotos-rocio-2015.jpg\"><img loading=\"lazy\" decoding=\"async\" width=\"209\" height=\"300\" class=\"aligncenter size-medium wp-image-4189\" src=\"https:\/\/www.huelvaysusfotografos.com\/wp-content\/uploads\/2015\/03\/concurso-fotos-rocio-2015-209x300.jpg\" alt=\"concurso-fotos-rocio-2015\" srcset=\"https:\/\/www.huelvaysusfotografos.com\/wp-content\/uploads\/2015\/03\/concurso-fotos-rocio-2015-209x300.jpg 209w, https:\/\/www.huelvaysusfotografos.com\/wp-content\/uploads\/2015\/03\/concurso-fotos-rocio-2015.jpg 502w\" sizes=\"auto, (max-width: 209px) 100vw, 209px\" \/><\/a><\/p>\n<p>&nbsp;<\/p>\n<p>Si quereis colaborar con esta secci\u00f3n, pod\u00e9is mandar vuestros concursos a huelvaysf@gmail.com.<\/p>\n<p>Gracias y esperamos que la informaci\u00f3n os se \u00fatil.<\/p>\n","protected":false},"excerpt":{"rendered":"<p>Recogiendo algunas propuestas de nuestros socios, vamos a ir recopilando algunos concursos pr\u00f3ximos&#8230;. luego informarnos de que hab\u00e9is sido premiados, que ser\u00e1 una gran alegr\u00eda: &nbsp; CONCURSO FOTOGR\u00c1FICO \u00abSOMBRAS\u00bb Hasta el 8 de marzo &nbsp; Bases:\u00a0https:\/\/www.flickr.com\/groups\/huelva_y_sus_fotografos\/discuss\/72157648789143654\/) CONCURSO FOTOGR\u00c1FICO DIGITAL MEDIEVAL Organiza: Palos de la Frontera Plazo de inscripci\u00f3n 13 marzo aprox Desarrollo durante la feria Informaci\u00f3n:\u00a0Tlf. 959 350 100 &#8211; Email\u00a0sac@palosfrontera.com XI CONCURSO DE FOTOGRAF\u00cdA DE NATURALEZA CIUTAt\u00a0DE VILA-REAL Hasta<\/p>\n<div class=\"belowpost\"><a class=\"btnmore\" href=\"https:\/\/www.huelvaysusfotografos.com\/?p=4169\">Seguir leyendo<\/a><\/div>\n","protected":false},"author":41,"featured_media":4192,"comment_status":"open","ping_status":"open","sticky":false,"template":"","format":"standard","meta":{"footnotes":"","_links_to":"","_links_to_target":""},"categories":[12],"tags":[],"class_list":["post-4169","post","type-post","status-publish","format-standard","has-post-thumbnail","hentry","category-concursos"],"_links":{"self":[{"href":"https:\/\/www.huelvaysusfotografos.com\/index.php?rest_route=\/wp\/v2\/posts\/4169","targetHints":{"allow":["GET"]}}],"collection":[{"href":"https:\/\/www.huelvaysusfotografos.com\/index.php?rest_route=\/wp\/v2\/posts"}],"about":[{"href":"https:\/\/www.huelvaysusfotografos.com\/index.php?rest_route=\/wp\/v2\/types\/post"}],"author":[{"embeddable":true,"href":"https:\/\/www.huelvaysusfotografos.com\/index.php?rest_route=\/wp\/v2\/users\/41"}],"replies":[{"embeddable":true,"href":"https:\/\/www.huelvaysusfotografos.com\/index.php?rest_route=%2Fwp%2Fv2%2Fcomments&post=4169"}],"version-history":[{"count":14,"href":"https:\/\/www.huelvaysusfotografos.com\/index.php?rest_route=\/wp\/v2\/posts\/4169\/revisions"}],"predecessor-version":[{"id":4193,"href":"https:\/\/www.huelvaysusfotografos.com\/index.php?rest_route=\/wp\/v2\/posts\/4169\/revisions\/4193"}],"wp:featuredmedia":[{"embeddable":true,"href":"https:\/\/www.huelvaysusfotografos.com\/index.php?rest_route=\/wp\/v2\/media\/4192"}],"wp:attachment":[{"href":"https:\/\/www.huelvaysusfotografos.com\/index.php?rest_route=%2Fwp%2Fv2%2Fmedia&parent=4169"}],"wp:term":[{"taxonomy":"category","embeddable":true,"href":"https:\/\/www.huelvaysusfotografos.com\/index.php?rest_route=%2Fwp%2Fv2%2Fcategories&post=4169"},{"taxonomy":"post_tag","embeddable":true,"href":"https:\/\/www.huelvaysusfotografos.com\/index.php?rest_route=%2Fwp%2Fv2%2Ftags&post=4169"}],"curies":[{"name":"wp","href":"https:\/\/api.w.org\/{rel}","templated":true}]}}