{"id":4155,"date":"2015-03-03T19:42:02","date_gmt":"2015-03-03T18:42:02","guid":{"rendered":"http:\/\/www.huelvaysusfotografos.com\/?p=4155"},"modified":"2015-03-03T20:09:49","modified_gmt":"2015-03-03T19:09:49","slug":"alberto-dominguez-redactor-grafico-en-huelva-informacion","status":"publish","type":"post","link":"https:\/\/www.huelvaysusfotografos.com\/?p=4155","title":{"rendered":"Alberto Dom\u00ednguez, redactor gr\u00e1fico en Huelva Informaci\u00f3n"},"content":{"rendered":"<p>*Retrato de Alberto- cabecera- de\u00a0<span style=\"color: #373e4d;\">Juanmi Canteria<\/span><\/p>\n<p>El pr\u00f3ximo jueves 5 de marzo a las 19.00 h., en nuestra Tertulia, tendremos a Alberto Dom\u00ednguez, gran fot\u00f3grafo y redactor gr\u00e1fico en el peri\u00f3dico local Huelva Informaci\u00f3n.<\/p>\n<p><a href=\"https:\/\/www.huelvaysusfotografos.com\/wp-content\/uploads\/2015\/03\/10498071_10206303743655219_1331627392191428728_o.jpg\"><img decoding=\"async\" class=\"aligncenter size-medium wp-image-4161\" src=\"https:\/\/www.huelvaysusfotografos.com\/wp-content\/uploads\/2015\/03\/10498071_10206303743655219_1331627392191428728_o-211x300.jpg\" alt=\"10498071_10206303743655219_1331627392191428728_o\" \/><\/a><\/p>\n<p>&nbsp;<\/p>\n<p style=\"text-align: justify;\">Tras sus estudios de Bachillerato de Artes, realiz\u00f3 el Ciclo Formativo de Grado Superior \u00a0de Fotograf\u00eda, en la Escuela de Arte \u00abLe\u00f3n Ortega\u00bb, adem\u00e1s realiz\u00f3 estudios universitarios de Imagen y Sonido en el Campus Universitario de La R\u00e1bida. En cuanto a su vida profesional, lleva como redactor Gr\u00e1fico en Huelva Informaci\u00f3n 14 a\u00f1os y ha colaborado en ocasiones con el Diario Sport de Barcelona.<\/p>\n<p style=\"text-align: justify;\">Las redes sociales son muy reveladoras, hemos visto adem\u00e1s, que Alberto es un gran aficionado al deporte, que tiene grandes y buenos amigos, que es querido y admirado por todos los que con \u00e9l trabajan.<\/p>\n<p style=\"text-align: justify;\">No faltes, y conoce este campo de trabajo fotogr\u00e1fico!!<\/p>\n<p>En Dulfi Photography Kodak Espress. Calle Marina 19. Huelva<\/p>\n<p><a href=\"https:\/\/www.huelvaysusfotografos.com\/wp-content\/uploads\/2015\/03\/11034839_10206312537275054_368428648_o.jpg\"><img decoding=\"async\" class=\"aligncenter size-medium wp-image-4160\" src=\"https:\/\/www.huelvaysusfotografos.com\/wp-content\/uploads\/2015\/03\/11034839_10206312537275054_368428648_o-300x104.jpg\" alt=\"11034839_10206312537275054_368428648_o\" \/><\/a><\/p>\n","protected":false},"excerpt":{"rendered":"<p>*Retrato de Alberto- cabecera- de\u00a0Juanmi Canteria El pr\u00f3ximo jueves 5 de marzo a las 19.00 h., en nuestra Tertulia, tendremos a Alberto Dom\u00ednguez, gran fot\u00f3grafo y redactor gr\u00e1fico en el peri\u00f3dico local Huelva Informaci\u00f3n. &nbsp; Tras sus estudios de Bachillerato de Artes, realiz\u00f3 el Ciclo Formativo de Grado Superior \u00a0de Fotograf\u00eda, en la Escuela de Arte \u00abLe\u00f3n Ortega\u00bb, adem\u00e1s realiz\u00f3 estudios universitarios de Imagen y Sonido en el Campus Universitario<\/p>\n<div class=\"belowpost\"><a class=\"btnmore\" href=\"https:\/\/www.huelvaysusfotografos.com\/?p=4155\">Seguir leyendo<\/a><\/div>\n","protected":false},"author":41,"featured_media":4164,"comment_status":"open","ping_status":"open","sticky":false,"template":"","format":"standard","meta":{"footnotes":"","_links_to":"","_links_to_target":""},"categories":[32],"tags":[],"class_list":["post-4155","post","type-post","status-publish","format-standard","has-post-thumbnail","hentry","category-tertulias"],"_links":{"self":[{"href":"https:\/\/www.huelvaysusfotografos.com\/index.php?rest_route=\/wp\/v2\/posts\/4155","targetHints":{"allow":["GET"]}}],"collection":[{"href":"https:\/\/www.huelvaysusfotografos.com\/index.php?rest_route=\/wp\/v2\/posts"}],"about":[{"href":"https:\/\/www.huelvaysusfotografos.com\/index.php?rest_route=\/wp\/v2\/types\/post"}],"author":[{"embeddable":true,"href":"https:\/\/www.huelvaysusfotografos.com\/index.php?rest_route=\/wp\/v2\/users\/41"}],"replies":[{"embeddable":true,"href":"https:\/\/www.huelvaysusfotografos.com\/index.php?rest_route=%2Fwp%2Fv2%2Fcomments&post=4155"}],"version-history":[{"count":8,"href":"https:\/\/www.huelvaysusfotografos.com\/index.php?rest_route=\/wp\/v2\/posts\/4155\/revisions"}],"predecessor-version":[{"id":4168,"href":"https:\/\/www.huelvaysusfotografos.com\/index.php?rest_route=\/wp\/v2\/posts\/4155\/revisions\/4168"}],"wp:featuredmedia":[{"embeddable":true,"href":"https:\/\/www.huelvaysusfotografos.com\/index.php?rest_route=\/wp\/v2\/media\/4164"}],"wp:attachment":[{"href":"https:\/\/www.huelvaysusfotografos.com\/index.php?rest_route=%2Fwp%2Fv2%2Fmedia&parent=4155"}],"wp:term":[{"taxonomy":"category","embeddable":true,"href":"https:\/\/www.huelvaysusfotografos.com\/index.php?rest_route=%2Fwp%2Fv2%2Fcategories&post=4155"},{"taxonomy":"post_tag","embeddable":true,"href":"https:\/\/www.huelvaysusfotografos.com\/index.php?rest_route=%2Fwp%2Fv2%2Ftags&post=4155"}],"curies":[{"name":"wp","href":"https:\/\/api.w.org\/{rel}","templated":true}]}}