{"id":4146,"date":"2015-02-21T17:37:03","date_gmt":"2015-02-21T16:37:03","guid":{"rendered":"http:\/\/www.huelvaysusfotografos.com\/?p=4146"},"modified":"2015-02-21T17:37:41","modified_gmt":"2015-02-21T16:37:41","slug":"isabel-munoz-trae-etiopia-a-huelva","status":"publish","type":"post","link":"https:\/\/www.huelvaysusfotografos.com\/?p=4146","title":{"rendered":"Isabel Mu\u00f1oz trae ETIOP\u00cdA a Huelva"},"content":{"rendered":"<p>El pasado 13 de febrero se inaugur\u00f3 la Exposici\u00f3n ETIOP\u00cdA, de la fot\u00f3grafa Isabel Mu\u00f1oz. El Museo de Huelva ha sido el escenario elegido para ubicar, en su \u00abSala 0\u00bb, esta colecci\u00f3n de retratos en sepia que no dejar\u00e1 indiferente al visitantes, son detalles de cuerpos con pose y mirada cuidada de esta tribu. Seg\u00fan podemos leer en el folleto de la exposici\u00f3n \u00abLos surma de Etiop\u00eda son una tribu de guerreros y pastores, y una de las \u00faltimas en el mundo que vive desnuda\u00bb.<\/p>\n<p><a href=\"https:\/\/www.huelvaysusfotografos.com\/wp-content\/uploads\/2015\/02\/isabel-mu\u00f1oz.jpg\"><img loading=\"lazy\" decoding=\"async\" width=\"300\" height=\"225\" class=\"aligncenter size-medium wp-image-4151\" src=\"https:\/\/www.huelvaysusfotografos.com\/wp-content\/uploads\/2015\/02\/isabel-mu\u00f1oz-300x225.jpg\" alt=\"isabel mu\u00f1oz\" srcset=\"https:\/\/www.huelvaysusfotografos.com\/wp-content\/uploads\/2015\/02\/isabel-mu\u00f1oz-300x225.jpg 300w, https:\/\/www.huelvaysusfotografos.com\/wp-content\/uploads\/2015\/02\/isabel-mu\u00f1oz-1024x768.jpg 1024w, https:\/\/www.huelvaysusfotografos.com\/wp-content\/uploads\/2015\/02\/isabel-mu\u00f1oz-768x576.jpg 768w, https:\/\/www.huelvaysusfotografos.com\/wp-content\/uploads\/2015\/02\/isabel-mu\u00f1oz-1536x1152.jpg 1536w, https:\/\/www.huelvaysusfotografos.com\/wp-content\/uploads\/2015\/02\/isabel-mu\u00f1oz-2048x1536.jpg 2048w, https:\/\/www.huelvaysusfotografos.com\/wp-content\/uploads\/2015\/02\/isabel-mu\u00f1oz-160x120.jpg 160w\" sizes=\"auto, (max-width: 300px) 100vw, 300px\" \/><\/a><\/p>\n<p>Aqu\u00ed pod\u00e9is ver el video de c\u00f3mo trabaja\u00a0Isabel Mu\u00f1oz:\u00a0<a href=\"https:\/\/vimeo.com\/46684632?from=facebook\">https:\/\/vimeo.com\/46684632?from=facebook<\/a><\/p>\n<p>Y aqu\u00ed pod\u00e9is leer al detalle sobre Isabel Mu\u00f1oz en Latitudes Huelva\u00a0<a href=\"http:\/\/www.latitudes21.com\/la-fotografa-espanola-isabel-munoz-trae-imagenes-de-tribus-del-sur-de-etiopia-al-festival-de-fotografia-latitudes-2015\/\">http:\/\/www.latitudes21.com\/la-fotografa-espanola-isabel-munoz-trae-imagenes-de-tribus-del-sur-de-etiopia-al-festival-de-fotografia-latitudes-2015\/\u00a0<\/a><\/p>\n","protected":false},"excerpt":{"rendered":"<p>El pasado 13 de febrero se inaugur\u00f3 la Exposici\u00f3n ETIOP\u00cdA, de la fot\u00f3grafa Isabel Mu\u00f1oz. El Museo de Huelva ha sido el escenario elegido para ubicar, en su \u00abSala 0\u00bb, esta colecci\u00f3n de retratos en sepia que no dejar\u00e1 indiferente al visitantes, son detalles de cuerpos con pose y mirada cuidada de esta tribu. Seg\u00fan podemos leer en el folleto de la exposici\u00f3n \u00abLos surma de Etiop\u00eda son una tribu<\/p>\n<div class=\"belowpost\"><a class=\"btnmore\" href=\"https:\/\/www.huelvaysusfotografos.com\/?p=4146\">Seguir leyendo<\/a><\/div>\n","protected":false},"author":41,"featured_media":4084,"comment_status":"open","ping_status":"open","sticky":false,"template":"","format":"standard","meta":{"footnotes":"","_links_to":"","_links_to_target":""},"categories":[23],"tags":[],"class_list":["post-4146","post","type-post","status-publish","format-standard","has-post-thumbnail","hentry","category-exposiciones"],"_links":{"self":[{"href":"https:\/\/www.huelvaysusfotografos.com\/index.php?rest_route=\/wp\/v2\/posts\/4146","targetHints":{"allow":["GET"]}}],"collection":[{"href":"https:\/\/www.huelvaysusfotografos.com\/index.php?rest_route=\/wp\/v2\/posts"}],"about":[{"href":"https:\/\/www.huelvaysusfotografos.com\/index.php?rest_route=\/wp\/v2\/types\/post"}],"author":[{"embeddable":true,"href":"https:\/\/www.huelvaysusfotografos.com\/index.php?rest_route=\/wp\/v2\/users\/41"}],"replies":[{"embeddable":true,"href":"https:\/\/www.huelvaysusfotografos.com\/index.php?rest_route=%2Fwp%2Fv2%2Fcomments&post=4146"}],"version-history":[{"count":5,"href":"https:\/\/www.huelvaysusfotografos.com\/index.php?rest_route=\/wp\/v2\/posts\/4146\/revisions"}],"predecessor-version":[{"id":4153,"href":"https:\/\/www.huelvaysusfotografos.com\/index.php?rest_route=\/wp\/v2\/posts\/4146\/revisions\/4153"}],"wp:featuredmedia":[{"embeddable":true,"href":"https:\/\/www.huelvaysusfotografos.com\/index.php?rest_route=\/wp\/v2\/media\/4084"}],"wp:attachment":[{"href":"https:\/\/www.huelvaysusfotografos.com\/index.php?rest_route=%2Fwp%2Fv2%2Fmedia&parent=4146"}],"wp:term":[{"taxonomy":"category","embeddable":true,"href":"https:\/\/www.huelvaysusfotografos.com\/index.php?rest_route=%2Fwp%2Fv2%2Fcategories&post=4146"},{"taxonomy":"post_tag","embeddable":true,"href":"https:\/\/www.huelvaysusfotografos.com\/index.php?rest_route=%2Fwp%2Fv2%2Ftags&post=4146"}],"curies":[{"name":"wp","href":"https:\/\/api.w.org\/{rel}","templated":true}]}}