{"id":4137,"date":"2015-02-21T13:13:52","date_gmt":"2015-02-21T12:13:52","guid":{"rendered":"http:\/\/www.huelvaysusfotografos.com\/?p=4137"},"modified":"2015-02-21T13:20:25","modified_gmt":"2015-02-21T12:20:25","slug":"el-fotoperiodismo-tiene-su-lugar-en-latitudes","status":"publish","type":"post","link":"https:\/\/www.huelvaysusfotografos.com\/?p=4137","title":{"rendered":"El fotoperiodismo tiene su lugar en LATITUDES"},"content":{"rendered":"<p style=\"text-align: justify;\">Los Premios Nacionales de Fotoperiodismo 2014 se muestran\u00a0en la Sala de la Provincia de la Diputaci\u00f3n de Huelva. \u00a0Y nosotros tenemos el\u00a0privilegio de disfrutar y emocionarnos con las impactantes fotograf\u00edas de esta\u00a0muestra colectiva, resultado de la convocatoria anual de la Asociaci\u00f3n Nacional de Informadores Gr\u00e1ficos de Prensa y Televisi\u00f3n (ANIGP-TV).<\/p>\n<p style=\"text-align: justify;\">Podemos ver los trabajos de Andr\u00e9s Mart\u00ednez Casares, Fidel Raso, \u00c1lvaro Fuente Fonseca, Olmo Calvo Rodr\u00edguez y Juan Carlos Hidalgo.<\/p>\n<p>&nbsp;<\/p>\n<p><a href=\"https:\/\/www.huelvaysusfotografos.com\/wp-content\/uploads\/2015\/02\/Fotoperiodismo-1.jpg\"><img loading=\"lazy\" decoding=\"async\" width=\"300\" height=\"200\" class=\"aligncenter size-medium wp-image-4138\" src=\"https:\/\/www.huelvaysusfotografos.com\/wp-content\/uploads\/2015\/02\/Fotoperiodismo-1-300x200.jpg\" alt=\"Fotoperiodismo 1\" srcset=\"https:\/\/www.huelvaysusfotografos.com\/wp-content\/uploads\/2015\/02\/Fotoperiodismo-1-300x200.jpg 300w, https:\/\/www.huelvaysusfotografos.com\/wp-content\/uploads\/2015\/02\/Fotoperiodismo-1-1024x683.jpg 1024w, https:\/\/www.huelvaysusfotografos.com\/wp-content\/uploads\/2015\/02\/Fotoperiodismo-1-768x512.jpg 768w, https:\/\/www.huelvaysusfotografos.com\/wp-content\/uploads\/2015\/02\/Fotoperiodismo-1-1536x1024.jpg 1536w, https:\/\/www.huelvaysusfotografos.com\/wp-content\/uploads\/2015\/02\/Fotoperiodismo-1-2048x1366.jpg 2048w, https:\/\/www.huelvaysusfotografos.com\/wp-content\/uploads\/2015\/02\/Fotoperiodismo-1-120x80.jpg 120w\" sizes=\"auto, (max-width: 300px) 100vw, 300px\" \/><\/a><\/p>\n<p>&nbsp;<\/p>\n<p style=\"text-align: center;\">Imagen de Fidel Raso \u00abDesesperaci\u00f3n y huida\u00bb<\/p>\n<p style=\"text-align: center;\"><a href=\"https:\/\/www.huelvaysusfotografos.com\/wp-content\/uploads\/2015\/02\/Fotoperiodismo-2.jpg\"><img loading=\"lazy\" decoding=\"async\" width=\"300\" height=\"200\" class=\"aligncenter size-medium wp-image-4139\" src=\"https:\/\/www.huelvaysusfotografos.com\/wp-content\/uploads\/2015\/02\/Fotoperiodismo-2-300x200.jpg\" alt=\"Fotoperiodismo 2\" srcset=\"https:\/\/www.huelvaysusfotografos.com\/wp-content\/uploads\/2015\/02\/Fotoperiodismo-2-300x200.jpg 300w, https:\/\/www.huelvaysusfotografos.com\/wp-content\/uploads\/2015\/02\/Fotoperiodismo-2-1024x683.jpg 1024w, https:\/\/www.huelvaysusfotografos.com\/wp-content\/uploads\/2015\/02\/Fotoperiodismo-2-768x512.jpg 768w, https:\/\/www.huelvaysusfotografos.com\/wp-content\/uploads\/2015\/02\/Fotoperiodismo-2-1536x1024.jpg 1536w, https:\/\/www.huelvaysusfotografos.com\/wp-content\/uploads\/2015\/02\/Fotoperiodismo-2-2048x1366.jpg 2048w, https:\/\/www.huelvaysusfotografos.com\/wp-content\/uploads\/2015\/02\/Fotoperiodismo-2-120x80.jpg 120w\" sizes=\"auto, (max-width: 300px) 100vw, 300px\" \/><\/a><\/p>\n<p style=\"text-align: center;\">Imagen de Andr\u00e9s Kudacki. Crisis de la vivienda en Espa\u00f1a<\/p>\n<p>De lunes a s\u00e1bado de 10 a 14 h.<\/p>\n<p>De lunes a viernes de 17 a 21 h.<\/p>\n","protected":false},"excerpt":{"rendered":"<p>Los Premios Nacionales de Fotoperiodismo 2014 se muestran\u00a0en la Sala de la Provincia de la Diputaci\u00f3n de Huelva. \u00a0Y nosotros tenemos el\u00a0privilegio de disfrutar y emocionarnos con las impactantes fotograf\u00edas de esta\u00a0muestra colectiva, resultado de la convocatoria anual de la Asociaci\u00f3n Nacional de Informadores Gr\u00e1ficos de Prensa y Televisi\u00f3n (ANIGP-TV). Podemos ver los trabajos de Andr\u00e9s Mart\u00ednez Casares, Fidel Raso, \u00c1lvaro Fuente Fonseca, Olmo Calvo Rodr\u00edguez y Juan Carlos Hidalgo.<\/p>\n<div class=\"belowpost\"><a class=\"btnmore\" href=\"https:\/\/www.huelvaysusfotografos.com\/?p=4137\">Seguir leyendo<\/a><\/div>\n","protected":false},"author":41,"featured_media":4145,"comment_status":"open","ping_status":"open","sticky":false,"template":"","format":"standard","meta":{"footnotes":"","_links_to":"","_links_to_target":""},"categories":[23],"tags":[],"class_list":["post-4137","post","type-post","status-publish","format-standard","has-post-thumbnail","hentry","category-exposiciones"],"_links":{"self":[{"href":"https:\/\/www.huelvaysusfotografos.com\/index.php?rest_route=\/wp\/v2\/posts\/4137","targetHints":{"allow":["GET"]}}],"collection":[{"href":"https:\/\/www.huelvaysusfotografos.com\/index.php?rest_route=\/wp\/v2\/posts"}],"about":[{"href":"https:\/\/www.huelvaysusfotografos.com\/index.php?rest_route=\/wp\/v2\/types\/post"}],"author":[{"embeddable":true,"href":"https:\/\/www.huelvaysusfotografos.com\/index.php?rest_route=\/wp\/v2\/users\/41"}],"replies":[{"embeddable":true,"href":"https:\/\/www.huelvaysusfotografos.com\/index.php?rest_route=%2Fwp%2Fv2%2Fcomments&post=4137"}],"version-history":[{"count":2,"href":"https:\/\/www.huelvaysusfotografos.com\/index.php?rest_route=\/wp\/v2\/posts\/4137\/revisions"}],"predecessor-version":[{"id":4141,"href":"https:\/\/www.huelvaysusfotografos.com\/index.php?rest_route=\/wp\/v2\/posts\/4137\/revisions\/4141"}],"wp:featuredmedia":[{"embeddable":true,"href":"https:\/\/www.huelvaysusfotografos.com\/index.php?rest_route=\/wp\/v2\/media\/4145"}],"wp:attachment":[{"href":"https:\/\/www.huelvaysusfotografos.com\/index.php?rest_route=%2Fwp%2Fv2%2Fmedia&parent=4137"}],"wp:term":[{"taxonomy":"category","embeddable":true,"href":"https:\/\/www.huelvaysusfotografos.com\/index.php?rest_route=%2Fwp%2Fv2%2Fcategories&post=4137"},{"taxonomy":"post_tag","embeddable":true,"href":"https:\/\/www.huelvaysusfotografos.com\/index.php?rest_route=%2Fwp%2Fv2%2Ftags&post=4137"}],"curies":[{"name":"wp","href":"https:\/\/api.w.org\/{rel}","templated":true}]}}