{"id":4127,"date":"2015-02-21T12:49:33","date_gmt":"2015-02-21T11:49:33","guid":{"rendered":"http:\/\/www.huelvaysusfotografos.com\/?p=4127"},"modified":"2015-02-21T12:56:04","modified_gmt":"2015-02-21T11:56:04","slug":"ouka-leele-en-huelva-latitudes","status":"publish","type":"post","link":"https:\/\/www.huelvaysusfotografos.com\/?p=4127","title":{"rendered":"Ouka Leele en Huelva (LATITUDES)"},"content":{"rendered":"<p>&nbsp;<\/p>\n<p style=\"text-align: justify;\">El pasado jueves, 19 de febrero 2015, se inauguraba la \u00faltima de las exposiciones de LATITUDES, Festival Internacional de Fotograf\u00eda de Huelva. Quiz\u00e1s la m\u00e1s esperada para muchos \u00abOUKA LEELE. IN\u00c9DITA\u00bb sobre todo porque se anunciaba la presencia de la gran fot\u00f3grafa, que ya apuntaba maneras en aquella \u00e9poca de los 80, de \u00abLa Movida Madrile\u00f1a\u00bb, y m\u00e1s conocida por sus fotograf\u00edas coloreadas.<\/p>\n<p style=\"text-align: justify;\">Todo un referente\u00a0en\u00a0la historia de la fotograf\u00eda, que ha recorrido multitud de escenarios nacionales internacionales que conservan sus obras en Museos y Centros de Arte (Par\u00eds, Lisboa, Marsella, Madrid, Barcelona, Ibiza&#8230;) .<\/p>\n<p style=\"text-align: justify;\">Esta exposici\u00f3n in\u00e9dita, no la componen fotograf\u00edas actuales, son \u00a067 im\u00e1genes de su archivo personal, sacadas a la luz por su comisario y amigo (as\u00ed lo entendimos) Rafael Gord\u00f3n. \u00a0Son diferentes miradas y diferentes tem\u00e1ticas, como un paseo por sus diferentes etapas como fot\u00f3grafa. Sin dudas, una muestra que hay que ver.<\/p>\n<p style=\"text-align: justify;\"><a href=\"https:\/\/www.huelvaysusfotografos.com\/wp-content\/uploads\/2015\/02\/Inaugu-Expo-Ouka-Leele-2.jpg\"><img loading=\"lazy\" decoding=\"async\" width=\"300\" height=\"200\" class=\"aligncenter size-medium wp-image-4115\" src=\"https:\/\/www.huelvaysusfotografos.com\/wp-content\/uploads\/2015\/02\/Inaugu-Expo-Ouka-Leele-2-300x200.jpg\" alt=\"Inaugu Expo Ouka Leele 2\" srcset=\"https:\/\/www.huelvaysusfotografos.com\/wp-content\/uploads\/2015\/02\/Inaugu-Expo-Ouka-Leele-2-300x200.jpg 300w, https:\/\/www.huelvaysusfotografos.com\/wp-content\/uploads\/2015\/02\/Inaugu-Expo-Ouka-Leele-2-1024x683.jpg 1024w, https:\/\/www.huelvaysusfotografos.com\/wp-content\/uploads\/2015\/02\/Inaugu-Expo-Ouka-Leele-2-768x512.jpg 768w, https:\/\/www.huelvaysusfotografos.com\/wp-content\/uploads\/2015\/02\/Inaugu-Expo-Ouka-Leele-2-1536x1024.jpg 1536w, https:\/\/www.huelvaysusfotografos.com\/wp-content\/uploads\/2015\/02\/Inaugu-Expo-Ouka-Leele-2-2048x1366.jpg 2048w, https:\/\/www.huelvaysusfotografos.com\/wp-content\/uploads\/2015\/02\/Inaugu-Expo-Ouka-Leele-2-120x80.jpg 120w\" sizes=\"auto, (max-width: 300px) 100vw, 300px\" \/><\/a><\/p>\n<p style=\"text-align: center;\">El p\u00fablico espera la llegada de la artista<br \/>\n<a href=\"https:\/\/www.huelvaysusfotografos.com\/wp-content\/uploads\/2015\/02\/Inaugu-Expo-Ouka-Leele-3.jpg\"><img loading=\"lazy\" decoding=\"async\" width=\"300\" height=\"200\" class=\"aligncenter size-medium wp-image-4116\" src=\"https:\/\/www.huelvaysusfotografos.com\/wp-content\/uploads\/2015\/02\/Inaugu-Expo-Ouka-Leele-3-300x200.jpg\" alt=\"Inaugu Expo Ouka Leele 3\" srcset=\"https:\/\/www.huelvaysusfotografos.com\/wp-content\/uploads\/2015\/02\/Inaugu-Expo-Ouka-Leele-3-300x200.jpg 300w, https:\/\/www.huelvaysusfotografos.com\/wp-content\/uploads\/2015\/02\/Inaugu-Expo-Ouka-Leele-3-1024x683.jpg 1024w, https:\/\/www.huelvaysusfotografos.com\/wp-content\/uploads\/2015\/02\/Inaugu-Expo-Ouka-Leele-3-768x512.jpg 768w, https:\/\/www.huelvaysusfotografos.com\/wp-content\/uploads\/2015\/02\/Inaugu-Expo-Ouka-Leele-3-1536x1024.jpg 1536w, https:\/\/www.huelvaysusfotografos.com\/wp-content\/uploads\/2015\/02\/Inaugu-Expo-Ouka-Leele-3-2048x1366.jpg 2048w, https:\/\/www.huelvaysusfotografos.com\/wp-content\/uploads\/2015\/02\/Inaugu-Expo-Ouka-Leele-3-120x80.jpg 120w\" sizes=\"auto, (max-width: 300px) 100vw, 300px\" \/><\/a><\/p>\n<p style=\"text-align: center;\">Momento inaugural de la muestra de Ouka Leele<\/p>\n<p>&nbsp;<\/p>\n","protected":false},"excerpt":{"rendered":"<p>&nbsp; El pasado jueves, 19 de febrero 2015, se inauguraba la \u00faltima de las exposiciones de LATITUDES, Festival Internacional de Fotograf\u00eda de Huelva. Quiz\u00e1s la m\u00e1s esperada para muchos \u00abOUKA LEELE. IN\u00c9DITA\u00bb sobre todo porque se anunciaba la presencia de la gran fot\u00f3grafa, que ya apuntaba maneras en aquella \u00e9poca de los 80, de \u00abLa Movida Madrile\u00f1a\u00bb, y m\u00e1s conocida por sus fotograf\u00edas coloreadas. Todo un referente\u00a0en\u00a0la historia de la<\/p>\n<div class=\"belowpost\"><a class=\"btnmore\" href=\"https:\/\/www.huelvaysusfotografos.com\/?p=4127\">Seguir leyendo<\/a><\/div>\n","protected":false},"author":41,"featured_media":4118,"comment_status":"open","ping_status":"open","sticky":false,"template":"","format":"standard","meta":{"footnotes":"","_links_to":"","_links_to_target":""},"categories":[23],"tags":[],"class_list":["post-4127","post","type-post","status-publish","format-standard","has-post-thumbnail","hentry","category-exposiciones"],"_links":{"self":[{"href":"https:\/\/www.huelvaysusfotografos.com\/index.php?rest_route=\/wp\/v2\/posts\/4127","targetHints":{"allow":["GET"]}}],"collection":[{"href":"https:\/\/www.huelvaysusfotografos.com\/index.php?rest_route=\/wp\/v2\/posts"}],"about":[{"href":"https:\/\/www.huelvaysusfotografos.com\/index.php?rest_route=\/wp\/v2\/types\/post"}],"author":[{"embeddable":true,"href":"https:\/\/www.huelvaysusfotografos.com\/index.php?rest_route=\/wp\/v2\/users\/41"}],"replies":[{"embeddable":true,"href":"https:\/\/www.huelvaysusfotografos.com\/index.php?rest_route=%2Fwp%2Fv2%2Fcomments&post=4127"}],"version-history":[{"count":5,"href":"https:\/\/www.huelvaysusfotografos.com\/index.php?rest_route=\/wp\/v2\/posts\/4127\/revisions"}],"predecessor-version":[{"id":4136,"href":"https:\/\/www.huelvaysusfotografos.com\/index.php?rest_route=\/wp\/v2\/posts\/4127\/revisions\/4136"}],"wp:featuredmedia":[{"embeddable":true,"href":"https:\/\/www.huelvaysusfotografos.com\/index.php?rest_route=\/wp\/v2\/media\/4118"}],"wp:attachment":[{"href":"https:\/\/www.huelvaysusfotografos.com\/index.php?rest_route=%2Fwp%2Fv2%2Fmedia&parent=4127"}],"wp:term":[{"taxonomy":"category","embeddable":true,"href":"https:\/\/www.huelvaysusfotografos.com\/index.php?rest_route=%2Fwp%2Fv2%2Fcategories&post=4127"},{"taxonomy":"post_tag","embeddable":true,"href":"https:\/\/www.huelvaysusfotografos.com\/index.php?rest_route=%2Fwp%2Fv2%2Ftags&post=4127"}],"curies":[{"name":"wp","href":"https:\/\/api.w.org\/{rel}","templated":true}]}}