{"id":4111,"date":"2015-02-21T12:28:12","date_gmt":"2015-02-21T11:28:12","guid":{"rendered":"http:\/\/www.huelvaysusfotografos.com\/?p=4111"},"modified":"2015-02-21T12:28:34","modified_gmt":"2015-02-21T11:28:34","slug":"la-casa-colon-se-viste-de-latitudes","status":"publish","type":"post","link":"https:\/\/www.huelvaysusfotografos.com\/?p=4111","title":{"rendered":"La Casa Col\u00f3n se viste de \u00abLATITUDES\u00bb"},"content":{"rendered":"<p>&nbsp;<\/p>\n<p style=\"text-align: justify;\">All\u00ed estuvimos unos pocos&#8230; El jueves 12 de febrero en Casa Col\u00f3n, se inauguraron otras dos magn\u00edficas exposiciones de LATITUDES, Festival Internacional de Fotograf\u00eda de Huelva. En esta ocasi\u00f3n no contamos con sus autores ni comisarios, pero tuvimos las palabras de presentaci\u00f3n del Concejal de Cultura del Ayuntamiento deHuelva, Manuel Remesal; y del Presidente de Latitudes D. Jos\u00e9 Luis Ruiz.<\/p>\n<p style=\"text-align: justify;\">As\u00ed que podemos encontrar hasta el 28 de marzo las fotograf\u00edas <span style=\"color: #141823;\">del asturiano Gonzalo Juanes, formada por las series &#8216;Gente&#8217; y &#8216;Punto Final&#8217;, en la Sala V\u00e1zquez D\u00edaz; y en la Sala de los Brazos la colectiva &#8216;Plata de Ley&#8217;, de\u00a0tres fot\u00f3grafos Andrea S\u00e1nchez-El\u00eda, Juan Carlos V\u00e1zquez y Ma Casanova.<\/span><\/p>\n<p style=\"text-align: justify;\"><a href=\"https:\/\/www.huelvaysusfotografos.com\/wp-content\/uploads\/2015\/02\/Latitudes-2.jpg\"><img loading=\"lazy\" decoding=\"async\" width=\"300\" height=\"200\" class=\"aligncenter size-medium wp-image-4119\" src=\"https:\/\/www.huelvaysusfotografos.com\/wp-content\/uploads\/2015\/02\/Latitudes-2-300x200.jpg\" alt=\"Latitudes 2\" srcset=\"https:\/\/www.huelvaysusfotografos.com\/wp-content\/uploads\/2015\/02\/Latitudes-2-300x200.jpg 300w, https:\/\/www.huelvaysusfotografos.com\/wp-content\/uploads\/2015\/02\/Latitudes-2-1024x683.jpg 1024w, https:\/\/www.huelvaysusfotografos.com\/wp-content\/uploads\/2015\/02\/Latitudes-2-768x512.jpg 768w, https:\/\/www.huelvaysusfotografos.com\/wp-content\/uploads\/2015\/02\/Latitudes-2-1536x1024.jpg 1536w, https:\/\/www.huelvaysusfotografos.com\/wp-content\/uploads\/2015\/02\/Latitudes-2-2048x1366.jpg 2048w, https:\/\/www.huelvaysusfotografos.com\/wp-content\/uploads\/2015\/02\/Latitudes-2-120x80.jpg 120w\" sizes=\"auto, (max-width: 300px) 100vw, 300px\" \/><\/a><\/p>\n<p style=\"text-align: center;\">Toma la palabra Jos\u00e9 Luis Ruiz<\/p>\n<p style=\"text-align: justify;\"><a href=\"https:\/\/www.huelvaysusfotografos.com\/wp-content\/uploads\/2015\/02\/Latitudes-3.jpg\"><img loading=\"lazy\" decoding=\"async\" width=\"300\" height=\"200\" class=\"aligncenter size-medium wp-image-4120\" src=\"https:\/\/www.huelvaysusfotografos.com\/wp-content\/uploads\/2015\/02\/Latitudes-3-300x200.jpg\" alt=\"Latitudes 3\" srcset=\"https:\/\/www.huelvaysusfotografos.com\/wp-content\/uploads\/2015\/02\/Latitudes-3-300x200.jpg 300w, https:\/\/www.huelvaysusfotografos.com\/wp-content\/uploads\/2015\/02\/Latitudes-3-1024x683.jpg 1024w, https:\/\/www.huelvaysusfotografos.com\/wp-content\/uploads\/2015\/02\/Latitudes-3-768x512.jpg 768w, https:\/\/www.huelvaysusfotografos.com\/wp-content\/uploads\/2015\/02\/Latitudes-3-1536x1024.jpg 1536w, https:\/\/www.huelvaysusfotografos.com\/wp-content\/uploads\/2015\/02\/Latitudes-3-2048x1366.jpg 2048w, https:\/\/www.huelvaysusfotografos.com\/wp-content\/uploads\/2015\/02\/Latitudes-3-120x80.jpg 120w\" sizes=\"auto, (max-width: 300px) 100vw, 300px\" \/><\/a><\/p>\n<p style=\"text-align: center;\">P\u00fablico asistente al acto de inauguraci\u00f3n<\/p>\n<p style=\"text-align: justify;\"><a href=\"https:\/\/www.huelvaysusfotografos.com\/wp-content\/uploads\/2015\/02\/Latitudes-5.jpg\"><img loading=\"lazy\" decoding=\"async\" width=\"300\" height=\"200\" class=\"aligncenter size-medium wp-image-4121\" src=\"https:\/\/www.huelvaysusfotografos.com\/wp-content\/uploads\/2015\/02\/Latitudes-5-300x200.jpg\" alt=\"Latitudes 5\" srcset=\"https:\/\/www.huelvaysusfotografos.com\/wp-content\/uploads\/2015\/02\/Latitudes-5-300x200.jpg 300w, https:\/\/www.huelvaysusfotografos.com\/wp-content\/uploads\/2015\/02\/Latitudes-5-1024x683.jpg 1024w, https:\/\/www.huelvaysusfotografos.com\/wp-content\/uploads\/2015\/02\/Latitudes-5-768x512.jpg 768w, https:\/\/www.huelvaysusfotografos.com\/wp-content\/uploads\/2015\/02\/Latitudes-5-1536x1024.jpg 1536w, https:\/\/www.huelvaysusfotografos.com\/wp-content\/uploads\/2015\/02\/Latitudes-5-2048x1366.jpg 2048w, https:\/\/www.huelvaysusfotografos.com\/wp-content\/uploads\/2015\/02\/Latitudes-5-120x80.jpg 120w\" sizes=\"auto, (max-width: 300px) 100vw, 300px\" \/><\/a><\/p>\n<p style=\"text-align: center;\">Im\u00e1genes de Gonzalo Juanes. Sala V\u00e1zquez D\u00edaz<a href=\"https:\/\/www.huelvaysusfotografos.com\/wp-content\/uploads\/2015\/02\/Latitudes-9.jpg\"><img loading=\"lazy\" decoding=\"async\" width=\"300\" height=\"200\" class=\"aligncenter size-medium wp-image-4122\" src=\"https:\/\/www.huelvaysusfotografos.com\/wp-content\/uploads\/2015\/02\/Latitudes-9-300x200.jpg\" alt=\"Latitudes 9\" srcset=\"https:\/\/www.huelvaysusfotografos.com\/wp-content\/uploads\/2015\/02\/Latitudes-9-300x200.jpg 300w, https:\/\/www.huelvaysusfotografos.com\/wp-content\/uploads\/2015\/02\/Latitudes-9-1024x683.jpg 1024w, https:\/\/www.huelvaysusfotografos.com\/wp-content\/uploads\/2015\/02\/Latitudes-9-768x512.jpg 768w, https:\/\/www.huelvaysusfotografos.com\/wp-content\/uploads\/2015\/02\/Latitudes-9-1536x1024.jpg 1536w, https:\/\/www.huelvaysusfotografos.com\/wp-content\/uploads\/2015\/02\/Latitudes-9-2048x1366.jpg 2048w, https:\/\/www.huelvaysusfotografos.com\/wp-content\/uploads\/2015\/02\/Latitudes-9-120x80.jpg 120w\" sizes=\"auto, (max-width: 300px) 100vw, 300px\" \/><\/a><\/p>\n<p style=\"text-align: center;\">Visitantes se detienen a ver algunas fotograf\u00edas<\/p>\n<p style=\"text-align: center;\">Sala de los Brazos de Casa Col\u00f3n<\/p>\n","protected":false},"excerpt":{"rendered":"<p>&nbsp; All\u00ed estuvimos unos pocos&#8230; El jueves 12 de febrero en Casa Col\u00f3n, se inauguraron otras dos magn\u00edficas exposiciones de LATITUDES, Festival Internacional de Fotograf\u00eda de Huelva. En esta ocasi\u00f3n no contamos con sus autores ni comisarios, pero tuvimos las palabras de presentaci\u00f3n del Concejal de Cultura del Ayuntamiento deHuelva, Manuel Remesal; y del Presidente de Latitudes D. Jos\u00e9 Luis Ruiz. As\u00ed que podemos encontrar hasta el 28 de marzo<\/p>\n<div class=\"belowpost\"><a class=\"btnmore\" href=\"https:\/\/www.huelvaysusfotografos.com\/?p=4111\">Seguir leyendo<\/a><\/div>\n","protected":false},"author":41,"featured_media":4123,"comment_status":"open","ping_status":"open","sticky":false,"template":"","format":"standard","meta":{"footnotes":"","_links_to":"","_links_to_target":""},"categories":[23],"tags":[],"class_list":["post-4111","post","type-post","status-publish","format-standard","has-post-thumbnail","hentry","category-exposiciones"],"_links":{"self":[{"href":"https:\/\/www.huelvaysusfotografos.com\/index.php?rest_route=\/wp\/v2\/posts\/4111","targetHints":{"allow":["GET"]}}],"collection":[{"href":"https:\/\/www.huelvaysusfotografos.com\/index.php?rest_route=\/wp\/v2\/posts"}],"about":[{"href":"https:\/\/www.huelvaysusfotografos.com\/index.php?rest_route=\/wp\/v2\/types\/post"}],"author":[{"embeddable":true,"href":"https:\/\/www.huelvaysusfotografos.com\/index.php?rest_route=\/wp\/v2\/users\/41"}],"replies":[{"embeddable":true,"href":"https:\/\/www.huelvaysusfotografos.com\/index.php?rest_route=%2Fwp%2Fv2%2Fcomments&post=4111"}],"version-history":[{"count":3,"href":"https:\/\/www.huelvaysusfotografos.com\/index.php?rest_route=\/wp\/v2\/posts\/4111\/revisions"}],"predecessor-version":[{"id":4126,"href":"https:\/\/www.huelvaysusfotografos.com\/index.php?rest_route=\/wp\/v2\/posts\/4111\/revisions\/4126"}],"wp:featuredmedia":[{"embeddable":true,"href":"https:\/\/www.huelvaysusfotografos.com\/index.php?rest_route=\/wp\/v2\/media\/4123"}],"wp:attachment":[{"href":"https:\/\/www.huelvaysusfotografos.com\/index.php?rest_route=%2Fwp%2Fv2%2Fmedia&parent=4111"}],"wp:term":[{"taxonomy":"category","embeddable":true,"href":"https:\/\/www.huelvaysusfotografos.com\/index.php?rest_route=%2Fwp%2Fv2%2Fcategories&post=4111"},{"taxonomy":"post_tag","embeddable":true,"href":"https:\/\/www.huelvaysusfotografos.com\/index.php?rest_route=%2Fwp%2Fv2%2Ftags&post=4111"}],"curies":[{"name":"wp","href":"https:\/\/api.w.org\/{rel}","templated":true}]}}