{"id":4101,"date":"2015-02-21T12:00:35","date_gmt":"2015-02-21T11:00:35","guid":{"rendered":"http:\/\/www.huelvaysusfotografos.com\/?p=4101"},"modified":"2015-02-21T12:12:41","modified_gmt":"2015-02-21T11:12:41","slug":"jose-manuel-perez-anuncia-con-su-fotografia-la-semana-santa-de-moguer","status":"publish","type":"post","link":"https:\/\/www.huelvaysusfotografos.com\/?p=4101","title":{"rendered":"Jos\u00e9 Manuel P\u00e9rez anuncia con su fotograf\u00eda la Semana Santa de Moguer"},"content":{"rendered":"<p style=\"text-align: justify;\"><span id=\"fbPhotoSnowliftCaption\" class=\"fbPhotosPhotoCaption\" style=\"color: #141823;\" tabindex=\"0\" data-ft=\"{&quot;tn&quot;:&quot;K&quot;}\"><span class=\"hasCaption\">Nos enteramos por las redes sociales, que nuestro socio y compa\u00f1ero Jos\u00e9 Manuel P\u00e9rez \u00c1lvarez, present\u00f3 una de sus hermosas fotograf\u00edas como\u00a0cartel de\u00a0la Semana Santa de 2015 de Moguer.<\/span><\/span><\/p>\n<p style=\"text-align: justify;\">El d\u00eda 18 de febrero,\u00a0tuvo lugar el encuentro en el Ayuntamiento de Moguer para anunciar el cartel cofrade. Presidi\u00f3 el acto por el Sr. Alcalde Gustavo Cu\u00e9llar y el Presidente del Consejo Parroquial de Hermandades y Cofrad\u00edas D. Alonso N\u00fa\u00f1ez, y acompa\u00f1aron en la mesa la Concejala de Cultura Sra. Lourdes Garrido y algunos responsables de otras Hermandades moguere\u00f1as.<\/p>\n<p style=\"text-align: justify;\"><a href=\"https:\/\/www.huelvaysusfotografos.com\/wp-content\/uploads\/2015\/02\/1396030_434515206700810_1301541897500584077_n.jpg\"><img loading=\"lazy\" decoding=\"async\" width=\"300\" height=\"225\" class=\"aligncenter size-medium wp-image-4105\" src=\"https:\/\/www.huelvaysusfotografos.com\/wp-content\/uploads\/2015\/02\/1396030_434515206700810_1301541897500584077_n-300x225.jpg\" alt=\"1396030_434515206700810_1301541897500584077_n\" srcset=\"https:\/\/www.huelvaysusfotografos.com\/wp-content\/uploads\/2015\/02\/1396030_434515206700810_1301541897500584077_n-300x225.jpg 300w, https:\/\/www.huelvaysusfotografos.com\/wp-content\/uploads\/2015\/02\/1396030_434515206700810_1301541897500584077_n-768x576.jpg 768w, https:\/\/www.huelvaysusfotografos.com\/wp-content\/uploads\/2015\/02\/1396030_434515206700810_1301541897500584077_n-160x120.jpg 160w, https:\/\/www.huelvaysusfotografos.com\/wp-content\/uploads\/2015\/02\/1396030_434515206700810_1301541897500584077_n.jpg 960w\" sizes=\"auto, (max-width: 300px) 100vw, 300px\" \/><\/a><\/p>\n<p style=\"text-align: center;\">Autoridades en el Sal\u00f3n de Actos del Ayuntamiento de Moguer<\/p>\n<p style=\"text-align: justify;\"><a href=\"https:\/\/www.huelvaysusfotografos.com\/wp-content\/uploads\/2015\/02\/10676188_434515330034131_368324298870878136_n.jpg\"><img loading=\"lazy\" decoding=\"async\" width=\"300\" height=\"225\" class=\"aligncenter size-medium wp-image-4106\" src=\"https:\/\/www.huelvaysusfotografos.com\/wp-content\/uploads\/2015\/02\/10676188_434515330034131_368324298870878136_n-300x225.jpg\" alt=\"10676188_434515330034131_368324298870878136_n\" srcset=\"https:\/\/www.huelvaysusfotografos.com\/wp-content\/uploads\/2015\/02\/10676188_434515330034131_368324298870878136_n-300x225.jpg 300w, https:\/\/www.huelvaysusfotografos.com\/wp-content\/uploads\/2015\/02\/10676188_434515330034131_368324298870878136_n-768x576.jpg 768w, https:\/\/www.huelvaysusfotografos.com\/wp-content\/uploads\/2015\/02\/10676188_434515330034131_368324298870878136_n-160x120.jpg 160w, https:\/\/www.huelvaysusfotografos.com\/wp-content\/uploads\/2015\/02\/10676188_434515330034131_368324298870878136_n.jpg 960w\" sizes=\"auto, (max-width: 300px) 100vw, 300px\" \/><\/a><\/p>\n<p style=\"text-align: center;\">Entrega de placa conmemorativa a J. Manuel P\u00e9rez \u00c1lvarez<\/p>\n<p style=\"text-align: justify;\">Recogemos las palabras de agradecimiento que Jos\u00e9 Manuel P\u00e9rez, sin dudarlo emocionado, que ley\u00f3\u00a0en el acto de presentaci\u00f3n de su trabajo:\u00a0\u00abQuiero dar las gracias a la Hermandad de la VeraCruz de Moguer por confiar en m\u00ed y elegir una de mis fotograf\u00edas para el cartel de la Semana Santa 2015. Me siento muy honrado y feliz. As\u00ed mismo os doy las gracias por todas las oportunidades que me brind\u00e1is durante el a\u00f1o para poder plasmar con mi trabajo, la belleza y devoci\u00f3n de vuestros titulares. Hac\u00e9is que me sienta como en casa como si fuera uno de los vuestros. Quiero hacer extensible mi agradecimiento a todas las Hermandades de Moguer por las facilidades que me dan en cada uno de sus actos devociones, en ellas he encontrado buenos amigos. Muchas gracias a todos\u00bb.<\/p>\n<p style=\"text-align: justify;\"><span id=\"fbPhotoSnowliftCaption\" class=\"fbPhotosPhotoCaption\" style=\"color: #141823;\" tabindex=\"0\" data-ft=\"{&quot;tn&quot;:&quot;K&quot;}\"><span class=\"hasCaption\">La imagen muestra a\u00a0la Virgen de la Soledad de la Hdad. de Vera+Cruz en procesi\u00f3n con el movimiento de personas delante, que le dan cierto dinamismo a esa vista frontal de la Virgen, alumbrada por las numerosas velas que le acompa\u00f1an en la noche.<\/span><\/span><\/p>\n<p><a href=\"https:\/\/www.huelvaysusfotografos.com\/wp-content\/uploads\/2015\/02\/10403597_1038410432842149_4999075870302021871_n.jpg\"><img loading=\"lazy\" decoding=\"async\" width=\"209\" height=\"300\" class=\"aligncenter size-medium wp-image-4102\" src=\"https:\/\/www.huelvaysusfotografos.com\/wp-content\/uploads\/2015\/02\/10403597_1038410432842149_4999075870302021871_n-209x300.jpg\" alt=\"10403597_1038410432842149_4999075870302021871_n\" srcset=\"https:\/\/www.huelvaysusfotografos.com\/wp-content\/uploads\/2015\/02\/10403597_1038410432842149_4999075870302021871_n-209x300.jpg 209w, https:\/\/www.huelvaysusfotografos.com\/wp-content\/uploads\/2015\/02\/10403597_1038410432842149_4999075870302021871_n.jpg 611w\" sizes=\"auto, (max-width: 209px) 100vw, 209px\" \/><\/a><\/p>\n<p>&nbsp;<\/p>\n<p>Desde la Asociaci\u00f3n Huelva y sus Fot\u00f3grafos, queremos dar la enhorabuena a Jos\u00e9 Manuel y animarle a que contin\u00fae con su trabajo, ya que sabemos que su devoci\u00f3n cofrade y su afici\u00f3n por la fotograf\u00eda van de la mano!!<\/p>\n","protected":false},"excerpt":{"rendered":"<p>Nos enteramos por las redes sociales, que nuestro socio y compa\u00f1ero Jos\u00e9 Manuel P\u00e9rez \u00c1lvarez, present\u00f3 una de sus hermosas fotograf\u00edas como\u00a0cartel de\u00a0la Semana Santa de 2015 de Moguer. El d\u00eda 18 de febrero,\u00a0tuvo lugar el encuentro en el Ayuntamiento de Moguer para anunciar el cartel cofrade. Presidi\u00f3 el acto por el Sr. Alcalde Gustavo Cu\u00e9llar y el Presidente del Consejo Parroquial de Hermandades y Cofrad\u00edas D. Alonso N\u00fa\u00f1ez, y<\/p>\n<div class=\"belowpost\"><a class=\"btnmore\" href=\"https:\/\/www.huelvaysusfotografos.com\/?p=4101\">Seguir leyendo<\/a><\/div>\n","protected":false},"author":41,"featured_media":4108,"comment_status":"open","ping_status":"open","sticky":false,"template":"","format":"standard","meta":{"footnotes":"","_links_to":"","_links_to_target":""},"categories":[3],"tags":[],"class_list":["post-4101","post","type-post","status-publish","format-standard","has-post-thumbnail","hentry","category-noticias"],"_links":{"self":[{"href":"https:\/\/www.huelvaysusfotografos.com\/index.php?rest_route=\/wp\/v2\/posts\/4101","targetHints":{"allow":["GET"]}}],"collection":[{"href":"https:\/\/www.huelvaysusfotografos.com\/index.php?rest_route=\/wp\/v2\/posts"}],"about":[{"href":"https:\/\/www.huelvaysusfotografos.com\/index.php?rest_route=\/wp\/v2\/types\/post"}],"author":[{"embeddable":true,"href":"https:\/\/www.huelvaysusfotografos.com\/index.php?rest_route=\/wp\/v2\/users\/41"}],"replies":[{"embeddable":true,"href":"https:\/\/www.huelvaysusfotografos.com\/index.php?rest_route=%2Fwp%2Fv2%2Fcomments&post=4101"}],"version-history":[{"count":8,"href":"https:\/\/www.huelvaysusfotografos.com\/index.php?rest_route=\/wp\/v2\/posts\/4101\/revisions"}],"predecessor-version":[{"id":4114,"href":"https:\/\/www.huelvaysusfotografos.com\/index.php?rest_route=\/wp\/v2\/posts\/4101\/revisions\/4114"}],"wp:featuredmedia":[{"embeddable":true,"href":"https:\/\/www.huelvaysusfotografos.com\/index.php?rest_route=\/wp\/v2\/media\/4108"}],"wp:attachment":[{"href":"https:\/\/www.huelvaysusfotografos.com\/index.php?rest_route=%2Fwp%2Fv2%2Fmedia&parent=4101"}],"wp:term":[{"taxonomy":"category","embeddable":true,"href":"https:\/\/www.huelvaysusfotografos.com\/index.php?rest_route=%2Fwp%2Fv2%2Fcategories&post=4101"},{"taxonomy":"post_tag","embeddable":true,"href":"https:\/\/www.huelvaysusfotografos.com\/index.php?rest_route=%2Fwp%2Fv2%2Ftags&post=4101"}],"curies":[{"name":"wp","href":"https:\/\/api.w.org\/{rel}","templated":true}]}}