{"id":4060,"date":"2015-07-07T20:36:05","date_gmt":"2015-07-07T19:36:05","guid":{"rendered":"http:\/\/www.huelvaysusfotografos.com\/?p=4060"},"modified":"2015-07-07T20:37:55","modified_gmt":"2015-07-07T19:37:55","slug":"15-de-70-alicia-clerencia","status":"publish","type":"post","link":"https:\/\/www.huelvaysusfotografos.com\/?p=4060","title":{"rendered":"\u00ab15 de 70\u00bb. Alicia Clerencia"},"content":{"rendered":"<h1 style=\"text-align: justify;\"><span style=\"font-size: medium;\">Aqu\u00ed de nuevo\u00a0presentando a una de nuestras socias, en esta ocasi\u00f3n en solitario. Alicia Clerencia tiene una forma muy personal y definida de hacer sus tomas. Es una incansable de la fotograf\u00eda y se le puede seguir tanto en Facebook (<a href=\"https:\/\/www.facebook.com\/alicia.clerencia?fref=ts\">https:\/\/www.facebook.com\/alicia.clerencia?fref=ts<\/a>), como en Flickr (<a href=\"https:\/\/www.flickr.com\/photos\/aliciaclerencia\">https:\/\/www.flickr.com\/photos\/aliciaclerencia<\/a>\/) &#8230; al menos que conozcamos. Ella ser presenta as\u00ed ante nuestra asociaci\u00f3n&#8230;<\/span><\/h1>\n<h1>ALICIA CLERENCIA<\/h1>\n<p>&nbsp;<\/p>\n<p style=\"text-align: justify;\">\u00ab\u00bfCu\u00e1nto tiempo es para siempre?, pregunt\u00f3 Alicia al conejo. &#8211; A veces&#8230; s\u00f3lo un segundo -, fue la respuesta del mismo.\u00bb<\/p>\n<p style=\"text-align: justify;\">Muchos de nosotros tratamos de inmortalizar una escena, un momento, un pensamiento, e incluso un sentimiento&#8230; y ese disparo que en un segundo realizamos con nuestras c\u00e1maras, se convierte en un \u00abpara siempre\u00bb.<\/p>\n<p style=\"text-align: justify;\">Era a\u00fan muy peque\u00f1a cuando mi t\u00edo llevaba en una mano un extra\u00f1o aparato parecido a un cron\u00f3metro de cocina y en la otra lo que era un fascinante objeto enroscado en una funda r\u00edgida de piel marr\u00f3n. Aquel fabuloso artilugio result\u00f3 ser una c\u00e1mara de retratar, como dec\u00eda mi t\u00edo, y sacaba unas fotograf\u00edas en blanco y negro donde yo aparec\u00eda d\u00e1ndole de comer a las palomas en el parque. Posteriormente fue mi padre quien nos tuvo de modelos a mi hermana y a mi. Lo recuerdo como algo tedioso, hacer de modelo era lo m\u00e1s pesado del mundo. Nos manten\u00eda hier\u00e1ticas en la misma postura durante eternos minutos, mientras \u00e9l encuadraba, med\u00eda, recompon\u00eda y unas cuatrocientas cosas m\u00e1s a ojo. La parte mejor ven\u00eda despu\u00e9s, cuando me met\u00eda con \u00e9l en el improvisado laboratorio que hab\u00eda dejado casi inutilizado el cuarto de ba\u00f1o peque\u00f1o de casa. La ampliadora, que m\u00e1s parec\u00eda un secador de peluquer\u00eda, los l\u00edquidos en enormes botes naranjas de cristal, la tenue luz roja, las cubetas de varios tama\u00f1os&#8230; todo un ritual que obraba la magia final del nitrato de plata y las im\u00e1genes iban surgiendo. Y aquello que llam\u00e1bamos revelado, era en realidad el positivado. El revelado se produc\u00eda en la oscuridad de un negro bote del que surg\u00eda un rollo de film con unas im\u00e1genes en negativo.<\/p>\n<p style=\"text-align: justify;\">De una forma o de otra, la fotograf\u00eda siempre ha estado presente en mi vida. De la Kodak de bolsillo a la Polaroid, de all\u00ed a la anal\u00f3gica autom\u00e1tica y despu\u00e9s vino la revoluci\u00f3n. Qui\u00e9n iba a decirnos a todos que la fotograf\u00eda iba a dar el salto a la democratizaci\u00f3n de la misma mediante la tecnolog\u00eda. Mi c\u00e1mara compacta, comprada en el a\u00f1o 2005, ha pisado cuatro pa\u00edses diferentes y me ha ense\u00f1ado a empezar a ver las cosas de otra forma. Pero no era suficiente, y cinco a\u00f1os m\u00e1s tarde salt\u00e9 a la r\u00e9flex digital, animada por un par de buenos amigos que algo ya me hab\u00edan ense\u00f1ado tambi\u00e9n en la forma de observar el mundo. No pod\u00eda imaginar c\u00f3mo aquello me abri\u00f3 las puertas de un mundo nuevo. Como una ventana que poco a poco abre sus hojas dejando entrar m\u00e1s y m\u00e1s luz.<\/p>\n<p style=\"text-align: justify;\">Hoy para m\u00ed, la fotograf\u00eda es un lenguaje, un modo de expresi\u00f3n, una forma de vida. Se empieza mirando y se acaba viendo. Se empieza fotografiando aquello que llama nuestra atenci\u00f3n y se acaba utilizando la c\u00e1mara para comunicarse con el mundo. Todos los d\u00edas se aprende algo. No me atrevo a encuadrar mi fotograf\u00eda en ning\u00fan g\u00e9nero en particular, o mejor dicho, podr\u00edan ser muchos. Algunos dicen que mi fotograf\u00eda es de detalles, otros que me apasionan las texturas; ambas cosas son ciertas; pero tambi\u00e9n me gusta observar y fotografiar, por ejemplo, el mar al que tan \u00edntimamente ligados estamos en esta bendita Huelva de luz. Tambi\u00e9n la fotograf\u00eda urbana, en la cual encuentro inspiraci\u00f3n en cada esquina, en cada gesto, en cada detalle. La ciudad es un ente vivo que tambi\u00e9n se comunica constantemente con nosotros.<\/p>\n<p>Actualmente intento partir de una serie de ideas y elaborar posteriormente el escenario que me permita comunicarlas. Adem\u00e1s estoy aprendiendo los matices de la fotograf\u00eda en blanco y negro, la cual me parece dotada de una fuerza incre\u00edble para comunicar. Los retratos siguen siendo mi reto, captar el alma y la esencia que hay dentro de cada uno en una imagen me parece algo infinitamente dif\u00edcil y bello al mismo tiempo. Todo esto, hace a\u00fan m\u00e1s apasionante seguir aprendiendo, continuar ese camino de aprendizaje que tambi\u00e9n lo es la vida misma, y que tambi\u00e9n aparece en mis im\u00e1genes como algo misterioso, desconocido y por recorrer.<\/p>\n<p>Referentes para m\u00ed son muchos, aunque si tengo que nombrar a alguno me quedar\u00eda con Robert Capa, Doisneau y Cartier-Bresson.<\/p>\n<p><a href=\"https:\/\/www.huelvaysusfotografos.com\/wp-content\/uploads\/2015\/02\/El-u00E1ngel-cau00EDdo-2.jpg\"><img loading=\"lazy\" decoding=\"async\" width=\"300\" height=\"199\" class=\"aligncenter size-medium wp-image-4064\" src=\"https:\/\/www.huelvaysusfotografos.com\/wp-content\/uploads\/2015\/02\/El-u00E1ngel-cau00EDdo-2-300x199.jpg\" alt=\"El u00E1ngel cau00EDdo-2\" srcset=\"https:\/\/www.huelvaysusfotografos.com\/wp-content\/uploads\/2015\/02\/El-u00E1ngel-cau00EDdo-2-300x199.jpg 300w, https:\/\/www.huelvaysusfotografos.com\/wp-content\/uploads\/2015\/02\/El-u00E1ngel-cau00EDdo-2-1024x680.jpg 1024w, https:\/\/www.huelvaysusfotografos.com\/wp-content\/uploads\/2015\/02\/El-u00E1ngel-cau00EDdo-2-768x510.jpg 768w, https:\/\/www.huelvaysusfotografos.com\/wp-content\/uploads\/2015\/02\/El-u00E1ngel-cau00EDdo-2-1536x1020.jpg 1536w, https:\/\/www.huelvaysusfotografos.com\/wp-content\/uploads\/2015\/02\/El-u00E1ngel-cau00EDdo-2-2048x1360.jpg 2048w, https:\/\/www.huelvaysusfotografos.com\/wp-content\/uploads\/2015\/02\/El-u00E1ngel-cau00EDdo-2-120x80.jpg 120w\" sizes=\"auto, (max-width: 300px) 100vw, 300px\" \/><\/a><\/p>\n<p><a href=\"https:\/\/www.huelvaysusfotografos.com\/wp-content\/uploads\/2015\/02\/La-vita-e-bella.jpg\"><img loading=\"lazy\" decoding=\"async\" width=\"300\" height=\"199\" class=\"aligncenter size-medium wp-image-4065\" src=\"https:\/\/www.huelvaysusfotografos.com\/wp-content\/uploads\/2015\/02\/La-vita-e-bella-300x199.jpg\" alt=\"La vita e bella\" srcset=\"https:\/\/www.huelvaysusfotografos.com\/wp-content\/uploads\/2015\/02\/La-vita-e-bella-300x199.jpg 300w, https:\/\/www.huelvaysusfotografos.com\/wp-content\/uploads\/2015\/02\/La-vita-e-bella-1024x680.jpg 1024w, https:\/\/www.huelvaysusfotografos.com\/wp-content\/uploads\/2015\/02\/La-vita-e-bella-768x510.jpg 768w, https:\/\/www.huelvaysusfotografos.com\/wp-content\/uploads\/2015\/02\/La-vita-e-bella-1536x1020.jpg 1536w, https:\/\/www.huelvaysusfotografos.com\/wp-content\/uploads\/2015\/02\/La-vita-e-bella-2048x1360.jpg 2048w, https:\/\/www.huelvaysusfotografos.com\/wp-content\/uploads\/2015\/02\/La-vita-e-bella-120x80.jpg 120w\" sizes=\"auto, (max-width: 300px) 100vw, 300px\" \/><\/a><\/p>\n<p>&nbsp;<\/p>\n<p>Desde que te conocemos has evolucionado mucho. Tus fotos tienen un encanto especial. Sigue as\u00ed.<\/p>\n<p>&nbsp;<\/p>\n","protected":false},"excerpt":{"rendered":"<p>Aqu\u00ed de nuevo\u00a0presentando a una de nuestras socias, en esta ocasi\u00f3n en solitario. Alicia Clerencia tiene una forma muy personal y definida de hacer sus tomas. Es una incansable de la fotograf\u00eda y se le puede seguir tanto en Facebook (https:\/\/www.facebook.com\/alicia.clerencia?fref=ts), como en Flickr (https:\/\/www.flickr.com\/photos\/aliciaclerencia\/) &#8230; al menos que conozcamos. Ella ser presenta as\u00ed ante nuestra asociaci\u00f3n&#8230; ALICIA CLERENCIA &nbsp; \u00ab\u00bfCu\u00e1nto tiempo es para siempre?, pregunt\u00f3 Alicia al conejo. &#8211;<\/p>\n<div class=\"belowpost\"><a class=\"btnmore\" href=\"https:\/\/www.huelvaysusfotografos.com\/?p=4060\">Seguir leyendo<\/a><\/div>\n","protected":false},"author":41,"featured_media":4063,"comment_status":"open","ping_status":"open","sticky":false,"template":"","format":"standard","meta":{"footnotes":"","_links_to":"","_links_to_target":""},"categories":[5],"tags":[],"class_list":["post-4060","post","type-post","status-publish","format-standard","has-post-thumbnail","hentry","category-socios"],"_links":{"self":[{"href":"https:\/\/www.huelvaysusfotografos.com\/index.php?rest_route=\/wp\/v2\/posts\/4060","targetHints":{"allow":["GET"]}}],"collection":[{"href":"https:\/\/www.huelvaysusfotografos.com\/index.php?rest_route=\/wp\/v2\/posts"}],"about":[{"href":"https:\/\/www.huelvaysusfotografos.com\/index.php?rest_route=\/wp\/v2\/types\/post"}],"author":[{"embeddable":true,"href":"https:\/\/www.huelvaysusfotografos.com\/index.php?rest_route=\/wp\/v2\/users\/41"}],"replies":[{"embeddable":true,"href":"https:\/\/www.huelvaysusfotografos.com\/index.php?rest_route=%2Fwp%2Fv2%2Fcomments&post=4060"}],"version-history":[{"count":9,"href":"https:\/\/www.huelvaysusfotografos.com\/index.php?rest_route=\/wp\/v2\/posts\/4060\/revisions"}],"predecessor-version":[{"id":4269,"href":"https:\/\/www.huelvaysusfotografos.com\/index.php?rest_route=\/wp\/v2\/posts\/4060\/revisions\/4269"}],"wp:featuredmedia":[{"embeddable":true,"href":"https:\/\/www.huelvaysusfotografos.com\/index.php?rest_route=\/wp\/v2\/media\/4063"}],"wp:attachment":[{"href":"https:\/\/www.huelvaysusfotografos.com\/index.php?rest_route=%2Fwp%2Fv2%2Fmedia&parent=4060"}],"wp:term":[{"taxonomy":"category","embeddable":true,"href":"https:\/\/www.huelvaysusfotografos.com\/index.php?rest_route=%2Fwp%2Fv2%2Fcategories&post=4060"},{"taxonomy":"post_tag","embeddable":true,"href":"https:\/\/www.huelvaysusfotografos.com\/index.php?rest_route=%2Fwp%2Fv2%2Ftags&post=4060"}],"curies":[{"name":"wp","href":"https:\/\/api.w.org\/{rel}","templated":true}]}}