{"id":4054,"date":"2015-02-03T18:37:23","date_gmt":"2015-02-03T17:37:23","guid":{"rendered":"http:\/\/www.huelvaysusfotografos.com\/?p=4054"},"modified":"2015-02-03T18:38:06","modified_gmt":"2015-02-03T17:38:06","slug":"alejandro-jimenez-con-marismeando-en-nuestra-tertulia","status":"publish","type":"post","link":"https:\/\/www.huelvaysusfotografos.com\/?p=4054","title":{"rendered":"Alejandro Jim\u00e9nez con \u00abMarismeando\u00bb, en nuestra Tertulia"},"content":{"rendered":"<p style=\"text-align: justify;\">Tras una necesaria pausa en la actividad de cualquier grupo &#8211;<em>aunque no estamos del todo parados, ya que estamos preparando alguna que otra quedada, continuamos con nuestros concursos quincenales y mensuales en Flickr, y \u00a0no paramos de compartir informaci\u00f3n en las redes sociales sobre concursos, formaci\u00f3n, encuentros, tutoriales y todo lo que nos parece puede ser de inter\u00e9s\u00a0para nuestros socios y seguidores de Facebook<\/em>-, retomamos la actividad con una interesante tem\u00e1tica y un tertuliano de categor\u00eda, un gran\u00a0\u00a0profesional de la fotograf\u00eda de Naturaleza del que pod\u00e9is saber m\u00e1s si os sum\u00e1is a esta cita.<\/p>\n<p style=\"text-align: justify;\">Como es habitual, el primer jueves del mes, en este caso el 5 de febrero a las 19:00 horas, y bajo el t\u00edtulo de \u00abMarismeando\u00bb contaremos con la inestimable participaci\u00f3n y presencia de Alejandro Jim\u00e9nez Garrido, \u00abAjejiga\u00bb para los amigos, que nos hablar\u00e1 de Fotograf\u00eda de Naturaleza y de su experiencia en este campo.<\/p>\n<p style=\"text-align: justify;\">Si quer\u00e9is ahondar algo m\u00e1s por su trayectoria, pod\u00e9is leer un reportaje que \u00abHuelva \u00a0Buenas Noticia\u00bb\u00a0public\u00f3 \u00a0en 2013 sobre su trabajo, s\u00f3lo ten\u00e9is que hacer click en este enlace:\u00a0<a href=\"http:\/\/huelvabuenasnoticias.com\/2013\/11\/13\/el-fotografo-onubense-alejandro-jimenez-difunde-la-riqueza-natural-de-huelva-en-la-revista-national-geografic\/\">http:\/\/huelvabuenasnoticias.com\/2013\/11\/13\/el-fotografo-onubense-alejandro-jimenez-difunde-la-riqueza-natural-de-huelva-en-la-revista-national-geografic\/<\/a><\/p>\n<p style=\"text-align: justify;\">Su pr\u00f3ximo\u00a0proyecto\u00a0expositivo se titula \u00abEntre dos aguas\u00bb, una colecci\u00f3n de fotograf\u00edas de aves que expondr\u00e1, junto a su colega Francisco Viruez en Sevilla (La Dehesa de Abajo) a partir del d\u00eda 7 de febrero, pod\u00e9is informados en este enlace:\u00a0<a href=\"http:\/\/www.alejiga.com\/entre-dos-aguas\/\">http:\/\/www.alejiga.com\/entre-dos-aguas\/\u00a0<\/a><\/p>\n<p style=\"text-align: justify;\"><span style=\"color: #141823;\">Pero te aconsejamos no dejar pasar esta oportunidad del jueves 5 de febrero en el Estudio de Dulfi-Photography, situado en la Calle Marina 19, de Huelva.<\/span><\/p>\n<p style=\"text-align: justify;\">Est\u00e1s invitado\/a!!<\/p>\n","protected":false},"excerpt":{"rendered":"<p>Tras una necesaria pausa en la actividad de cualquier grupo &#8211;aunque no estamos del todo parados, ya que estamos preparando alguna que otra quedada, continuamos con nuestros concursos quincenales y mensuales en Flickr, y \u00a0no paramos de compartir informaci\u00f3n en las redes sociales sobre concursos, formaci\u00f3n, encuentros, tutoriales y todo lo que nos parece puede ser de inter\u00e9s\u00a0para nuestros socios y seguidores de Facebook-, retomamos la actividad con una interesante<\/p>\n<div class=\"belowpost\"><a class=\"btnmore\" href=\"https:\/\/www.huelvaysusfotografos.com\/?p=4054\">Seguir leyendo<\/a><\/div>\n","protected":false},"author":41,"featured_media":4055,"comment_status":"open","ping_status":"open","sticky":false,"template":"","format":"standard","meta":{"footnotes":"","_links_to":"","_links_to_target":""},"categories":[32],"tags":[],"class_list":["post-4054","post","type-post","status-publish","format-standard","has-post-thumbnail","hentry","category-tertulias"],"_links":{"self":[{"href":"https:\/\/www.huelvaysusfotografos.com\/index.php?rest_route=\/wp\/v2\/posts\/4054","targetHints":{"allow":["GET"]}}],"collection":[{"href":"https:\/\/www.huelvaysusfotografos.com\/index.php?rest_route=\/wp\/v2\/posts"}],"about":[{"href":"https:\/\/www.huelvaysusfotografos.com\/index.php?rest_route=\/wp\/v2\/types\/post"}],"author":[{"embeddable":true,"href":"https:\/\/www.huelvaysusfotografos.com\/index.php?rest_route=\/wp\/v2\/users\/41"}],"replies":[{"embeddable":true,"href":"https:\/\/www.huelvaysusfotografos.com\/index.php?rest_route=%2Fwp%2Fv2%2Fcomments&post=4054"}],"version-history":[{"count":4,"href":"https:\/\/www.huelvaysusfotografos.com\/index.php?rest_route=\/wp\/v2\/posts\/4054\/revisions"}],"predecessor-version":[{"id":4059,"href":"https:\/\/www.huelvaysusfotografos.com\/index.php?rest_route=\/wp\/v2\/posts\/4054\/revisions\/4059"}],"wp:featuredmedia":[{"embeddable":true,"href":"https:\/\/www.huelvaysusfotografos.com\/index.php?rest_route=\/wp\/v2\/media\/4055"}],"wp:attachment":[{"href":"https:\/\/www.huelvaysusfotografos.com\/index.php?rest_route=%2Fwp%2Fv2%2Fmedia&parent=4054"}],"wp:term":[{"taxonomy":"category","embeddable":true,"href":"https:\/\/www.huelvaysusfotografos.com\/index.php?rest_route=%2Fwp%2Fv2%2Fcategories&post=4054"},{"taxonomy":"post_tag","embeddable":true,"href":"https:\/\/www.huelvaysusfotografos.com\/index.php?rest_route=%2Fwp%2Fv2%2Ftags&post=4054"}],"curies":[{"name":"wp","href":"https:\/\/api.w.org\/{rel}","templated":true}]}}